{"id":48692,"global_id":"blog.londrina.pr.gov.br?id=48692","global_id_lineage":["blog.londrina.pr.gov.br?id=48692"],"author":"112","status":"publish","date":"2019-03-11 14:04:30","date_utc":"2019-03-11 17:04:30","modified":"2019-03-11 14:04:30","modified_utc":"2019-03-11 17:04:30","url":"https:\/\/blog.londrina.pr.gov.br\/?tribe_events=espetaculo-cabare-das-muie","rest_url":"https:\/\/blog.londrina.pr.gov.br\/index.php?rest_route=\/tribe\/events\/v1\/events\/48692","title":"Espet\u00e1culo Cabar\u00e9 Das Mui\u00e9","description":"<p>Em busca da valoriza\u00e7\u00e3o da palha\u00e7a e da comicidade feminina, o Sindicato de Palha\u00e7as e Palha\u00e7os de Londrina tem a alegria de apresentar, dentro da programa\u00e7\u00e3o do Mar\u00e7o das Palha\u00e7as, o II Cabar\u00e9 das Mui\u00e9. Um Cabar\u00e9 feito 100% por palha\u00e7as de Londrina!<\/p>\n<p>\u00e7ioIndica\u00e7\u00e3o Livre<br \/>\nContribui\u00e7\u00e3o no Chap\u00e9u<\/p>","excerpt":"","slug":"espetaculo-cabare-das-muie","image":false,"all_day":false,"start_date":"2019-03-31 19:00:00","start_date_details":{"year":"2019","month":"03","day":"31","hour":"19","minutes":"00","seconds":"00"},"end_date":"2019-03-31 21:30:00","end_date_details":{"year":"2019","month":"03","day":"31","hour":"21","minutes":"30","seconds":"00"},"utc_start_date":"2019-03-31 22:00:00","utc_start_date_details":{"year":"2019","month":"03","day":"31","hour":"22","minutes":"00","seconds":"00"},"utc_end_date":"2019-04-01 00:30:00","utc_end_date_details":{"year":"2019","month":"04","day":"01","hour":"00","minutes":"30","seconds":"00"},"timezone":"America\/Sao_Paulo","timezone_abbr":"-03","cost":"Livre","cost_details":{"currency_symbol":"","currency_position":"prefix","values":["0"]},"website":"","show_map":true,"show_map_link":true,"hide_from_listings":false,"sticky":false,"featured":false,"categories":[{"name":"Cultura","slug":"cultura","term_group":0,"term_taxonomy_id":699,"taxonomy":"tribe_events_cat","description":"","parent":0,"count":123,"filter":"raw","id":699,"urls":{"self":"https:\/\/blog.londrina.pr.gov.br\/index.php?rest_route=\/tribe\/events\/v1\/categories\/699","collection":"https:\/\/blog.londrina.pr.gov.br\/index.php?rest_route=\/tribe\/events\/v1\/categories"}}],"tags":[{"name":"palha\u00e7os","slug":"palhacos","term_group":0,"term_taxonomy_id":744,"taxonomy":"post_tag","description":"","parent":0,"count":17,"filter":"raw","id":744,"urls":{"self":"https:\/\/blog.londrina.pr.gov.br\/index.php?rest_route=\/tribe\/events\/v1\/tags\/744","collection":"https:\/\/blog.londrina.pr.gov.br\/index.php?rest_route=\/tribe\/events\/v1\/tags"}},{"name":"teatro","slug":"teatro","term_group":0,"term_taxonomy_id":43,"taxonomy":"post_tag","description":"","parent":0,"count":184,"filter":"raw","id":43,"urls":{"self":"https:\/\/blog.londrina.pr.gov.br\/index.php?rest_route=\/tribe\/events\/v1\/tags\/43","collection":"https:\/\/blog.londrina.pr.gov.br\/index.php?rest_route=\/tribe\/events\/v1\/tags"}}],"venue":{"id":48683,"author":"112","status":"publish","date":"2019-03-08 17:59:02","date_utc":"2019-03-08 20:59:02","modified":"2019-03-08 17:59:02","modified_utc":"2019-03-08 20:59:02","url":"https:\/\/blog.londrina.pr.gov.br\/?tribe_venue=vila-triole-cultural","venue":"Vila Triol\u00e9 Cultural","slug":"vila-triole-cultural","address":"Rua Etiene Lenoir, 155","city":"Londrina","country":"Brazil","province":"PR","zip":"86063-380","website":"http:\/\/triolecultural.blogspot.com\/","stateprovince":"PR","json_ld":{"@type":"Place","name":"Vila Triol\u00e9 Cultural","description":"","url":"https:\/\/blog.londrina.pr.gov.br\/?tribe_venue=vila-triole-cultural","address":{"@type":"PostalAddress","streetAddress":"Rua Etiene Lenoir, 155","addressLocality":"Londrina","addressRegion":"PR","postalCode":"86063-380","addressCountry":"Brazil"},"telephone":"","sameAs":"http:\/\/triolecultural.blogspot.com\/"},"show_map":true,"show_map_link":true,"global_id":"blog.londrina.pr.gov.br?id=48683","global_id_lineage":["blog.londrina.pr.gov.br?id=48683"]},"organizer":[{"id":48694,"author":"112","status":"publish","date":"2019-03-11 14:04:30","date_utc":"2019-03-11 17:04:30","modified":"2019-03-11 14:04:30","modified_utc":"2019-03-11 17:04:30","url":"https:\/\/blog.londrina.pr.gov.br\/?tribe_organizer=sindicato-de-palhacas-e-palhacos-de-londrina","organizer":"Sindicato de Palha\u00e7as e Palha\u00e7os de Londrina","slug":"sindicato-de-palhacas-e-palhacos-de-londrina","website":"https:\/\/www.facebook.com\/palhacoslondrinasindicato\/","json_ld":{"@type":"Person","name":"Sindicato de Palha\u00e7as e Palha\u00e7os de Londrina","description":"","url":"https:\/\/blog.londrina.pr.gov.br\/?tribe_organizer=sindicato-de-palhacas-e-palhacos-de-londrina","telephone":"","email":"","sameAs":"https:\/\/www.facebook.com\/palhacoslondrinasindicato\/"},"global_id":"blog.londrina.pr.gov.br?id=48694","global_id_lineage":["blog.londrina.pr.gov.br?id=48694"]}],"json_ld":{"@context":"http:\/\/schema.org","@type":"Event","name":"Espet\u00e1culo Cabar\u00e9 Das Mui\u00e9","description":"&lt;p&gt;Em busca da valoriza\u00e7\u00e3o da palha\u00e7a e da comicidade feminina, o Sindicato de Palha\u00e7as e Palha\u00e7os de Londrina tem a alegria de apresentar, dentro da programa\u00e7\u00e3o do Mar\u00e7o das Palha\u00e7as, o II Cabar\u00e9 das Mui\u00e9. Um Cabar\u00e9 feito 100% por palha\u00e7as de Londrina! \u00e7ioIndica\u00e7\u00e3o Livre Contribui\u00e7\u00e3o no Chap\u00e9u&lt;\/p&gt;\\n","url":"https:\/\/blog.londrina.pr.gov.br\/?tribe_events=espetaculo-cabare-das-muie","startDate":"2019-03-31T19:00:00-03:00","endDate":"2019-03-31T21:30:00-03:00","location":{"@type":"Place","name":"Vila Triol\u00e9 Cultural","description":"","url":"https:\/\/blog.londrina.pr.gov.br\/?tribe_venue=vila-triole-cultural","address":{"@type":"PostalAddress","streetAddress":"Rua Etiene Lenoir, 155","addressLocality":"Londrina","addressRegion":"PR","postalCode":"86063-380","addressCountry":"Brazil"},"telephone":"","sameAs":"http:\/\/triolecultural.blogspot.com\/"},"organizer":{"@type":"Person","name":"Sindicato de Palha\u00e7as e Palha\u00e7os de Londrina","description":"","url":"https:\/\/blog.londrina.pr.gov.br\/?tribe_organizer=sindicato-de-palhacas-e-palhacos-de-londrina","telephone":"","email":"","sameAs":"https:\/\/www.facebook.com\/palhacoslondrinasindicato\/"},"offers":{"@type":"Offer","price":"0","priceCurrency":"USD","url":"https:\/\/blog.londrina.pr.gov.br\/?tribe_events=espetaculo-cabare-das-muie","category":"primary","availability":"inStock","validFrom":"1970-01-01T00:00:00+00:00"},"performer":"Organization"}}