{"id":48749,"global_id":"blog.londrina.pr.gov.br?id=48749","global_id_lineage":["blog.londrina.pr.gov.br?id=48749"],"author":"116","status":"publish","date":"2019-03-11 17:09:28","date_utc":"2019-03-11 20:09:28","modified":"2019-03-11 17:15:44","modified_utc":"2019-03-11 20:15:44","url":"https:\/\/blog.londrina.pr.gov.br\/?tribe_events=exposicao-multiplo-leminski&eventDate=2019-03-15","rest_url":"https:\/\/blog.londrina.pr.gov.br\/index.php?rest_route=\/tribe\/events\/v1\/events\/48749","title":"Exposi\u00e7\u00e3o M\u00faltiplo Leminski","description":"<p><strong>M\u00faltiplas faces de Paulo Leminski s\u00e3o retratadas em exposi\u00e7\u00e3o <\/strong><\/p>\n<p>A partir do dia 15 de mar\u00e7o, o Museu Hist\u00f3rico de Londrina vai receber a exposi\u00e7\u00e3o M\u00faltiplo Leminski, que mergulha no universo plurifacetado da vida e obra do poeta paranaense Paulo Leminski. Por meio deste tributo, o p\u00fablico poder\u00e1 conhecer e sentir mais de perto a atmosfera cultural que emoldura a trajet\u00f3ria do escritor, m\u00fasico, compositor, tradutor, ensa\u00edsta, cr\u00edtico liter\u00e1rio e professor.<\/p>\n<p>No ano o artista completaria 75 anos. A mostra \u00e9 resultado de ampla pesquisa e cataloga\u00e7\u00e3o da produ\u00e7\u00e3o do autor, reunindo mais de mil objetos pessoais que v\u00e3o de poesias rascunhadas em guardanapos, quadros, a cole\u00e7\u00e3o de dicion\u00e1rios, entre outras curiosidades. A exposi\u00e7\u00e3o fica aberta at\u00e9 30 de junho, na Rua Benjamin Constant, 900, centro. Ainda ser\u00e3o feitas atividades paralelas durante o per\u00edodo expositivo, quando o p\u00fablico ter\u00e1 a chance de participar de uma s\u00e9rie de a\u00e7\u00f5es, incluindo mostra de filmes, show, palestra, visitas guiadas com Alice Ruiz e Estrela Ruiz Leminski, entre outras a\u00e7\u00f5es.<\/p>\n<p>O\u00a0projeto foi aprovado no Programa Estadual de Fomento e Incentivo \u00e0 Cultura (PROFICE), da Secretaria de Estado da Cultura, do Governo do Paran\u00e1, e tem apoio da Copel, da Prefeitura de Londrina, por meio da Secretaria Municipal de Cultura, e da Universidade Estadual de Londrina (UEL).<\/p>\n<p>Dividida em diversos espa\u00e7os c\u00eanicos e instala\u00e7\u00f5es que pretendem revelar a multiplicidade do artista, a exposi\u00e7\u00e3o do Museu Hist\u00f3rico apresenta aos londrinenses, ainda, uma galeria de grafites produzidos nas edi\u00e7\u00f5es anteriores, al\u00e9m de uma nova obra assinada por artistas locais.<\/p>\n<p>O trabalho j\u00e1 passou por Curitiba, Foz do Igua\u00e7u, Goi\u00e2nia, Recife, Fortaleza, Salvador, S\u00e3o Paulo, Rio de Janeiro e Maring\u00e1. \u201cA obra de Leminski \u00e9 atemporal e continua conversando com os diversos p\u00fablicos e a cada edi\u00e7\u00e3o vamos redescobrindo e ressignificando certos aspectos&#8221;, revelou Aurea Leminski, filha do escritor e uma das curadoras da exposi\u00e7\u00e3o.<\/p>\n<p><strong>\u00a0<\/strong><strong>Exposi\u00e7\u00e3o M\u00faltiplo Leminski Londrina<\/strong><\/p>\n<p>De 15\/03 a 30\/06\/2019<\/p>\n<p>De ter\u00e7a a sexta-feira, das 9h \u00e0s 11h30 e das 14h30 \u00e0s 17h30<br \/>\nS\u00e1bados, das 9h \u00e0s 11h30 e das 13h30 \u00e0s 17h<br \/>\nDomingos, das 13h30 \u00e0s 17h<\/p>\n<p>Local: Museu Hist\u00f3rico de Londrina &#8211; Rua Benjamin Constant, 900 &#8211; Centro<\/p>\n<p><a href=\"http:\/\/www.multiploleminski.com.br\">www.multiploleminski.com.br<\/a><\/p>\n<p><strong><u>Atividades Paralelas<\/u><\/strong><\/p>\n<p><strong><u>Visitas Guiadas<\/u><\/strong><strong>\u00a0\u00a0<\/strong><\/p>\n<p>15\/03\/2019 \u00e0s 10h30 com Estrela Ruiz Leminski<\/p>\n<p>11\/05\/2019, \u00e0s 15h, com Alice Ruiz<\/p>\n<p>Local: Museu Hist\u00f3rico de Londrina &#8211; Rua Benjamin Constant, 900 &#8211; Centro<\/p>\n<p><strong><u>Mostra audiovisual<\/u><\/strong><\/p>\n<p>Datas das sess\u00f5es:<\/p>\n<p>23\/03 e 24\/03<\/p>\n<p>06\/04 e 07\/04<\/p>\n<p>27\/04\u00a0e 28\/04<\/p>\n<p>18\/05\u00a0e 19\/05<\/p>\n<p>25\/05\u00a0e 26\/05<\/p>\n<p>08\/06\u00a0e 09\/06<\/p>\n<p>22\/06\u00a0e\u00a023\/06<\/p>\n<p>S\u00e1bados e domingos, \u00e0s 16h<\/p>\n<p>Local: Museu Hist\u00f3rico de Londrina &#8211; Rua Benjamin Constant, 900 &#8211; Centro<\/p>\n<p><strong><u>Palestra<\/u><\/strong><\/p>\n<p><em>Leminski: roteiro de uma vida e obra, <\/em>com o escritor Rodrigo Garcia Lopes<\/p>\n<p>24\/04\/2019, \u00e0s 19h30<\/p>\n<p>Local:\u00a0Anfiteatro Maior do\u00a0CCH\u00a0(UEL)<\/p>\n<p><strong><u>Show\u00a0Leminskan\u00e7\u00f5es\u00a0com participa\u00e7\u00e3o especial de Carlos\u00a0Careqa<\/u><\/strong><\/p>\n<p>11\/05\/2019, \u00e0s 20h<\/p>\n<p>Local: Teatro Ouro Verde (a confirmar)<\/p>\n<p><strong><u>Trovadores do Mioc\u00e1rdio &#8211; Performance e declama\u00e7\u00f5es de poesia<\/u><\/strong><\/p>\n<p>29\/06\/2019, \u00e0s 21h<\/p>\n<p>Local: Vila Cultural Cemit\u00e9rio de Autom\u00f3veis &#8211; Av. Artur Thomas, 342 &#8211; Rodocentro<\/p>\n<p><strong>Texto: Renan Oliveira com informa\u00e7\u00f5es da assessoria de imprensa<\/strong><\/p>","excerpt":"","slug":"exposicao-multiplo-leminski","image":false,"all_day":false,"start_date":"2019-03-15 09:00:00","start_date_details":{"year":"2019","month":"03","day":"15","hour":"09","minutes":"00","seconds":"00"},"end_date":"2019-06-30 22:00:00","end_date_details":{"year":"2019","month":"06","day":"30","hour":"22","minutes":"00","seconds":"00"},"utc_start_date":"2019-03-15 12:00:00","utc_start_date_details":{"year":"2019","month":"03","day":"15","hour":"12","minutes":"00","seconds":"00"},"utc_end_date":"2019-07-01 01:00:00","utc_end_date_details":{"year":"2019","month":"07","day":"01","hour":"01","minutes":"00","seconds":"00"},"timezone":"America\/Sao_Paulo","timezone_abbr":"-03","cost":"Livre","cost_details":{"currency_symbol":"","currency_position":"prefix","values":["0"]},"website":"https:\/\/pt-br.facebook.com\/multiploleminski\/","show_map":true,"show_map_link":true,"hide_from_listings":false,"sticky":false,"featured":false,"categories":[{"name":"Cultura","slug":"cultura","term_group":0,"term_taxonomy_id":699,"taxonomy":"tribe_events_cat","description":"","parent":0,"count":123,"filter":"raw","id":699,"urls":{"self":"https:\/\/blog.londrina.pr.gov.br\/index.php?rest_route=\/tribe\/events\/v1\/categories\/699","collection":"https:\/\/blog.londrina.pr.gov.br\/index.php?rest_route=\/tribe\/events\/v1\/categories"}}],"tags":[{"name":"exposi\u00e7\u00e3o","slug":"exposicao","term_group":0,"term_taxonomy_id":771,"taxonomy":"post_tag","description":"","parent":0,"count":117,"filter":"raw","id":771,"urls":{"self":"https:\/\/blog.londrina.pr.gov.br\/index.php?rest_route=\/tribe\/events\/v1\/tags\/771","collection":"https:\/\/blog.londrina.pr.gov.br\/index.php?rest_route=\/tribe\/events\/v1\/tags"}},{"name":"museu hist\u00f3rico","slug":"museu-historico","term_group":0,"term_taxonomy_id":770,"taxonomy":"post_tag","description":"","parent":0,"count":19,"filter":"raw","id":770,"urls":{"self":"https:\/\/blog.londrina.pr.gov.br\/index.php?rest_route=\/tribe\/events\/v1\/tags\/770","collection":"https:\/\/blog.londrina.pr.gov.br\/index.php?rest_route=\/tribe\/events\/v1\/tags"}},{"name":"Paulo Leminski","slug":"paulo-leminski","term_group":0,"term_taxonomy_id":769,"taxonomy":"post_tag","description":"","parent":0,"count":7,"filter":"raw","id":769,"urls":{"self":"https:\/\/blog.londrina.pr.gov.br\/index.php?rest_route=\/tribe\/events\/v1\/tags\/769","collection":"https:\/\/blog.londrina.pr.gov.br\/index.php?rest_route=\/tribe\/events\/v1\/tags"}}],"venue":{"id":48756,"author":"116","status":"publish","date":"2019-03-11 17:09:28","date_utc":"2019-03-11 20:09:28","modified":"2019-03-11 17:09:28","modified_utc":"2019-03-11 20:09:28","url":"https:\/\/blog.londrina.pr.gov.br\/?tribe_venue=museu-historico-de-londrina","venue":"Museu Hist\u00f3rico de Londrina","slug":"museu-historico-de-londrina","address":"Rua Benjamin Constant, 900","city":"Londrina","country":"Brazil","province":"PR","zip":"86010350","website":"http:\/\/www.uel.br\/museu\/","stateprovince":"PR","json_ld":{"@type":"Place","name":"Museu Hist\u00f3rico de Londrina","description":"","url":"https:\/\/blog.londrina.pr.gov.br\/?tribe_venue=museu-historico-de-londrina","address":{"@type":"PostalAddress","streetAddress":"Rua Benjamin Constant, 900","addressLocality":"Londrina","addressRegion":"PR","postalCode":"86010350","addressCountry":"Brazil"},"telephone":"","sameAs":"http:\/\/www.uel.br\/museu\/"},"show_map":true,"show_map_link":true,"global_id":"blog.londrina.pr.gov.br?id=48756","global_id_lineage":["blog.londrina.pr.gov.br?id=48756"]},"organizer":[],"json_ld":{"@context":"http:\/\/schema.org","@type":"Event","name":"Exposi\u00e7\u00e3o M\u00faltiplo Leminski","description":"&lt;p&gt;M\u00faltiplas faces de Paulo Leminski s\u00e3o retratadas em exposi\u00e7\u00e3o A partir do dia 15 de mar\u00e7o, o Museu Hist\u00f3rico de Londrina vai receber a exposi\u00e7\u00e3o M\u00faltiplo Leminski, que mergulha no universo plurifacetado da vida e obra do poeta paranaense Paulo Leminski. Por meio deste tributo, o p\u00fablico poder\u00e1 conhecer e sentir mais de perto a &hellip;&lt;\/p&gt;\\n","url":"https:\/\/blog.londrina.pr.gov.br\/?tribe_events=exposicao-multiplo-leminski&eventDate=2019-03-15","startDate":"2019-03-15T09:00:00-03:00","endDate":"2019-06-30T22:00:00-03:00","location":{"@type":"Place","name":"Museu Hist\u00f3rico de Londrina","description":"","url":"https:\/\/blog.londrina.pr.gov.br\/?tribe_venue=museu-historico-de-londrina","address":{"@type":"PostalAddress","streetAddress":"Rua Benjamin Constant, 900","addressLocality":"Londrina","addressRegion":"PR","postalCode":"86010350","addressCountry":"Brazil"},"telephone":"","sameAs":"http:\/\/www.uel.br\/museu\/"},"offers":{"@type":"Offer","price":"0","priceCurrency":"USD","url":"https:\/\/blog.londrina.pr.gov.br\/?tribe_events=exposicao-multiplo-leminski&eventDate=2019-03-15","category":"primary","availability":"inStock","validFrom":"1970-01-01T00:00:00+00:00"},"performer":"Organization"}}