{"id":48913,"global_id":"blog.londrina.pr.gov.br?id=48913","global_id_lineage":["blog.londrina.pr.gov.br?id=48913"],"author":"115","status":"publish","date":"2019-03-12 18:05:32","date_utc":"2019-03-12 21:05:32","modified":"2019-03-12 18:05:32","modified_utc":"2019-03-12 21:05:32","url":"https:\/\/blog.londrina.pr.gov.br\/?tribe_events=oficinas-integradas-de-criatividade","rest_url":"https:\/\/blog.londrina.pr.gov.br\/index.php?rest_route=\/tribe\/events\/v1\/events\/48913","title":"Oficinas Integradas de Criatividade","description":"<p>O projeto Encanta\u00e7\u00e3o II oferece as Oficinas Integradas de Criatividade. A iniciativa integra a programa\u00e7\u00e3o especial para recep\u00e7\u00e3o dos calouros da Universidade Estadual de Londrina (UEL), e est\u00e1 com inscri\u00e7\u00f5es abertas para a comunidade em geral.<\/p>\n<p>Ser\u00e3o oferecidas, no total, cinco oficinas, todas com o tema Diversidade: M\u00fasica\/percuss\u00e3o, Express\u00e3o corporal, Adere\u00e7o e fantasia, Cenografia\/Ambienta\u00e7\u00e3o, e Documenta\u00e7\u00e3o e registro. A taxa de inscri\u00e7\u00e3o para uma oficina \u00e9 R$15, para duas, R$25 e, para participar de tr\u00eas oficinas, R$35.<\/p>\n<p>Ap\u00f3s os tr\u00eas dias de curso, realizados na UEL e na Vila Cultural Cemit\u00e9rio de Autom\u00f3veis, a culmin\u00e2ncia inclui um cortejo no s\u00e1bado (16), partindo do Cemit\u00e9rio de Autom\u00f3veis, onde tamb\u00e9m haver\u00e1 uma festa de encerramento.<\/p>\n<p>O projeto Encanta\u00e7\u00e3o II e a Vila Cultural Cemit\u00e9rio de Autom\u00f3veis contam com patroc\u00ednio da Prefeitura de Londrina, atrav\u00e9s do Programa Municipal de Incentivo \u00e0 Cultura (Promic).<\/p>","excerpt":"","slug":"oficinas-integradas-de-criatividade","image":false,"all_day":true,"start_date":"2019-03-13 00:00:00","start_date_details":{"year":"2019","month":"03","day":"13","hour":"00","minutes":"00","seconds":"00"},"end_date":"2019-03-15 23:59:59","end_date_details":{"year":"2019","month":"03","day":"15","hour":"23","minutes":"59","seconds":"59"},"utc_start_date":"2019-03-13 03:00:00","utc_start_date_details":{"year":"2019","month":"03","day":"13","hour":"03","minutes":"00","seconds":"00"},"utc_end_date":"2019-03-16 02:59:59","utc_end_date_details":{"year":"2019","month":"03","day":"16","hour":"02","minutes":"59","seconds":"59"},"timezone":"America\/Sao_Paulo","timezone_abbr":"-03","cost":"R$15","cost_details":{"currency_symbol":"R$","currency_position":"prefix","values":["15"]},"website":"https:\/\/www.facebook.com\/events\/258230408403620\/","show_map":true,"show_map_link":true,"hide_from_listings":false,"sticky":false,"featured":false,"categories":[{"name":"Cultura","slug":"cultura","term_group":0,"term_taxonomy_id":699,"taxonomy":"tribe_events_cat","description":"","parent":0,"count":123,"filter":"raw","id":699,"urls":{"self":"https:\/\/blog.londrina.pr.gov.br\/index.php?rest_route=\/tribe\/events\/v1\/categories\/699","collection":"https:\/\/blog.londrina.pr.gov.br\/index.php?rest_route=\/tribe\/events\/v1\/categories"}}],"tags":[{"name":"Cemit\u00e9rio de Autom\u00f3veis","slug":"cemiterio-de-automoveis","term_group":0,"term_taxonomy_id":792,"taxonomy":"post_tag","description":"","parent":0,"count":32,"filter":"raw","id":792,"urls":{"self":"https:\/\/blog.londrina.pr.gov.br\/index.php?rest_route=\/tribe\/events\/v1\/tags\/792","collection":"https:\/\/blog.londrina.pr.gov.br\/index.php?rest_route=\/tribe\/events\/v1\/tags"}},{"name":"oficinas formativas","slug":"oficinas-formativas","term_group":0,"term_taxonomy_id":831,"taxonomy":"post_tag","description":"","parent":0,"count":6,"filter":"raw","id":831,"urls":{"self":"https:\/\/blog.londrina.pr.gov.br\/index.php?rest_route=\/tribe\/events\/v1\/tags\/831","collection":"https:\/\/blog.londrina.pr.gov.br\/index.php?rest_route=\/tribe\/events\/v1\/tags"}},{"name":"projeto Encanta\u00e7\u00e3o","slug":"projeto-encantacao","term_group":0,"term_taxonomy_id":832,"taxonomy":"post_tag","description":"","parent":0,"count":1,"filter":"raw","id":832,"urls":{"self":"https:\/\/blog.londrina.pr.gov.br\/index.php?rest_route=\/tribe\/events\/v1\/tags\/832","collection":"https:\/\/blog.londrina.pr.gov.br\/index.php?rest_route=\/tribe\/events\/v1\/tags"}},{"name":"promic","slug":"promic","term_group":0,"term_taxonomy_id":270,"taxonomy":"post_tag","description":"","parent":0,"count":1355,"filter":"raw","id":270,"urls":{"self":"https:\/\/blog.londrina.pr.gov.br\/index.php?rest_route=\/tribe\/events\/v1\/tags\/270","collection":"https:\/\/blog.londrina.pr.gov.br\/index.php?rest_route=\/tribe\/events\/v1\/tags"}},{"name":"UEL","slug":"uel","term_group":0,"term_taxonomy_id":31,"taxonomy":"post_tag","description":"","parent":0,"count":284,"filter":"raw","id":31,"urls":{"self":"https:\/\/blog.londrina.pr.gov.br\/index.php?rest_route=\/tribe\/events\/v1\/tags\/31","collection":"https:\/\/blog.londrina.pr.gov.br\/index.php?rest_route=\/tribe\/events\/v1\/tags"}},{"name":"Vila cultural","slug":"vila-cultural","term_group":0,"term_taxonomy_id":681,"taxonomy":"post_tag","description":"","parent":0,"count":127,"filter":"raw","id":681,"urls":{"self":"https:\/\/blog.londrina.pr.gov.br\/index.php?rest_route=\/tribe\/events\/v1\/tags\/681","collection":"https:\/\/blog.londrina.pr.gov.br\/index.php?rest_route=\/tribe\/events\/v1\/tags"}}],"venue":{"id":48918,"author":"115","status":"publish","date":"2019-03-12 18:05:33","date_utc":"2019-03-12 21:05:33","modified":"2019-03-12 18:05:33","modified_utc":"2019-03-12 21:05:33","url":"https:\/\/blog.londrina.pr.gov.br\/?tribe_venue=48918","slug":"48918","city":"Londrina","country":"Brazil","province":"PR","stateprovince":"PR","json_ld":{"@type":"Place","name":"","description":"","url":"https:\/\/blog.londrina.pr.gov.br\/?tribe_venue=48918","address":{"@type":"PostalAddress","addressLocality":"Londrina","addressRegion":"PR","addressCountry":"Brazil"},"telephone":"","sameAs":""},"show_map":true,"show_map_link":true,"global_id":"blog.londrina.pr.gov.br?id=48918","global_id_lineage":["blog.londrina.pr.gov.br?id=48918"]},"organizer":[{"id":48919,"author":"115","status":"publish","date":"2019-03-12 18:05:33","date_utc":"2019-03-12 21:05:33","modified":"2019-03-12 18:05:33","modified_utc":"2019-03-12 21:05:33","url":"https:\/\/blog.londrina.pr.gov.br\/?tribe_organizer=projeto-cultural-encantacao-ii-2","organizer":"Projeto Cultural Encanta\u00e7\u00e3o II","slug":"projeto-cultural-encantacao-ii-2","website":"https:\/\/www.facebook.com\/projetoencanta\/","json_ld":{"@type":"Person","name":"Projeto Cultural Encanta\u00e7\u00e3o II","description":"","url":"https:\/\/blog.londrina.pr.gov.br\/?tribe_organizer=projeto-cultural-encantacao-ii-2","telephone":"","email":"","sameAs":"https:\/\/www.facebook.com\/projetoencanta\/"},"global_id":"blog.londrina.pr.gov.br?id=48919","global_id_lineage":["blog.londrina.pr.gov.br?id=48919"]}],"json_ld":{"@context":"http:\/\/schema.org","@type":"Event","name":"Oficinas Integradas de Criatividade","description":"&lt;p&gt;O projeto Encanta\u00e7\u00e3o II oferece as Oficinas Integradas de Criatividade. A iniciativa integra a programa\u00e7\u00e3o especial para recep\u00e7\u00e3o dos calouros da Universidade Estadual de Londrina (UEL), e est\u00e1 com inscri\u00e7\u00f5es abertas para a comunidade em geral. Ser\u00e3o oferecidas, no total, cinco oficinas, todas com o tema Diversidade: M\u00fasica\/percuss\u00e3o, Express\u00e3o corporal, Adere\u00e7o e fantasia, Cenografia\/Ambienta\u00e7\u00e3o, e &hellip;&lt;\/p&gt;\\n","url":"https:\/\/blog.londrina.pr.gov.br\/?tribe_events=oficinas-integradas-de-criatividade","startDate":"2019-03-13T00:00:00-03:00","endDate":"2019-03-15T23:59:59-03:00","location":{"@type":"Place","name":"","description":"","url":"https:\/\/blog.londrina.pr.gov.br\/?tribe_venue=48918","address":{"@type":"PostalAddress","addressLocality":"Londrina","addressRegion":"PR","addressCountry":"Brazil"},"telephone":"","sameAs":""},"organizer":{"@type":"Person","name":"Projeto Cultural Encanta\u00e7\u00e3o II","description":"","url":"https:\/\/blog.londrina.pr.gov.br\/?tribe_organizer=projeto-cultural-encantacao-ii-2","telephone":"","email":"","sameAs":"https:\/\/www.facebook.com\/projetoencanta\/"},"offers":{"@type":"Offer","price":"15","priceCurrency":"R$","url":"https:\/\/blog.londrina.pr.gov.br\/?tribe_events=oficinas-integradas-de-criatividade","category":"primary","availability":"inStock","validFrom":"1970-01-01T00:00:00+00:00"},"performer":"Organization"}}