{"id":49001,"global_id":"blog.londrina.pr.gov.br?id=49001","global_id_lineage":["blog.londrina.pr.gov.br?id=49001"],"author":"112","status":"publish","date":"2019-03-13 14:12:53","date_utc":"2019-03-13 17:12:53","modified":"2019-03-13 14:14:14","modified_utc":"2019-03-13 17:14:14","url":"https:\/\/blog.londrina.pr.gov.br\/?tribe_events=palestras-direito-da-mulher","rest_url":"https:\/\/blog.londrina.pr.gov.br\/index.php?rest_route=\/tribe\/events\/v1\/events\/49001","title":"Palestras Direito da Mulher","description":"<p>Em comemora\u00e7\u00e3o a 27\u00aa Semana Municipal da Mulher, a Escola Municipal Professor Od\u00e9sio Franciscon realiza uma atividade com as m\u00e3es e mulheres respons\u00e1veis por estudantes da unidade escolar. \u00c0s 10h30 e \u00e0s 15h30, ser\u00e3o realizadas palestras orientativas sobre os direitos das mulheres e a valoriza\u00e7\u00e3o delas na sociedade. A a\u00e7\u00e3o acontecer\u00e1 na sede da unidade escolar, que fica na Rua Osmy Muniz, 750, no Jardim Hilda Mandarino.<\/p>\n<p>Durante o encontro a assessora jur\u00eddica da Secretaria Municipal de Pol\u00edticas para as Mulheres (SMPM), a advogada Liange Doy, abordar\u00e1 diversos assuntos importantes para o conhecimento e conscientiza\u00e7\u00e3o das mulheres. Entre eles estar\u00e3o presentes os debates sobre a import\u00e2ncia da mulher na sociedade, as formas de viol\u00eancia, sejam elas f\u00edsicas, morais, psicol\u00f3gicas, sexuais ou outras, o feminic\u00eddio e a Lei Maria da Penha, as maneiras de resolu\u00e7\u00e3o de conflito, os caminhos a serem percorridos na busca por ajuda e os servi\u00e7os que o poder p\u00fablico oferta para as v\u00edtimas por meio da Rede de Enfrentamento \u00e0 Viol\u00eancia contra a Mulher.<\/p>\n<p>Segundo a diretora da escola, Doryane Weber Pinto Zulim, a unidade escolar encaminhou convites para todas as m\u00e3es e respons\u00e1veis pelas crian\u00e7as, assim como divulgou \u00e0 comunidade em geral a atividade, por meio de cartazes na Unidade B\u00e1sica de Sa\u00fade do Cabo Frio, que atende aos bairros do entorno. \u201c\u00c9 uma comunidade que passa por v\u00e1rios desafios. Percebemos nos discursos feitos durante os trabalhos de contextualiza\u00e7\u00e3o com as crian\u00e7as e observando o quadro geral, que seria necess\u00e1rio trabalharmos esse assunto com a fam\u00edlia. Os comportamentos das crian\u00e7as refletem um ciclo que elas vivenciam em casa, por isso se n\u00f3s educadores n\u00e3o interviermos enquanto eles est\u00e3o aprendendo, esse ciclo n\u00e3o ter\u00e1 fim\u201d, frisou.<\/p>\n<p>O espa\u00e7o onde ser\u00e1 realizada a palestra tem capacidade para 150 pessoas. As conversas ser\u00e3o o ponto alto do encerramento das atividades em prol da mulher. Durante duas semanas, os educadores escolares trabalharam com os alunos quest\u00f5es vinculadas \u00e0 mulher, seus direitos, pap\u00e9is sociais assumidos por cada sexo em sociedade, hist\u00f3rico familiar e as viv\u00eancias em fam\u00edlia. Estes conte\u00fados foram abordados em todas as disciplinas letivas, como geografia, hist\u00f3ria, ingl\u00eas e outras.<\/p>\n<p>Durante esse per\u00edodo, os pequenos produziram desenhos, pinturas, cartazes e fizeram relatos orais sobre o assunto. \u201cTemos que falar sobre isso com as crian\u00e7as, de forma contextualizada e sutil, para que elas entendam que o comportamento agressivo n\u00e3o \u00e9 normal. Al\u00e9m disso, a inten\u00e7\u00e3o \u00e9 dar subs\u00eddios para que as mulheres que sofrem alguma viol\u00eancia busquem ajuda. Porque muitas, conforme v\u00eam sofrendo, ficam caladas, se sentem cada vez mais oprimidas e, n\u00f3s enquanto servidores, estamos aqui para servir, para ajudar e mostrar por onde essa mulher pode come\u00e7ar pedindo ajuda\u201d. Ap\u00f3s o encerramento das atividades sobre a Semana da Mulher, a escola dar\u00e1 in\u00edcio aos trabalhos comemorativos em prol do Dia das M\u00e3es.<\/p>\n<p><strong>Outras informa\u00e7\u00f5es podem ser obtidas com a diretora da unidade escolar, Doryane Weber Pinto Zulim, pelo 3375-0136.<\/strong><\/p>","excerpt":"","slug":"palestras-direito-da-mulher","image":false,"all_day":false,"start_date":"2019-03-15 10:30:00","start_date_details":{"year":"2019","month":"03","day":"15","hour":"10","minutes":"30","seconds":"00"},"end_date":"2019-03-15 15:30:00","end_date_details":{"year":"2019","month":"03","day":"15","hour":"15","minutes":"30","seconds":"00"},"utc_start_date":"2019-03-15 13:30:00","utc_start_date_details":{"year":"2019","month":"03","day":"15","hour":"13","minutes":"30","seconds":"00"},"utc_end_date":"2019-03-15 18:30:00","utc_end_date_details":{"year":"2019","month":"03","day":"15","hour":"18","minutes":"30","seconds":"00"},"timezone":"America\/Sao_Paulo","timezone_abbr":"-03","cost":"Livre","cost_details":{"currency_symbol":"","currency_position":"prefix","values":["0"]},"website":"","show_map":true,"show_map_link":true,"hide_from_listings":false,"sticky":true,"featured":false,"categories":[{"name":"A\u00e7\u00e3o Social","slug":"acao-social","term_group":0,"term_taxonomy_id":698,"taxonomy":"tribe_events_cat","description":"","parent":0,"count":30,"filter":"raw","id":698,"urls":{"self":"https:\/\/blog.londrina.pr.gov.br\/index.php?rest_route=\/tribe\/events\/v1\/categories\/698","collection":"https:\/\/blog.londrina.pr.gov.br\/index.php?rest_route=\/tribe\/events\/v1\/categories"}}],"tags":[],"venue":{"id":49005,"author":"112","status":"publish","date":"2019-03-13 14:12:53","date_utc":"2019-03-13 17:12:53","modified":"2019-03-13 14:12:53","modified_utc":"2019-03-13 17:12:53","url":"https:\/\/blog.londrina.pr.gov.br\/?tribe_venue=rua-osmy-muniz-750","venue":"rua Osmy Muniz, 750","slug":"rua-osmy-muniz-750","city":"Londrina","country":"Brazil","province":"PR","zip":"86080320","stateprovince":"PR","json_ld":{"@type":"Place","name":"rua Osmy Muniz, 750","description":"","url":"https:\/\/blog.londrina.pr.gov.br\/?tribe_venue=rua-osmy-muniz-750","address":{"@type":"PostalAddress","addressLocality":"Londrina","addressRegion":"PR","postalCode":"86080320","addressCountry":"Brazil"},"telephone":"","sameAs":""},"show_map":true,"show_map_link":true,"global_id":"blog.londrina.pr.gov.br?id=49005","global_id_lineage":["blog.londrina.pr.gov.br?id=49005"]},"organizer":[{"id":49006,"author":"112","status":"publish","date":"2019-03-13 14:12:53","date_utc":"2019-03-13 17:12:53","modified":"2019-03-13 14:12:53","modified_utc":"2019-03-13 17:12:53","url":"https:\/\/blog.londrina.pr.gov.br\/?tribe_organizer=escola-municipal-professor-odesio-franciscon","organizer":"Escola Municipal Professor Od\u00e9sio Franciscon","slug":"escola-municipal-professor-odesio-franciscon","json_ld":{"@type":"Person","name":"Escola Municipal Professor Od\u00e9sio Franciscon","description":"","url":"https:\/\/blog.londrina.pr.gov.br\/?tribe_organizer=escola-municipal-professor-odesio-franciscon","telephone":"","email":"","sameAs":""},"global_id":"blog.londrina.pr.gov.br?id=49006","global_id_lineage":["blog.londrina.pr.gov.br?id=49006"]}],"json_ld":{"@context":"http:\/\/schema.org","@type":"Event","name":"Palestras Direito da Mulher","description":"&lt;p&gt;Em comemora\u00e7\u00e3o a 27\u00aa Semana Municipal da Mulher, a Escola Municipal Professor Od\u00e9sio Franciscon realiza uma atividade com as m\u00e3es e mulheres respons\u00e1veis por estudantes da unidade escolar. \u00c0s 10h30 e \u00e0s 15h30, ser\u00e3o realizadas palestras orientativas sobre os direitos das mulheres e a valoriza\u00e7\u00e3o delas na sociedade. A a\u00e7\u00e3o acontecer\u00e1 na sede da unidade &hellip;&lt;\/p&gt;\\n","url":"https:\/\/blog.londrina.pr.gov.br\/?tribe_events=palestras-direito-da-mulher","startDate":"2019-03-15T10:30:00-03:00","endDate":"2019-03-15T15:30:00-03:00","location":{"@type":"Place","name":"rua Osmy Muniz, 750","description":"","url":"https:\/\/blog.londrina.pr.gov.br\/?tribe_venue=rua-osmy-muniz-750","address":{"@type":"PostalAddress","addressLocality":"Londrina","addressRegion":"PR","postalCode":"86080320","addressCountry":"Brazil"},"telephone":"","sameAs":""},"organizer":{"@type":"Person","name":"Escola Municipal Professor Od\u00e9sio Franciscon","description":"","url":"https:\/\/blog.londrina.pr.gov.br\/?tribe_organizer=escola-municipal-professor-odesio-franciscon","telephone":"","email":"","sameAs":""},"offers":{"@type":"Offer","price":"0","priceCurrency":"USD","url":"https:\/\/blog.londrina.pr.gov.br\/?tribe_events=palestras-direito-da-mulher","category":"primary","availability":"inStock","validFrom":"1970-01-01T00:00:00+00:00"},"performer":"Organization"}}