{"id":49043,"global_id":"blog.londrina.pr.gov.br?id=49043","global_id_lineage":["blog.londrina.pr.gov.br?id=49043"],"author":"117","status":"publish","date":"2019-03-13 16:51:52","date_utc":"2019-03-13 19:51:52","modified":"2019-03-13 18:13:09","modified_utc":"2019-03-13 21:13:09","url":"https:\/\/blog.londrina.pr.gov.br\/?tribe_events=biblioteca-do-ceu-tem-contacao-da-historia-chapeuzinho-vermelho-nesta-quinta-feira","rest_url":"https:\/\/blog.londrina.pr.gov.br\/index.php?rest_route=\/tribe\/events\/v1\/events\/49043","title":"Conta\u00e7\u00e3o de Chapeuzinho Vermelho","description":"<p>Uma das f\u00e1bulas mais conhecidas de todos os tempos, o conto cl\u00e1ssico Chapeuzinho Vermelho, na popular vers\u00e3o dos Irm\u00e3os Grimm, ser\u00e1 a atra\u00e7\u00e3o desta quinta-feira (14), na Biblioteca do Centro de Artes e Esportes Unificados (CEU). A partir das 10 horas, o espa\u00e7o receber\u00e1 a conta\u00e7\u00e3o da hist\u00f3ria, que ser\u00e1 interpretada pelo artista pl\u00e1stico e professor Paulo Tio.<\/p>\n<p>A atividade \u00e9 gratuita e aberta a qualquer pessoa interessada, n\u00e3o necessitando de inscri\u00e7\u00e3o pr\u00e9via. A Biblioteca do CEU fica na Rua \u00c2ngelo Gaiotto, s\/n, Jardim Santa Rita I. Mais informa\u00e7\u00f5es podem ser obtidas pelo telefone 3338-4925.<\/p>\n<p>A a\u00e7\u00e3o integra a programa\u00e7\u00e3o do projeto Toda Quinta tem Hist\u00f3ria, realizado em Londrina pela Diretoria de Bibliotecas da Secretaria Municipal de Cultura. Podem participar crian\u00e7as a partir de seis anos de idade.<\/p>\n<p>Com foco no p\u00fablico infantil, a hist\u00f3ria ser\u00e1 narrada por Paulo Tio, que \u00e9 parceiro da iniciativa da Cultura, cujo objetivo \u00e9 incentivar o h\u00e1bito da leitura e o acesso aos acervos das bibliotecas municipais. Para isso, o artista busca proporcionar aos participantes uma experi\u00eancia diferenciada de inser\u00e7\u00e3o nos livros, por meio de uma dramatiza\u00e7\u00e3o que une entretenimento e aprendizado, com fantasias, fantoches e outros materiais l\u00fadicos confeccionados por Tio.<\/p>\n<p><strong>Sobre o projeto<\/strong> \u2013 \u201cToda Quinta tem Hist\u00f3ria\u201d \u00e9 uma iniciativa que busca estimular o prazer pela leitura junto a crian\u00e7as e adolescentes, por meio da conta\u00e7\u00e3o de hist\u00f3rias e media\u00e7\u00e3o da leitura, com abordagens din\u00e2micas. O trabalho atende as unidades que comp\u00f5em o Sistema de Bibliotecas P\u00fablicas, al\u00e9m de outros locais e eventos, esporadicamente. Podem participar escolas municipais, estaduais e particulares, al\u00e9m de grupos de outras institui\u00e7\u00f5es e a comunidade em geral.<\/p>\n<p><strong>Para a imprensa: outras informa\u00e7\u00f5es podem ser obtidas com a Biblioteca do CEU, pelo telefone 3338-4925, ou com a Diretoria de Bibliotecas da Cultura, pelo 3371-6500<\/strong><\/p>","excerpt":"","slug":"biblioteca-do-ceu-tem-contacao-da-historia-chapeuzinho-vermelho-nesta-quinta-feira","image":false,"all_day":false,"start_date":"2019-03-14 10:00:00","start_date_details":{"year":"2019","month":"03","day":"14","hour":"10","minutes":"00","seconds":"00"},"end_date":"2019-03-14 12:00:00","end_date_details":{"year":"2019","month":"03","day":"14","hour":"12","minutes":"00","seconds":"00"},"utc_start_date":"2019-03-14 13:00:00","utc_start_date_details":{"year":"2019","month":"03","day":"14","hour":"13","minutes":"00","seconds":"00"},"utc_end_date":"2019-03-14 15:00:00","utc_end_date_details":{"year":"2019","month":"03","day":"14","hour":"15","minutes":"00","seconds":"00"},"timezone":"America\/Sao_Paulo","timezone_abbr":"-03","cost":"","cost_details":{"currency_symbol":"","currency_position":"prefix","values":[]},"website":"","show_map":true,"show_map_link":true,"hide_from_listings":false,"sticky":false,"featured":false,"categories":[{"name":"Cultura","slug":"cultura","term_group":0,"term_taxonomy_id":699,"taxonomy":"tribe_events_cat","description":"","parent":0,"count":123,"filter":"raw","id":699,"urls":{"self":"https:\/\/blog.londrina.pr.gov.br\/index.php?rest_route=\/tribe\/events\/v1\/categories\/699","collection":"https:\/\/blog.londrina.pr.gov.br\/index.php?rest_route=\/tribe\/events\/v1\/categories"}},{"name":"Infantil","slug":"infantil","term_group":0,"term_taxonomy_id":745,"taxonomy":"tribe_events_cat","description":"","parent":0,"count":19,"filter":"raw","id":745,"urls":{"self":"https:\/\/blog.londrina.pr.gov.br\/index.php?rest_route=\/tribe\/events\/v1\/categories\/745","collection":"https:\/\/blog.londrina.pr.gov.br\/index.php?rest_route=\/tribe\/events\/v1\/categories"}}],"tags":[],"venue":{"id":49046,"author":"117","status":"publish","date":"2019-03-13 16:51:53","date_utc":"2019-03-13 19:51:53","modified":"2019-03-13 16:51:53","modified_utc":"2019-03-13 19:51:53","url":"https:\/\/blog.londrina.pr.gov.br\/?tribe_venue=biblioteca-do-ceu-2","venue":"Biblioteca do CEU","slug":"biblioteca-do-ceu-2","address":"Rua \u00c2ngelo Gaiotto, s\/n, Jardim Santa Rita I","city":"Londrina","country":"Brazil","province":"PR","stateprovince":"PR","json_ld":{"@type":"Place","name":"Biblioteca do CEU","description":"","url":"https:\/\/blog.londrina.pr.gov.br\/?tribe_venue=biblioteca-do-ceu-2","address":{"@type":"PostalAddress","streetAddress":"Rua \u00c2ngelo Gaiotto, s\/n, Jardim Santa Rita I","addressLocality":"Londrina","addressRegion":"PR","addressCountry":"Brazil"},"telephone":"","sameAs":""},"show_map":true,"show_map_link":true,"global_id":"blog.londrina.pr.gov.br?id=49046","global_id_lineage":["blog.londrina.pr.gov.br?id=49046"]},"organizer":[],"json_ld":{"@context":"http:\/\/schema.org","@type":"Event","name":"Conta\u00e7\u00e3o de Chapeuzinho Vermelho","description":"&lt;p&gt;Uma das f\u00e1bulas mais conhecidas de todos os tempos, o conto cl\u00e1ssico Chapeuzinho Vermelho, na popular vers\u00e3o dos Irm\u00e3os Grimm, ser\u00e1 a atra\u00e7\u00e3o desta quinta-feira (14), na Biblioteca do Centro de Artes e Esportes Unificados (CEU). A partir das 10 horas, o espa\u00e7o receber\u00e1 a conta\u00e7\u00e3o da hist\u00f3ria, que ser\u00e1 interpretada pelo artista pl\u00e1stico e &hellip;&lt;\/p&gt;\\n","url":"https:\/\/blog.londrina.pr.gov.br\/?tribe_events=biblioteca-do-ceu-tem-contacao-da-historia-chapeuzinho-vermelho-nesta-quinta-feira","startDate":"2019-03-14T10:00:00-03:00","endDate":"2019-03-14T12:00:00-03:00","location":{"@type":"Place","name":"Biblioteca do CEU","description":"","url":"https:\/\/blog.londrina.pr.gov.br\/?tribe_venue=biblioteca-do-ceu-2","address":{"@type":"PostalAddress","streetAddress":"Rua \u00c2ngelo Gaiotto, s\/n, Jardim Santa Rita I","addressLocality":"Londrina","addressRegion":"PR","addressCountry":"Brazil"},"telephone":"","sameAs":""},"performer":"Organization"}}