{"id":49659,"global_id":"blog.londrina.pr.gov.br?id=49659","global_id_lineage":["blog.londrina.pr.gov.br?id=49659"],"author":"113","status":"publish","date":"2019-03-20 10:28:47","date_utc":"2019-03-20 13:28:47","modified":"2019-03-20 12:37:26","modified_utc":"2019-03-20 15:37:26","url":"https:\/\/blog.londrina.pr.gov.br\/?tribe_events=sarau-para-pessoas-em-situacao-de-rua","rest_url":"https:\/\/blog.londrina.pr.gov.br\/index.php?rest_route=\/tribe\/events\/v1\/events\/49659","title":"Sarau para Pessoas em Situa\u00e7\u00e3o de Rua","description":"<p>Nesta sexta-feira (22), a partir das 9 horas, ter\u00e1 in\u00edcio a 7\u00aa edi\u00e7\u00e3o do Projeto Brisa, que visa promover a inclus\u00e3o sociocultural \u00e0s pessoas que est\u00e3o em situa\u00e7\u00e3o de rua ou acolhimento institucional, bem como \u00e0 comunidade em geral, acesso \u00e0s diversas linguagens art\u00edstico-culturais, atrav\u00e9s da realiza\u00e7\u00e3o de nove saraus.<\/p>\n<p>O encontro ser\u00e1 em um barrac\u00e3o do Centro de Refer\u00eancia Especializado para Popula\u00e7\u00e3o em Situa\u00e7\u00e3o de Rua (Centro POP), na Avenida Celso Garcia Cid, 1.265. Haver\u00e1 teatro, m\u00fasica, circo, entre outras atra\u00e7\u00f5es. A iniciativa \u00e9 realizada pela Funda\u00e7\u00e3o Cultura Art\u00edstica de Londrina (Funcart), em parceria com Centro POP, e conta com patroc\u00ednio da Prefeitura de Londrina, por meio do Programa Municipal de Incentivo \u00e0 Cultura (Promic).<\/p>\n<p><strong>Programa\u00e7\u00e3o<\/strong><\/p>\n<p>09:00 &#8211; 09:30 &#8211; Abertura | Din\u00e2mica Teatral com Silvio Ribeiro<\/p>\n<p>09:00 &#8211; 12:00 &#8211; Painel de Grafite<\/p>\n<p>09:30 &#8211; 10:00 &#8211;\u00a0Palha\u00e7aria CLAC | Circo<\/p>\n<p>10:00 &#8211; 10:30 &#8211;\u00a0Octopus Trio | M\u00fasica Instrumental<\/p>\n<p>10:30 &#8211; 11:00 &#8211;\u00a0Grupo Brisas | Teatro<\/p>\n<p>11:00 &#8211; 11:30 &#8211;\u00a0Henry&#8217;s Clown | Circo<\/p>\n<p>12:00 &#8211; Encerramento<\/p>","excerpt":"","slug":"sarau-para-pessoas-em-situacao-de-rua","image":false,"all_day":false,"start_date":"2019-03-22 09:00:00","start_date_details":{"year":"2019","month":"03","day":"22","hour":"09","minutes":"00","seconds":"00"},"end_date":"2019-03-22 12:00:00","end_date_details":{"year":"2019","month":"03","day":"22","hour":"12","minutes":"00","seconds":"00"},"utc_start_date":"2019-03-22 12:00:00","utc_start_date_details":{"year":"2019","month":"03","day":"22","hour":"12","minutes":"00","seconds":"00"},"utc_end_date":"2019-03-22 15:00:00","utc_end_date_details":{"year":"2019","month":"03","day":"22","hour":"15","minutes":"00","seconds":"00"},"timezone":"America\/Sao_Paulo","timezone_abbr":"-03","cost":"Livre","cost_details":{"currency_symbol":"","currency_position":"prefix","values":["0"]},"website":"https:\/\/www.facebook.com\/events\/2344794169088866\/?notif_t=event_calendar_create&amp;notif_id=1552951399084536","show_map":true,"show_map_link":true,"hide_from_listings":false,"sticky":false,"featured":false,"categories":[{"name":"A\u00e7\u00e3o Social","slug":"acao-social","term_group":0,"term_taxonomy_id":698,"taxonomy":"tribe_events_cat","description":"","parent":0,"count":30,"filter":"raw","id":698,"urls":{"self":"https:\/\/blog.londrina.pr.gov.br\/index.php?rest_route=\/tribe\/events\/v1\/categories\/698","collection":"https:\/\/blog.londrina.pr.gov.br\/index.php?rest_route=\/tribe\/events\/v1\/categories"}}],"tags":[{"name":"centro pop","slug":"centro-pop","term_group":0,"term_taxonomy_id":986,"taxonomy":"post_tag","description":"","parent":0,"count":48,"filter":"raw","id":986,"urls":{"self":"https:\/\/blog.londrina.pr.gov.br\/index.php?rest_route=\/tribe\/events\/v1\/tags\/986","collection":"https:\/\/blog.londrina.pr.gov.br\/index.php?rest_route=\/tribe\/events\/v1\/tags"}},{"name":"cultura","slug":"cultura","term_group":0,"term_taxonomy_id":42,"taxonomy":"post_tag","description":"","parent":0,"count":4448,"filter":"raw","id":42,"urls":{"self":"https:\/\/blog.londrina.pr.gov.br\/index.php?rest_route=\/tribe\/events\/v1\/tags\/42","collection":"https:\/\/blog.londrina.pr.gov.br\/index.php?rest_route=\/tribe\/events\/v1\/tags"}},{"name":"Funcart","slug":"funcart","term_group":0,"term_taxonomy_id":41,"taxonomy":"post_tag","description":"","parent":0,"count":119,"filter":"raw","id":41,"urls":{"self":"https:\/\/blog.londrina.pr.gov.br\/index.php?rest_route=\/tribe\/events\/v1\/tags\/41","collection":"https:\/\/blog.londrina.pr.gov.br\/index.php?rest_route=\/tribe\/events\/v1\/tags"}},{"name":"pessoas em situa\u00e7\u00e3o de rua","slug":"pessoas-em-situacao-de-rua","term_group":0,"term_taxonomy_id":985,"taxonomy":"post_tag","description":"","parent":0,"count":27,"filter":"raw","id":985,"urls":{"self":"https:\/\/blog.londrina.pr.gov.br\/index.php?rest_route=\/tribe\/events\/v1\/tags\/985","collection":"https:\/\/blog.londrina.pr.gov.br\/index.php?rest_route=\/tribe\/events\/v1\/tags"}},{"name":"sarau","slug":"sarau","term_group":0,"term_taxonomy_id":987,"taxonomy":"post_tag","description":"","parent":0,"count":17,"filter":"raw","id":987,"urls":{"self":"https:\/\/blog.londrina.pr.gov.br\/index.php?rest_route=\/tribe\/events\/v1\/tags\/987","collection":"https:\/\/blog.londrina.pr.gov.br\/index.php?rest_route=\/tribe\/events\/v1\/tags"}}],"venue":{"id":49691,"author":"113","status":"publish","date":"2019-03-20 12:37:08","date_utc":"2019-03-20 15:37:08","modified":"2019-03-20 12:37:08","modified_utc":"2019-03-20 15:37:08","url":"https:\/\/blog.londrina.pr.gov.br\/?tribe_venue=barracao-do-centro-pop","venue":"Barrac\u00e3o do Centro POP","slug":"barracao-do-centro-pop","address":"Avenida Celso Garcia Cid, 1.265","city":"Londrina","country":"Brazil","province":"Paran\u00e1","zip":"86039-000","phone":"3378-0417","stateprovince":"Paran\u00e1","json_ld":{"@type":"Place","name":"Barrac\u00e3o do Centro POP","description":"","url":"https:\/\/blog.londrina.pr.gov.br\/?tribe_venue=barracao-do-centro-pop","address":{"@type":"PostalAddress","streetAddress":"Avenida Celso Garcia Cid, 1.265","addressLocality":"Londrina","addressRegion":"Paran\u00e1","postalCode":"86039-000","addressCountry":"Brazil"},"telephone":"3378-0417","sameAs":""},"show_map":true,"show_map_link":true,"global_id":"blog.londrina.pr.gov.br?id=49691","global_id_lineage":["blog.londrina.pr.gov.br?id=49691"]},"organizer":[{"id":49668,"author":"113","status":"publish","date":"2019-03-20 10:28:48","date_utc":"2019-03-20 13:28:48","modified":"2019-03-20 10:28:48","modified_utc":"2019-03-20 13:28:48","url":"https:\/\/blog.londrina.pr.gov.br\/?tribe_organizer=funcart-3","organizer":"Funcart","slug":"funcart-3","phone":"3342-2362","email":"funcart@funcart.art.br","json_ld":{"@type":"Person","name":"Funcart","description":"","url":"https:\/\/blog.londrina.pr.gov.br\/?tribe_organizer=funcart-3","telephone":"3342-2362","email":"f&#117;n&#99;&#97;&#114;t&#64;func&#97;rt.&#97;&#114;t&#46;b&#114;","sameAs":""},"global_id":"blog.londrina.pr.gov.br?id=49668","global_id_lineage":["blog.londrina.pr.gov.br?id=49668"]}],"json_ld":{"@context":"http:\/\/schema.org","@type":"Event","name":"Sarau para Pessoas em Situa\u00e7\u00e3o de Rua","description":"&lt;p&gt;Nesta sexta-feira (22), a partir das 9 horas, ter\u00e1 in\u00edcio a 7\u00aa edi\u00e7\u00e3o do Projeto Brisa, que visa promover a inclus\u00e3o sociocultural \u00e0s pessoas que est\u00e3o em situa\u00e7\u00e3o de rua ou acolhimento institucional, bem como \u00e0 comunidade em geral, acesso \u00e0s diversas linguagens art\u00edstico-culturais, atrav\u00e9s da realiza\u00e7\u00e3o de nove saraus. O encontro ser\u00e1 em um &hellip;&lt;\/p&gt;\\n","url":"https:\/\/blog.londrina.pr.gov.br\/?tribe_events=sarau-para-pessoas-em-situacao-de-rua","startDate":"2019-03-22T09:00:00-03:00","endDate":"2019-03-22T12:00:00-03:00","location":{"@type":"Place","name":"Barrac\u00e3o do Centro POP","description":"","url":"https:\/\/blog.londrina.pr.gov.br\/?tribe_venue=barracao-do-centro-pop","address":{"@type":"PostalAddress","streetAddress":"Avenida Celso Garcia Cid, 1.265","addressLocality":"Londrina","addressRegion":"Paran\u00e1","postalCode":"86039-000","addressCountry":"Brazil"},"telephone":"3378-0417","sameAs":""},"organizer":{"@type":"Person","name":"Funcart","description":"","url":"https:\/\/blog.londrina.pr.gov.br\/?tribe_organizer=funcart-3","telephone":"3342-2362","email":"&#102;&#117;&#110;&#99;ar&#116;&#64;&#102;un&#99;a&#114;&#116;.ar&#116;&#46;b&#114;","sameAs":""},"offers":{"@type":"Offer","price":"0","priceCurrency":"USD","url":"https:\/\/blog.londrina.pr.gov.br\/?tribe_events=sarau-para-pessoas-em-situacao-de-rua","category":"primary","availability":"inStock","validFrom":"1970-01-01T00:00:00+00:00"},"performer":"Organization"}}