{"id":49677,"global_id":"blog.londrina.pr.gov.br?id=49677","global_id_lineage":["blog.londrina.pr.gov.br?id=49677"],"author":"113","status":"publish","date":"2019-03-20 11:20:18","date_utc":"2019-03-20 14:20:18","modified":"2019-03-20 11:24:53","modified_utc":"2019-03-20 14:24:53","url":"https:\/\/blog.londrina.pr.gov.br\/?tribe_events=lancamento-de-livro-artesanal","rest_url":"https:\/\/blog.londrina.pr.gov.br\/index.php?rest_route=\/tribe\/events\/v1\/events\/49677","title":"Lan\u00e7amento de livro artesanal","description":"<p>Nesta quinta-feira (21), \u00e0s 19h30, a Vila Cultural Grafat\u00f3rio sedia o lan\u00e7amento do livro Luas, dos artistas paulistanos Gustavo Galo e J\u00falia Rocha, que re\u00fane 24 haicais, poema tradicional japon\u00eas escrito em tr\u00eas versos. O\u00a0livro foi escrito de janeiro de 2018 a janeiro de 2019 e leva este nome por ter sido escrito em noites de lua cheia.<\/p>\n<p>A obra foi impressa em tipografia, uma t\u00e9cnica manual de impress\u00e3o, e todos os exemplares foram encadernados \u00e0 m\u00e3o. O livro \u00e9 uma co-edi\u00e7\u00e3o entre a Grafat\u00f3rio e a \u00c9 Selo de L\u00edngua, editora independente paulistana coordenada pelos pr\u00f3prios Gustavo Galo e J\u00falia Rocha. Al\u00e9m dos dois, trabalharam nesta edi\u00e7\u00e3o o tip\u00f3grafo Silvio Valduga, os designers Maikon Nery, Manoel Nascimento e Pablo Blanco, e o editor Felipe Melhado.<\/p>\n<p>A Vila Fica na Avenida Paul Harris, 1.575, Nossa Senhora de Lourdes, pr\u00f3ximo ao Aeroporto de Londrina, e conta com patroc\u00ednio da Prefeitura de Londrina, por meio do Programa Municipal de Incentivo \u00e0 Cultura (Promic).<\/p>","excerpt":"","slug":"lancamento-de-livro-artesanal","image":false,"all_day":false,"start_date":"2019-03-21 19:30:00","start_date_details":{"year":"2019","month":"03","day":"21","hour":"19","minutes":"30","seconds":"00"},"end_date":"2019-03-21 21:30:00","end_date_details":{"year":"2019","month":"03","day":"21","hour":"21","minutes":"30","seconds":"00"},"utc_start_date":"2019-03-21 22:30:00","utc_start_date_details":{"year":"2019","month":"03","day":"21","hour":"22","minutes":"30","seconds":"00"},"utc_end_date":"2019-03-22 00:30:00","utc_end_date_details":{"year":"2019","month":"03","day":"22","hour":"00","minutes":"30","seconds":"00"},"timezone":"America\/Sao_Paulo","timezone_abbr":"-03","cost":"Livre","cost_details":{"currency_symbol":"","currency_position":"prefix","values":["0"]},"website":"","show_map":true,"show_map_link":true,"hide_from_listings":false,"sticky":false,"featured":false,"categories":[{"name":"Cultura","slug":"cultura","term_group":0,"term_taxonomy_id":699,"taxonomy":"tribe_events_cat","description":"","parent":0,"count":123,"filter":"raw","id":699,"urls":{"self":"https:\/\/blog.londrina.pr.gov.br\/index.php?rest_route=\/tribe\/events\/v1\/categories\/699","collection":"https:\/\/blog.londrina.pr.gov.br\/index.php?rest_route=\/tribe\/events\/v1\/categories"}}],"tags":[{"name":"grafat\u00f3rio","slug":"grafatorio","term_group":0,"term_taxonomy_id":990,"taxonomy":"post_tag","description":"","parent":0,"count":33,"filter":"raw","id":990,"urls":{"self":"https:\/\/blog.londrina.pr.gov.br\/index.php?rest_route=\/tribe\/events\/v1\/tags\/990","collection":"https:\/\/blog.londrina.pr.gov.br\/index.php?rest_route=\/tribe\/events\/v1\/tags"}},{"name":"haicais","slug":"haicais","term_group":0,"term_taxonomy_id":991,"taxonomy":"post_tag","description":"","parent":0,"count":2,"filter":"raw","id":991,"urls":{"self":"https:\/\/blog.londrina.pr.gov.br\/index.php?rest_route=\/tribe\/events\/v1\/tags\/991","collection":"https:\/\/blog.londrina.pr.gov.br\/index.php?rest_route=\/tribe\/events\/v1\/tags"}},{"name":"livro","slug":"livro","term_group":0,"term_taxonomy_id":988,"taxonomy":"post_tag","description":"","parent":0,"count":121,"filter":"raw","id":988,"urls":{"self":"https:\/\/blog.londrina.pr.gov.br\/index.php?rest_route=\/tribe\/events\/v1\/tags\/988","collection":"https:\/\/blog.londrina.pr.gov.br\/index.php?rest_route=\/tribe\/events\/v1\/tags"}}],"venue":{"id":49683,"author":"113","status":"publish","date":"2019-03-20 11:20:18","date_utc":"2019-03-20 14:20:18","modified":"2019-03-20 11:20:18","modified_utc":"2019-03-20 14:20:18","url":"https:\/\/blog.londrina.pr.gov.br\/?tribe_venue=vila-cultural-grafatorio-2","venue":"Vila Cultural Grafat\u00f3rio","slug":"vila-cultural-grafatorio-2","address":"Avenida Paul Harris, 1.575, Nossa Senhora de Lourdes","city":"Londrina","country":"Brazil","province":"PR","zip":"86039-280","phone":"(43) 3024-3533","website":"https:\/\/grafatorio.com\/site\/","stateprovince":"PR","json_ld":{"@type":"Place","name":"Vila Cultural Grafat\u00f3rio","description":"","url":"https:\/\/blog.londrina.pr.gov.br\/?tribe_venue=vila-cultural-grafatorio-2","address":{"@type":"PostalAddress","streetAddress":"Avenida Paul Harris, 1.575, Nossa Senhora de Lourdes","addressLocality":"Londrina","addressRegion":"PR","postalCode":"86039-280","addressCountry":"Brazil"},"telephone":"(43) 3024-3533","sameAs":"https:\/\/grafatorio.com\/site\/"},"show_map":true,"show_map_link":true,"global_id":"blog.londrina.pr.gov.br?id=49683","global_id_lineage":["blog.londrina.pr.gov.br?id=49683"]},"organizer":[{"id":49684,"author":"113","status":"publish","date":"2019-03-20 11:20:18","date_utc":"2019-03-20 14:20:18","modified":"2019-03-20 11:20:18","modified_utc":"2019-03-20 14:20:18","url":"https:\/\/blog.londrina.pr.gov.br\/?tribe_organizer=vila-cultural-grafatorio-2","organizer":"Vila Cultural Grafat\u00f3rio","slug":"vila-cultural-grafatorio-2","phone":"(43) 3024-3533","website":"https:\/\/grafatorio.com\/site\/","email":"contato@grafatorio.com","json_ld":{"@type":"Person","name":"Vila Cultural Grafat\u00f3rio","description":"","url":"https:\/\/blog.londrina.pr.gov.br\/?tribe_organizer=vila-cultural-grafatorio-2","telephone":"(43) 3024-3533","email":"contato&#64;&#103;r&#97;&#102;&#97;&#116;o&#114;&#105;&#111;.&#99;o&#109;","sameAs":"https:\/\/grafatorio.com\/site\/"},"global_id":"blog.londrina.pr.gov.br?id=49684","global_id_lineage":["blog.londrina.pr.gov.br?id=49684"]}],"json_ld":{"@context":"http:\/\/schema.org","@type":"Event","name":"Lan\u00e7amento de livro artesanal","description":"&lt;p&gt;Nesta quinta-feira (21), \u00e0s 19h30, a Vila Cultural Grafat\u00f3rio sedia o lan\u00e7amento do livro Luas, dos artistas paulistanos Gustavo Galo e J\u00falia Rocha, que re\u00fane 24 haicais, poema tradicional japon\u00eas escrito em tr\u00eas versos. O\u00a0livro foi escrito de janeiro de 2018 a janeiro de 2019 e leva este nome por ter sido escrito em noites &hellip;&lt;\/p&gt;\\n","url":"https:\/\/blog.londrina.pr.gov.br\/?tribe_events=lancamento-de-livro-artesanal","startDate":"2019-03-21T19:30:00-03:00","endDate":"2019-03-21T21:30:00-03:00","location":{"@type":"Place","name":"Vila Cultural Grafat\u00f3rio","description":"","url":"https:\/\/blog.londrina.pr.gov.br\/?tribe_venue=vila-cultural-grafatorio-2","address":{"@type":"PostalAddress","streetAddress":"Avenida Paul Harris, 1.575, Nossa Senhora de Lourdes","addressLocality":"Londrina","addressRegion":"PR","postalCode":"86039-280","addressCountry":"Brazil"},"telephone":"(43) 3024-3533","sameAs":"https:\/\/grafatorio.com\/site\/"},"organizer":{"@type":"Person","name":"Vila Cultural Grafat\u00f3rio","description":"","url":"https:\/\/blog.londrina.pr.gov.br\/?tribe_organizer=vila-cultural-grafatorio-2","telephone":"(43) 3024-3533","email":"contato&#64;&#103;&#114;&#97;&#102;a&#116;&#111;&#114;&#105;&#111;.co&#109;","sameAs":"https:\/\/grafatorio.com\/site\/"},"offers":{"@type":"Offer","price":"0","priceCurrency":"USD","url":"https:\/\/blog.londrina.pr.gov.br\/?tribe_events=lancamento-de-livro-artesanal","category":"primary","availability":"inStock","validFrom":"1970-01-01T00:00:00+00:00"},"performer":"Organization"}}