{"id":49782,"global_id":"blog.londrina.pr.gov.br?id=49782","global_id_lineage":["blog.londrina.pr.gov.br?id=49782"],"author":"115","status":"publish","date":"2019-03-20 15:30:24","date_utc":"2019-03-20 18:30:24","modified":"2019-03-20 18:53:04","modified_utc":"2019-03-20 21:53:04","url":"https:\/\/blog.londrina.pr.gov.br\/?tribe_events=tarde-especial-para-mulheres-atendidas-pela-ubs-do-ernani-moura-lima","rest_url":"https:\/\/blog.londrina.pr.gov.br\/index.php?rest_route=\/tribe\/events\/v1\/events\/49782","title":"Programa\u00e7\u00e3o para mulheres do Ernani Moura Lima","description":"<p>A UBS do Ernani Moura Lima convida as moradoras da regi\u00e3o a participarem de uma tarde especial nesta quinta feira (21), dentro da programa\u00e7\u00e3o do M\u00eas da Mulher, da Secretaria Municipal de Sa\u00fade.<\/p>\n<p>Al\u00e9m de uma roda de conversa sobre a sa\u00fade f\u00edsica e mental da mulheres, as participantes far\u00e3o alongamento, ir\u00e3o receber reflexologia podal, e v\u00e3o assistir a palestras com fisioterapeuta e m\u00e9dica ginecologista.<\/p>\n<p>A atividade come\u00e7a \u00e0s 13h30, na Associa\u00e7\u00e3o de Moradores do Ernani, localizada na Rua Jo\u00e3o da Silva Godoy, 137. Devem participar, juntamente com a equipe da UBS do Ernani, a equipe do NASF e do CRAS Leste.<\/p>","excerpt":"","slug":"tarde-especial-para-mulheres-atendidas-pela-ubs-do-ernani-moura-lima","image":false,"all_day":false,"start_date":"2019-03-21 13:30:00","start_date_details":{"year":"2019","month":"03","day":"21","hour":"13","minutes":"30","seconds":"00"},"end_date":"2019-03-21 16:00:00","end_date_details":{"year":"2019","month":"03","day":"21","hour":"16","minutes":"00","seconds":"00"},"utc_start_date":"2019-03-21 16:30:00","utc_start_date_details":{"year":"2019","month":"03","day":"21","hour":"16","minutes":"30","seconds":"00"},"utc_end_date":"2019-03-21 19:00:00","utc_end_date_details":{"year":"2019","month":"03","day":"21","hour":"19","minutes":"00","seconds":"00"},"timezone":"America\/Sao_Paulo","timezone_abbr":"-03","cost":"","cost_details":{"currency_symbol":"","currency_position":"prefix","values":[]},"website":"","show_map":true,"show_map_link":true,"hide_from_listings":false,"sticky":false,"featured":false,"categories":[{"name":"Mulher","slug":"mulher","term_group":0,"term_taxonomy_id":919,"taxonomy":"tribe_events_cat","description":"","parent":0,"count":19,"filter":"raw","id":919,"urls":{"self":"https:\/\/blog.londrina.pr.gov.br\/index.php?rest_route=\/tribe\/events\/v1\/categories\/919","collection":"https:\/\/blog.londrina.pr.gov.br\/index.php?rest_route=\/tribe\/events\/v1\/categories"}},{"name":"Sa\u00fade","slug":"saude","term_group":0,"term_taxonomy_id":1005,"taxonomy":"tribe_events_cat","description":"","parent":0,"count":19,"filter":"raw","id":1005,"urls":{"self":"https:\/\/blog.londrina.pr.gov.br\/index.php?rest_route=\/tribe\/events\/v1\/categories\/1005","collection":"https:\/\/blog.londrina.pr.gov.br\/index.php?rest_route=\/tribe\/events\/v1\/categories"}}],"tags":[{"name":"M\u00eas da Mulher","slug":"mes-da-mulher","term_group":0,"term_taxonomy_id":844,"taxonomy":"post_tag","description":"","parent":0,"count":82,"filter":"raw","id":844,"urls":{"self":"https:\/\/blog.londrina.pr.gov.br\/index.php?rest_route=\/tribe\/events\/v1\/tags\/844","collection":"https:\/\/blog.londrina.pr.gov.br\/index.php?rest_route=\/tribe\/events\/v1\/tags"}},{"name":"mulher","slug":"mulher","term_group":0,"term_taxonomy_id":209,"taxonomy":"post_tag","description":"","parent":0,"count":795,"filter":"raw","id":209,"urls":{"self":"https:\/\/blog.londrina.pr.gov.br\/index.php?rest_route=\/tribe\/events\/v1\/tags\/209","collection":"https:\/\/blog.londrina.pr.gov.br\/index.php?rest_route=\/tribe\/events\/v1\/tags"}},{"name":"sa\u00fade","slug":"saude","term_group":0,"term_taxonomy_id":58,"taxonomy":"post_tag","description":"","parent":0,"count":3161,"filter":"raw","id":58,"urls":{"self":"https:\/\/blog.londrina.pr.gov.br\/index.php?rest_route=\/tribe\/events\/v1\/tags\/58","collection":"https:\/\/blog.londrina.pr.gov.br\/index.php?rest_route=\/tribe\/events\/v1\/tags"}},{"name":"UBS Ernani","slug":"ubs-ernani","term_group":0,"term_taxonomy_id":1006,"taxonomy":"post_tag","description":"","parent":0,"count":3,"filter":"raw","id":1006,"urls":{"self":"https:\/\/blog.londrina.pr.gov.br\/index.php?rest_route=\/tribe\/events\/v1\/tags\/1006","collection":"https:\/\/blog.londrina.pr.gov.br\/index.php?rest_route=\/tribe\/events\/v1\/tags"}}],"venue":{"id":49788,"author":"115","status":"publish","date":"2019-03-20 15:30:24","date_utc":"2019-03-20 18:30:24","modified":"2019-03-20 15:30:24","modified_utc":"2019-03-20 18:30:24","url":"https:\/\/blog.londrina.pr.gov.br\/?tribe_venue=associacao-de-moradores-do-ernani-moura-lima-2","venue":"Associa\u00e7\u00e3o de Moradores do Ernani Moura Lima","slug":"associacao-de-moradores-do-ernani-moura-lima-2","address":"Rua Jo\u00e3o da Silva Godoy, 137","city":"Londrina","country":"Brazil","province":"Paran\u00e1","stateprovince":"Paran\u00e1","json_ld":{"@type":"Place","name":"Associa\u00e7\u00e3o de Moradores do Ernani Moura Lima","description":"","url":"https:\/\/blog.londrina.pr.gov.br\/?tribe_venue=associacao-de-moradores-do-ernani-moura-lima-2","address":{"@type":"PostalAddress","streetAddress":"Rua Jo\u00e3o da Silva Godoy, 137","addressLocality":"Londrina","addressRegion":"Paran\u00e1","addressCountry":"Brazil"},"telephone":"","sameAs":""},"show_map":true,"show_map_link":true,"global_id":"blog.londrina.pr.gov.br?id=49788","global_id_lineage":["blog.londrina.pr.gov.br?id=49788"]},"organizer":[{"id":49275,"author":"115","status":"publish","date":"2019-03-15 14:28:40","date_utc":"2019-03-15 17:28:40","modified":"2019-03-15 14:28:40","modified_utc":"2019-03-15 17:28:40","url":"https:\/\/blog.londrina.pr.gov.br\/?tribe_organizer=secretaria-municipal-de-saude","organizer":"Secretaria Municipal de Sa\u00fade","slug":"secretaria-municipal-de-saude","phone":"3372-9430","json_ld":{"@type":"Person","name":"Secretaria Municipal de Sa\u00fade","description":"","url":"https:\/\/blog.londrina.pr.gov.br\/?tribe_organizer=secretaria-municipal-de-saude","telephone":"3372-9430","email":"","sameAs":""},"global_id":"blog.londrina.pr.gov.br?id=49275","global_id_lineage":["blog.londrina.pr.gov.br?id=49275"]},{"id":49789,"author":"115","status":"publish","date":"2019-03-20 15:30:24","date_utc":"2019-03-20 18:30:24","modified":"2019-03-20 15:30:24","modified_utc":"2019-03-20 18:30:24","url":"https:\/\/blog.londrina.pr.gov.br\/?tribe_organizer=ubs-do-ernani-moura-lima-2","organizer":"UBS do Ernani Moura Lima","slug":"ubs-do-ernani-moura-lima-2","phone":"(43) 3379-0881","json_ld":{"@type":"Person","name":"UBS do Ernani Moura Lima","description":"","url":"https:\/\/blog.londrina.pr.gov.br\/?tribe_organizer=ubs-do-ernani-moura-lima-2","telephone":"(43) 3379-0881","email":"","sameAs":""},"global_id":"blog.londrina.pr.gov.br?id=49789","global_id_lineage":["blog.londrina.pr.gov.br?id=49789"]}],"json_ld":{"@context":"http:\/\/schema.org","@type":"Event","name":"Programa\u00e7\u00e3o para mulheres do Ernani Moura Lima","description":"&lt;p&gt;A UBS do Ernani Moura Lima convida as moradoras da regi\u00e3o a participarem de uma tarde especial nesta quinta feira (21), dentro da programa\u00e7\u00e3o do M\u00eas da Mulher, da Secretaria Municipal de Sa\u00fade. Al\u00e9m de uma roda de conversa sobre a sa\u00fade f\u00edsica e mental da mulheres, as participantes far\u00e3o alongamento, ir\u00e3o receber reflexologia podal, &hellip;&lt;\/p&gt;\\n","url":"https:\/\/blog.londrina.pr.gov.br\/?tribe_events=tarde-especial-para-mulheres-atendidas-pela-ubs-do-ernani-moura-lima","startDate":"2019-03-21T13:30:00-03:00","endDate":"2019-03-21T16:00:00-03:00","location":{"@type":"Place","name":"Associa\u00e7\u00e3o de Moradores do Ernani Moura Lima","description":"","url":"https:\/\/blog.londrina.pr.gov.br\/?tribe_venue=associacao-de-moradores-do-ernani-moura-lima-2","address":{"@type":"PostalAddress","streetAddress":"Rua Jo\u00e3o da Silva Godoy, 137","addressLocality":"Londrina","addressRegion":"Paran\u00e1","addressCountry":"Brazil"},"telephone":"","sameAs":""},"organizer":{"@type":"Person","name":"Secretaria Municipal de Sa\u00fade","description":"","url":"https:\/\/blog.londrina.pr.gov.br\/?tribe_organizer=secretaria-municipal-de-saude","telephone":"3372-9430","email":"","sameAs":""},"performer":"Organization"}}