{"id":49791,"global_id":"blog.londrina.pr.gov.br?id=49791","global_id_lineage":["blog.londrina.pr.gov.br?id=49791"],"author":"115","status":"publish","date":"2019-03-20 15:41:20","date_utc":"2019-03-20 18:41:20","modified":"2019-03-20 18:53:54","modified_utc":"2019-03-20 21:53:54","url":"https:\/\/blog.londrina.pr.gov.br\/?tribe_events=14a-conferencia-municipal-de-saude-em-londrina","rest_url":"https:\/\/blog.londrina.pr.gov.br\/index.php?rest_route=\/tribe\/events\/v1\/events\/49791","title":"14\u00aa Confer\u00eancia Municipal de Sa\u00fade","description":"<p>Neste s\u00e1bado (23) e domingo (24) ser\u00e1 realizada a 14\u00aa Confer\u00eancia Municipal de Sa\u00fade em Londrina. Com o tema Democracia e Sa\u00fade, o encontro deve reunir usu\u00e1rios do Sistema \u00danico de Sa\u00fade (SUS), entidades de classe e profissionais da \u00e1rea, prestadores de servi\u00e7os do setor p\u00fablico e privado, e representantes do poder p\u00fablico municipal e estadual.<\/p>\n<p>As atividades ser\u00e3o realizadas no\u00a0teatro do Col\u00e9gio Londrinense, localizado na Avenida Juscelino Kubitscheck, 1.652. O encontro \u00e9 uma realiza\u00e7\u00e3o do Conselho Municipal de Sa\u00fade, juntamente com a Secretaria Municipal de Sa\u00fade.<\/p>\n<p>Durante a confer\u00eancia, ser\u00e3o debatidas propostas que se tornar\u00e3o diretrizes em prol da sa\u00fade em Londrina, com base nos seguintes assuntos: Sa\u00fade Como Direito, Fortalecimento do SUS, Financiamento, Controle Social, e Aten\u00e7\u00e3o B\u00e1sica.<\/p>\n<p>A programa\u00e7\u00e3o inclui o processo onde ser\u00e3o escolhidos, dentre os delegados inscritos na fase municipal, os que ir\u00e3o representar o Munic\u00edpio na etapa estadual, que ir\u00e1 ocorrer de 11 a 13 de junho. Ser\u00e3o eleitas tamb\u00e9m as entidades representativas que ir\u00e3o compor o Conselho Municipal de Sa\u00fade, durante o exerc\u00edcio 2019-2022.<\/p>","excerpt":"","slug":"14a-conferencia-municipal-de-saude-em-londrina","image":false,"all_day":false,"start_date":"2019-03-23 08:00:00","start_date_details":{"year":"2019","month":"03","day":"23","hour":"08","minutes":"00","seconds":"00"},"end_date":"2019-03-24 17:00:00","end_date_details":{"year":"2019","month":"03","day":"24","hour":"17","minutes":"00","seconds":"00"},"utc_start_date":"2019-03-23 11:00:00","utc_start_date_details":{"year":"2019","month":"03","day":"23","hour":"11","minutes":"00","seconds":"00"},"utc_end_date":"2019-03-24 20:00:00","utc_end_date_details":{"year":"2019","month":"03","day":"24","hour":"20","minutes":"00","seconds":"00"},"timezone":"America\/Sao_Paulo","timezone_abbr":"-03","cost":"","cost_details":{"currency_symbol":"","currency_position":"prefix","values":[]},"website":"http:\/\/bit.ly\/ConfMunSaude","show_map":true,"show_map_link":true,"hide_from_listings":false,"sticky":false,"featured":false,"categories":[{"name":"Sa\u00fade","slug":"saude","term_group":0,"term_taxonomy_id":1005,"taxonomy":"tribe_events_cat","description":"","parent":0,"count":19,"filter":"raw","id":1005,"urls":{"self":"https:\/\/blog.londrina.pr.gov.br\/index.php?rest_route=\/tribe\/events\/v1\/categories\/1005","collection":"https:\/\/blog.londrina.pr.gov.br\/index.php?rest_route=\/tribe\/events\/v1\/categories"}}],"tags":[],"venue":{"id":49801,"author":"115","status":"publish","date":"2019-03-20 15:41:21","date_utc":"2019-03-20 18:41:21","modified":"2019-03-20 15:41:21","modified_utc":"2019-03-20 18:41:21","url":"https:\/\/blog.londrina.pr.gov.br\/?tribe_venue=colegio-londrinense-3","venue":"Col\u00e9gio Londrinense","slug":"colegio-londrinense-3","address":"Avenida Juscelino Kubitschek, 1652","city":"Londrina","country":"Brazil","province":"Paran\u00e1","zip":"86020-001","stateprovince":"Paran\u00e1","json_ld":{"@type":"Place","name":"Col\u00e9gio Londrinense","description":"","url":"https:\/\/blog.londrina.pr.gov.br\/?tribe_venue=colegio-londrinense-3","address":{"@type":"PostalAddress","streetAddress":"Avenida Juscelino Kubitschek, 1652","addressLocality":"Londrina","addressRegion":"Paran\u00e1","postalCode":"86020-001","addressCountry":"Brazil"},"telephone":"","sameAs":""},"show_map":true,"show_map_link":true,"global_id":"blog.londrina.pr.gov.br?id=49801","global_id_lineage":["blog.londrina.pr.gov.br?id=49801"]},"organizer":[{"id":49802,"author":"115","status":"publish","date":"2019-03-20 15:41:21","date_utc":"2019-03-20 18:41:21","modified":"2019-03-20 15:41:21","modified_utc":"2019-03-20 18:41:21","url":"https:\/\/blog.londrina.pr.gov.br\/?tribe_organizer=conselho-municipal-de-saude-3","organizer":"Conselho Municipal de Sa\u00fade","slug":"conselho-municipal-de-saude-3","json_ld":{"@type":"Person","name":"Conselho Municipal de Sa\u00fade","description":"","url":"https:\/\/blog.londrina.pr.gov.br\/?tribe_organizer=conselho-municipal-de-saude-3","telephone":"","email":"","sameAs":""},"global_id":"blog.londrina.pr.gov.br?id=49802","global_id_lineage":["blog.londrina.pr.gov.br?id=49802"]},{"id":49275,"author":"115","status":"publish","date":"2019-03-15 14:28:40","date_utc":"2019-03-15 17:28:40","modified":"2019-03-15 14:28:40","modified_utc":"2019-03-15 17:28:40","url":"https:\/\/blog.londrina.pr.gov.br\/?tribe_organizer=secretaria-municipal-de-saude","organizer":"Secretaria Municipal de Sa\u00fade","slug":"secretaria-municipal-de-saude","phone":"3372-9430","json_ld":{"@type":"Person","name":"Secretaria Municipal de Sa\u00fade","description":"","url":"https:\/\/blog.londrina.pr.gov.br\/?tribe_organizer=secretaria-municipal-de-saude","telephone":"3372-9430","email":"","sameAs":""},"global_id":"blog.londrina.pr.gov.br?id=49275","global_id_lineage":["blog.londrina.pr.gov.br?id=49275"]}],"json_ld":{"@context":"http:\/\/schema.org","@type":"Event","name":"14\u00aa Confer\u00eancia Municipal de Sa\u00fade","description":"&lt;p&gt;Neste s\u00e1bado (23) e domingo (24) ser\u00e1 realizada a 14\u00aa Confer\u00eancia Municipal de Sa\u00fade em Londrina. Com o tema Democracia e Sa\u00fade, o encontro deve reunir usu\u00e1rios do Sistema \u00danico de Sa\u00fade (SUS), entidades de classe e profissionais da \u00e1rea, prestadores de servi\u00e7os do setor p\u00fablico e privado, e representantes do poder p\u00fablico municipal e &hellip;&lt;\/p&gt;\\n","url":"https:\/\/blog.londrina.pr.gov.br\/?tribe_events=14a-conferencia-municipal-de-saude-em-londrina","startDate":"2019-03-23T08:00:00-03:00","endDate":"2019-03-24T17:00:00-03:00","location":{"@type":"Place","name":"Col\u00e9gio Londrinense","description":"","url":"https:\/\/blog.londrina.pr.gov.br\/?tribe_venue=colegio-londrinense-3","address":{"@type":"PostalAddress","streetAddress":"Avenida Juscelino Kubitschek, 1652","addressLocality":"Londrina","addressRegion":"Paran\u00e1","postalCode":"86020-001","addressCountry":"Brazil"},"telephone":"","sameAs":""},"organizer":{"@type":"Person","name":"Conselho Municipal de Sa\u00fade","description":"","url":"https:\/\/blog.londrina.pr.gov.br\/?tribe_organizer=conselho-municipal-de-saude-3","telephone":"","email":"","sameAs":""},"performer":"Organization"}}