{"id":49815,"global_id":"blog.londrina.pr.gov.br?id=49815","global_id_lineage":["blog.londrina.pr.gov.br?id=49815"],"author":"115","status":"publish","date":"2019-03-20 16:20:22","date_utc":"2019-03-20 19:20:22","modified":"2019-03-20 18:53:36","modified_utc":"2019-03-20 21:53:36","url":"https:\/\/blog.londrina.pr.gov.br\/?tribe_events=sarara-criolo-lancamento-do-disco-na-concha-acustica","rest_url":"https:\/\/blog.londrina.pr.gov.br\/index.php?rest_route=\/tribe\/events\/v1\/events\/49815","title":"Lan\u00e7amento CD Sarar\u00e1 Criolo","description":"<p>Nesta sexta-feira, dia 22, \u00e0s 18h30, o grupo londrinense Sarar\u00e1 Criolo apresenta pela primeira vez ao grande p\u00fablico as onze composi\u00e7\u00f5es de seu primeiro CD em um show gratuito na Concha Ac\u00fastica.<\/p>\n<p>Al\u00e9m do disco f\u00edsico, a Sarar\u00e1 lan\u00e7a tamb\u00e9m neste primeiro semestre as can\u00e7\u00f5es em plataformas digitais, como Deezer e Spotify. \u00a0O projeto conta com o patroc\u00ednio da Secretaria Municipal de Cultura, por meio do PROMIC \u2013 Programa Municipal de Incentivo \u00e0 Cultura.<\/p>","excerpt":"","slug":"sarara-criolo-lancamento-do-disco-na-concha-acustica","image":false,"all_day":false,"start_date":"2019-03-22 18:30:00","start_date_details":{"year":"2019","month":"03","day":"22","hour":"18","minutes":"30","seconds":"00"},"end_date":"2019-03-22 18:30:00","end_date_details":{"year":"2019","month":"03","day":"22","hour":"18","minutes":"30","seconds":"00"},"utc_start_date":"2019-03-22 21:30:00","utc_start_date_details":{"year":"2019","month":"03","day":"22","hour":"21","minutes":"30","seconds":"00"},"utc_end_date":"2019-03-22 21:30:00","utc_end_date_details":{"year":"2019","month":"03","day":"22","hour":"21","minutes":"30","seconds":"00"},"timezone":"America\/Sao_Paulo","timezone_abbr":"-03","cost":"","cost_details":{"currency_symbol":"","currency_position":"prefix","values":[]},"website":"https:\/\/www.facebook.com\/events\/1381154018693173\/","show_map":true,"show_map_link":true,"hide_from_listings":false,"sticky":false,"featured":false,"categories":[{"name":"Cultura","slug":"cultura","term_group":0,"term_taxonomy_id":699,"taxonomy":"tribe_events_cat","description":"","parent":0,"count":123,"filter":"raw","id":699,"urls":{"self":"https:\/\/blog.londrina.pr.gov.br\/index.php?rest_route=\/tribe\/events\/v1\/categories\/699","collection":"https:\/\/blog.londrina.pr.gov.br\/index.php?rest_route=\/tribe\/events\/v1\/categories"}}],"tags":[],"venue":{"id":49821,"author":"115","status":"publish","date":"2019-03-20 16:20:23","date_utc":"2019-03-20 19:20:23","modified":"2019-03-20 16:20:23","modified_utc":"2019-03-20 19:20:23","url":"https:\/\/blog.londrina.pr.gov.br\/?tribe_venue=concha-acustica-3","venue":"Concha Ac\u00fastica","slug":"concha-acustica-3","address":"Rua Piau\u00ed, 130","city":"Londrina","country":"Brazil","province":"PR","zip":"86020-390","stateprovince":"PR","json_ld":{"@type":"Place","name":"Concha Ac\u00fastica","description":"","url":"https:\/\/blog.londrina.pr.gov.br\/?tribe_venue=concha-acustica-3","address":{"@type":"PostalAddress","streetAddress":"Rua Piau\u00ed, 130","addressLocality":"Londrina","addressRegion":"PR","postalCode":"86020-390","addressCountry":"Brazil"},"telephone":"","sameAs":""},"show_map":true,"show_map_link":true,"global_id":"blog.londrina.pr.gov.br?id=49821","global_id_lineage":["blog.londrina.pr.gov.br?id=49821"]},"organizer":[{"id":49822,"author":"115","status":"publish","date":"2019-03-20 16:20:23","date_utc":"2019-03-20 19:20:23","modified":"2019-03-20 16:20:23","modified_utc":"2019-03-20 19:20:23","url":"https:\/\/blog.londrina.pr.gov.br\/?tribe_organizer=sarara-criolo-3","organizer":"Sarar\u00e1 Criolo","slug":"sarara-criolo-3","json_ld":{"@type":"Person","name":"Sarar\u00e1 Criolo","description":"","url":"https:\/\/blog.londrina.pr.gov.br\/?tribe_organizer=sarara-criolo-3","telephone":"","email":"","sameAs":""},"global_id":"blog.londrina.pr.gov.br?id=49822","global_id_lineage":["blog.londrina.pr.gov.br?id=49822"]}],"json_ld":{"@context":"http:\/\/schema.org","@type":"Event","name":"Lan\u00e7amento CD Sarar\u00e1 Criolo","description":"&lt;p&gt;Nesta sexta-feira, dia 22, \u00e0s 18h30, o grupo londrinense Sarar\u00e1 Criolo apresenta pela primeira vez ao grande p\u00fablico as onze composi\u00e7\u00f5es de seu primeiro CD em um show gratuito na Concha Ac\u00fastica. Al\u00e9m do disco f\u00edsico, a Sarar\u00e1 lan\u00e7a tamb\u00e9m neste primeiro semestre as can\u00e7\u00f5es em plataformas digitais, como Deezer e Spotify. \u00a0O projeto conta &hellip;&lt;\/p&gt;\\n","url":"https:\/\/blog.londrina.pr.gov.br\/?tribe_events=sarara-criolo-lancamento-do-disco-na-concha-acustica","startDate":"2019-03-22T18:30:00-03:00","endDate":"2019-03-22T18:30:00-03:00","location":{"@type":"Place","name":"Concha Ac\u00fastica","description":"","url":"https:\/\/blog.londrina.pr.gov.br\/?tribe_venue=concha-acustica-3","address":{"@type":"PostalAddress","streetAddress":"Rua Piau\u00ed, 130","addressLocality":"Londrina","addressRegion":"PR","postalCode":"86020-390","addressCountry":"Brazil"},"telephone":"","sameAs":""},"organizer":{"@type":"Person","name":"Sarar\u00e1 Criolo","description":"","url":"https:\/\/blog.londrina.pr.gov.br\/?tribe_organizer=sarara-criolo-3","telephone":"","email":"","sameAs":""},"performer":"Organization"}}