{"id":50050,"global_id":"blog.londrina.pr.gov.br?id=50050","global_id_lineage":["blog.londrina.pr.gov.br?id=50050"],"author":"115","status":"publish","date":"2019-03-22 17:54:26","date_utc":"2019-03-22 20:54:26","modified":"2019-03-22 17:54:26","modified_utc":"2019-03-22 20:54:26","url":"https:\/\/blog.londrina.pr.gov.br\/?tribe_events=jornada-feminina-do-autocuidado-ubs-pind","rest_url":"https:\/\/blog.londrina.pr.gov.br\/index.php?rest_route=\/tribe\/events\/v1\/events\/50050","title":"Jornada Feminina do Autocuidado &#8211; UBS PIND","description":"<p>Dentro da programa\u00e7\u00e3o do M\u00eas da Mulher, promovido pela Secretaria Municipal de Sa\u00fade, as UBSs do Piza, PIND e San Izidro realizam, nos dias 25, 27 e 28, respectivamente, a Jornada Feminina do Autocuidado, com uma s\u00e9rie de atividades que contemplam as pacientes atendidas pelas unidades.<\/p>\n<p>A a\u00e7\u00e3o \u00e9 uma realiza\u00e7\u00e3o do NASF 4 Sul com apoio das coordena\u00e7\u00f5es das unidades de Sa\u00fade. A primeira UBS a receber a Jornada Feminina do Autocuidado ser\u00e1 a do Jardim Piza, na segunda (25) e as a\u00e7\u00f5es ser\u00e3o realizadas na Igreja Presbiteriana Independente. A mesma programa\u00e7\u00e3o ser\u00e1 realizada quarta-feira (27), pela UBS PIND, na Igreja S\u00e3o Francisco de Assis. E, na quinta-feira (28), pela UBS San Izidro, na Capela Sagrada Fam\u00edlia.<\/p>\n<p>Pela manh\u00e3, \u00e0s 8 horas, haver\u00e1 uma medita\u00e7\u00e3o sobre o feminino e o sagrado. A Coordena\u00e7\u00e3o de Endemias da Sa\u00fade ir\u00e1 participar com orienta\u00e7\u00f5es preventivas contra a dengue e o mosquito transmissor da doen\u00e7a, enfatizando o papel da comunidade da regi\u00e3o sul na luta contra a prolifera\u00e7\u00e3o do Aedes aegypti. As mulheres ter\u00e3o ainda aula te\u00f3rica e pr\u00e1tica de automassagem, e palestra sobre o corpo, uma oficina ensinando a produzir repelente caseiro, e uma feira de artesanatos ir\u00e1 expor, para venda, produtos produzidos na regi\u00e3o.<\/p>\n<p>E a partir das 14 horas, as participantes v\u00e3o aprender sobre alimenta\u00e7\u00e3o pr\u00e1tica e funcional e como exercitar corpo e mente. A agenda encerra com uma conversa sobre sexualidade, esclarecendo v\u00e1rios mitos comuns, e termina com uma atividade mais agitada.<\/p>\n<p>Para participar do evento, est\u00e3o sendo solicitads doa\u00e7\u00f5es de produtos de higiene pessoal ou maquiagem, que ser\u00e3o destinados \u00e0 popula\u00e7\u00e3o atendida pela Casa Abrigo Canto de D\u00e1lia.<\/p>","excerpt":"","slug":"jornada-feminina-do-autocuidado-ubs-pind","image":false,"all_day":false,"start_date":"2019-03-27 08:00:00","start_date_details":{"year":"2019","month":"03","day":"27","hour":"08","minutes":"00","seconds":"00"},"end_date":"2019-03-27 16:00:00","end_date_details":{"year":"2019","month":"03","day":"27","hour":"16","minutes":"00","seconds":"00"},"utc_start_date":"2019-03-27 11:00:00","utc_start_date_details":{"year":"2019","month":"03","day":"27","hour":"11","minutes":"00","seconds":"00"},"utc_end_date":"2019-03-27 19:00:00","utc_end_date_details":{"year":"2019","month":"03","day":"27","hour":"19","minutes":"00","seconds":"00"},"timezone":"America\/Sao_Paulo","timezone_abbr":"-03","cost":"","cost_details":{"currency_symbol":"","currency_position":"prefix","values":[]},"website":"","show_map":true,"show_map_link":true,"hide_from_listings":false,"sticky":false,"featured":false,"categories":[{"name":"A\u00e7\u00e3o Social","slug":"acao-social","term_group":0,"term_taxonomy_id":698,"taxonomy":"tribe_events_cat","description":"","parent":0,"count":30,"filter":"raw","id":698,"urls":{"self":"https:\/\/blog.londrina.pr.gov.br\/index.php?rest_route=\/tribe\/events\/v1\/categories\/698","collection":"https:\/\/blog.londrina.pr.gov.br\/index.php?rest_route=\/tribe\/events\/v1\/categories"}},{"name":"Mulher","slug":"mulher","term_group":0,"term_taxonomy_id":919,"taxonomy":"tribe_events_cat","description":"","parent":0,"count":19,"filter":"raw","id":919,"urls":{"self":"https:\/\/blog.londrina.pr.gov.br\/index.php?rest_route=\/tribe\/events\/v1\/categories\/919","collection":"https:\/\/blog.londrina.pr.gov.br\/index.php?rest_route=\/tribe\/events\/v1\/categories"}},{"name":"Sa\u00fade","slug":"saude","term_group":0,"term_taxonomy_id":1005,"taxonomy":"tribe_events_cat","description":"","parent":0,"count":19,"filter":"raw","id":1005,"urls":{"self":"https:\/\/blog.londrina.pr.gov.br\/index.php?rest_route=\/tribe\/events\/v1\/categories\/1005","collection":"https:\/\/blog.londrina.pr.gov.br\/index.php?rest_route=\/tribe\/events\/v1\/categories"}}],"tags":[{"name":"M\u00eas da Mulher","slug":"mes-da-mulher","term_group":0,"term_taxonomy_id":844,"taxonomy":"post_tag","description":"","parent":0,"count":82,"filter":"raw","id":844,"urls":{"self":"https:\/\/blog.londrina.pr.gov.br\/index.php?rest_route=\/tribe\/events\/v1\/tags\/844","collection":"https:\/\/blog.londrina.pr.gov.br\/index.php?rest_route=\/tribe\/events\/v1\/tags"}},{"name":"mulher","slug":"mulher","term_group":0,"term_taxonomy_id":209,"taxonomy":"post_tag","description":"","parent":0,"count":795,"filter":"raw","id":209,"urls":{"self":"https:\/\/blog.londrina.pr.gov.br\/index.php?rest_route=\/tribe\/events\/v1\/tags\/209","collection":"https:\/\/blog.londrina.pr.gov.br\/index.php?rest_route=\/tribe\/events\/v1\/tags"}},{"name":"sa\u00fade","slug":"saude","term_group":0,"term_taxonomy_id":58,"taxonomy":"post_tag","description":"","parent":0,"count":3161,"filter":"raw","id":58,"urls":{"self":"https:\/\/blog.londrina.pr.gov.br\/index.php?rest_route=\/tribe\/events\/v1\/tags\/58","collection":"https:\/\/blog.londrina.pr.gov.br\/index.php?rest_route=\/tribe\/events\/v1\/tags"}}],"venue":{"id":50054,"author":"115","status":"publish","date":"2019-03-22 17:54:27","date_utc":"2019-03-22 20:54:27","modified":"2019-03-22 17:54:27","modified_utc":"2019-03-22 20:54:27","url":"https:\/\/blog.londrina.pr.gov.br\/?tribe_venue=capela-sao-francisco-de-assis-2","venue":"Capela S\u00e3o Francisco de Assis","slug":"capela-sao-francisco-de-assis-2","address":"Rua Sempre-Viva, 164","city":"Londrina","country":"Brazil","province":"PR","zip":"86043-080","stateprovince":"PR","json_ld":{"@type":"Place","name":"Capela S\u00e3o Francisco de Assis","description":"","url":"https:\/\/blog.londrina.pr.gov.br\/?tribe_venue=capela-sao-francisco-de-assis-2","address":{"@type":"PostalAddress","streetAddress":"Rua Sempre-Viva, 164","addressLocality":"Londrina","addressRegion":"PR","postalCode":"86043-080","addressCountry":"Brazil"},"telephone":"","sameAs":""},"show_map":true,"show_map_link":true,"global_id":"blog.londrina.pr.gov.br?id=50054","global_id_lineage":["blog.londrina.pr.gov.br?id=50054"]},"organizer":[{"id":50055,"author":"115","status":"publish","date":"2019-03-22 17:54:27","date_utc":"2019-03-22 20:54:27","modified":"2019-03-22 17:54:27","modified_utc":"2019-03-22 20:54:27","url":"https:\/\/blog.londrina.pr.gov.br\/?tribe_organizer=ubs-pind-2","organizer":"UBS PIND","slug":"ubs-pind-2","json_ld":{"@type":"Person","name":"UBS PIND","description":"","url":"https:\/\/blog.londrina.pr.gov.br\/?tribe_organizer=ubs-pind-2","telephone":"","email":"","sameAs":""},"global_id":"blog.londrina.pr.gov.br?id=50055","global_id_lineage":["blog.londrina.pr.gov.br?id=50055"]},{"id":49275,"author":"115","status":"publish","date":"2019-03-15 14:28:40","date_utc":"2019-03-15 17:28:40","modified":"2019-03-15 14:28:40","modified_utc":"2019-03-15 17:28:40","url":"https:\/\/blog.londrina.pr.gov.br\/?tribe_organizer=secretaria-municipal-de-saude","organizer":"Secretaria Municipal de Sa\u00fade","slug":"secretaria-municipal-de-saude","phone":"3372-9430","json_ld":{"@type":"Person","name":"Secretaria Municipal de Sa\u00fade","description":"","url":"https:\/\/blog.londrina.pr.gov.br\/?tribe_organizer=secretaria-municipal-de-saude","telephone":"3372-9430","email":"","sameAs":""},"global_id":"blog.londrina.pr.gov.br?id=49275","global_id_lineage":["blog.londrina.pr.gov.br?id=49275"]}],"json_ld":{"@context":"http:\/\/schema.org","@type":"Event","name":"Jornada Feminina do Autocuidado &#8211; UBS PIND","description":"&lt;p&gt;Dentro da programa\u00e7\u00e3o do M\u00eas da Mulher, promovido pela Secretaria Municipal de Sa\u00fade, as UBSs do Piza, PIND e San Izidro realizam, nos dias 25, 27 e 28, respectivamente, a Jornada Feminina do Autocuidado, com uma s\u00e9rie de atividades que contemplam as pacientes atendidas pelas unidades. A a\u00e7\u00e3o \u00e9 uma realiza\u00e7\u00e3o do NASF 4 Sul &hellip;&lt;\/p&gt;\\n","url":"https:\/\/blog.londrina.pr.gov.br\/?tribe_events=jornada-feminina-do-autocuidado-ubs-pind","startDate":"2019-03-27T08:00:00-03:00","endDate":"2019-03-27T16:00:00-03:00","location":{"@type":"Place","name":"Capela S\u00e3o Francisco de Assis","description":"","url":"https:\/\/blog.londrina.pr.gov.br\/?tribe_venue=capela-sao-francisco-de-assis-2","address":{"@type":"PostalAddress","streetAddress":"Rua Sempre-Viva, 164","addressLocality":"Londrina","addressRegion":"PR","postalCode":"86043-080","addressCountry":"Brazil"},"telephone":"","sameAs":""},"organizer":{"@type":"Person","name":"UBS PIND","description":"","url":"https:\/\/blog.londrina.pr.gov.br\/?tribe_organizer=ubs-pind-2","telephone":"","email":"","sameAs":""},"performer":"Organization"}}