{"id":50862,"global_id":"blog.londrina.pr.gov.br?id=50862","global_id_lineage":["blog.londrina.pr.gov.br?id=50862"],"author":"115","status":"publish","date":"2019-04-01 18:18:22","date_utc":"2019-04-01 21:18:22","modified":"2019-04-01 18:28:20","modified_utc":"2019-04-01 21:28:20","url":"https:\/\/blog.londrina.pr.gov.br\/?tribe_events=9a-conferencia-municipal-dos-direitos-do-idoso-pre-conferencias","rest_url":"https:\/\/blog.londrina.pr.gov.br\/index.php?rest_route=\/tribe\/events\/v1\/events\/50862","title":"9\u00aa Confer\u00eancia Municipal dos Direitos do Idoso: pr\u00e9-confer\u00eancia na regi\u00e3o Leste","description":"<p>O Conselho Municipal dos Direitos do Idoso (CMDI) inicia a s\u00e9rie de pr\u00e9-confer\u00eancias, encontros regionais que integram a etapa preparat\u00f3ria da 9\u00aa Confer\u00eancia Municipal dos Direitos do Idoso, com o tema \u201cOs desafios de envelhecer no s\u00e9culo XXI e o papel das pol\u00edticas p\u00fablicas\u201d.<\/p>\n<p>Toda a comunidade, especialmente as pessoas idosas, s\u00e3o convidadas a participar das pr\u00e9-confer\u00eancias, e n\u00e3o \u00e9 preciso fazer inscri\u00e7\u00e3o pr\u00e9via.<\/p>\n<p>Al\u00e9m de sele\u00e7\u00e3o de delegados para a etapa municipal, com direito a voz e voto, durante as pr\u00e9-confer\u00eancias haver\u00e1 debate sobre os sete eixos tem\u00e1ticos pr\u00e9-estabelecidos pelos Conselhos Estadual e Nacional do Idoso.<\/p>","excerpt":"","slug":"9a-conferencia-municipal-dos-direitos-do-idoso-pre-conferencias","image":false,"all_day":false,"start_date":"2019-04-08 14:00:00","start_date_details":{"year":"2019","month":"04","day":"08","hour":"14","minutes":"00","seconds":"00"},"end_date":"2019-04-08 17:00:00","end_date_details":{"year":"2019","month":"04","day":"08","hour":"17","minutes":"00","seconds":"00"},"utc_start_date":"2019-04-08 17:00:00","utc_start_date_details":{"year":"2019","month":"04","day":"08","hour":"17","minutes":"00","seconds":"00"},"utc_end_date":"2019-04-08 20:00:00","utc_end_date_details":{"year":"2019","month":"04","day":"08","hour":"20","minutes":"00","seconds":"00"},"timezone":"America\/Sao_Paulo","timezone_abbr":"-03","cost":"","cost_details":{"currency_symbol":"","currency_position":"prefix","values":[]},"website":"","show_map":true,"show_map_link":true,"hide_from_listings":false,"sticky":false,"featured":false,"categories":[{"name":"Idoso","slug":"idoso","term_group":0,"term_taxonomy_id":928,"taxonomy":"tribe_events_cat","description":"","parent":0,"count":16,"filter":"raw","id":928,"urls":{"self":"https:\/\/blog.londrina.pr.gov.br\/index.php?rest_route=\/tribe\/events\/v1\/categories\/928","collection":"https:\/\/blog.londrina.pr.gov.br\/index.php?rest_route=\/tribe\/events\/v1\/categories"}}],"tags":[{"name":"confer\u00eancia municipal","slug":"conferencia-municipal","term_group":0,"term_taxonomy_id":977,"taxonomy":"post_tag","description":"","parent":0,"count":33,"filter":"raw","id":977,"urls":{"self":"https:\/\/blog.londrina.pr.gov.br\/index.php?rest_route=\/tribe\/events\/v1\/tags\/977","collection":"https:\/\/blog.londrina.pr.gov.br\/index.php?rest_route=\/tribe\/events\/v1\/tags"}},{"name":"controle-social","slug":"controle-social","term_group":0,"term_taxonomy_id":611,"taxonomy":"post_tag","description":"","parent":0,"count":83,"filter":"raw","id":611,"urls":{"self":"https:\/\/blog.londrina.pr.gov.br\/index.php?rest_route=\/tribe\/events\/v1\/tags\/611","collection":"https:\/\/blog.londrina.pr.gov.br\/index.php?rest_route=\/tribe\/events\/v1\/tags"}},{"name":"idoso","slug":"idoso","term_group":0,"term_taxonomy_id":405,"taxonomy":"post_tag","description":"","parent":0,"count":663,"filter":"raw","id":405,"urls":{"self":"https:\/\/blog.londrina.pr.gov.br\/index.php?rest_route=\/tribe\/events\/v1\/tags\/405","collection":"https:\/\/blog.londrina.pr.gov.br\/index.php?rest_route=\/tribe\/events\/v1\/tags"}}],"venue":{"id":50864,"author":"115","status":"publish","date":"2019-04-01 18:18:22","date_utc":"2019-04-01 21:18:22","modified":"2019-04-01 18:18:22","modified_utc":"2019-04-01 21:18:22","url":"https:\/\/blog.londrina.pr.gov.br\/?tribe_venue=centro-de-convivencia-do-idoso-da-regiao-leste","venue":"Centro de Conviv\u00eancia do Idoso da Regi\u00e3o Leste","slug":"centro-de-convivencia-do-idoso-da-regiao-leste","address":"Rua Gabriel Matokanovic, 260","city":"Londrina","country":"Brazil","province":"PR","stateprovince":"PR","json_ld":{"@type":"Place","name":"Centro de Conviv\u00eancia do Idoso da Regi\u00e3o Leste","description":"","url":"https:\/\/blog.londrina.pr.gov.br\/?tribe_venue=centro-de-convivencia-do-idoso-da-regiao-leste","address":{"@type":"PostalAddress","streetAddress":"Rua Gabriel Matokanovic, 260","addressLocality":"Londrina","addressRegion":"PR","addressCountry":"Brazil"},"telephone":"","sameAs":""},"show_map":true,"show_map_link":true,"global_id":"blog.londrina.pr.gov.br?id=50864","global_id_lineage":["blog.londrina.pr.gov.br?id=50864"]},"organizer":[],"json_ld":{"@context":"http:\/\/schema.org","@type":"Event","name":"9\u00aa Confer\u00eancia Municipal dos Direitos do Idoso: pr\u00e9-confer\u00eancia na regi\u00e3o Leste","description":"&lt;p&gt;O Conselho Municipal dos Direitos do Idoso (CMDI) inicia a s\u00e9rie de pr\u00e9-confer\u00eancias, encontros regionais que integram a etapa preparat\u00f3ria da 9\u00aa Confer\u00eancia Municipal dos Direitos do Idoso, com o tema \u201cOs desafios de envelhecer no s\u00e9culo XXI e o papel das pol\u00edticas p\u00fablicas\u201d. Toda a comunidade, especialmente as pessoas idosas, s\u00e3o convidadas a participar &hellip;&lt;\/p&gt;\\n","url":"https:\/\/blog.londrina.pr.gov.br\/?tribe_events=9a-conferencia-municipal-dos-direitos-do-idoso-pre-conferencias","startDate":"2019-04-08T14:00:00-03:00","endDate":"2019-04-08T17:00:00-03:00","location":{"@type":"Place","name":"Centro de Conviv\u00eancia do Idoso da Regi\u00e3o Leste","description":"","url":"https:\/\/blog.londrina.pr.gov.br\/?tribe_venue=centro-de-convivencia-do-idoso-da-regiao-leste","address":{"@type":"PostalAddress","streetAddress":"Rua Gabriel Matokanovic, 260","addressLocality":"Londrina","addressRegion":"PR","addressCountry":"Brazil"},"telephone":"","sameAs":""},"performer":"Organization"}}