{"id":51252,"global_id":"blog.londrina.pr.gov.br?id=51252","global_id_lineage":["blog.londrina.pr.gov.br?id=51252"],"author":"116","status":"publish","date":"2019-04-05 16:02:27","date_utc":"2019-04-05 19:02:27","modified":"2019-04-05 16:02:27","modified_utc":"2019-04-05 19:02:27","url":"https:\/\/blog.londrina.pr.gov.br\/?tribe_events=concurso-novos-cronistas-londrix-prossegue-com-inscricoes-abertas&eventDate=2019-04-08","rest_url":"https:\/\/blog.londrina.pr.gov.br\/index.php?rest_route=\/tribe\/events\/v1\/events\/51252","title":"Concurso Novos Cronistas Londrix prossegue com inscri\u00e7\u00f5es abertas","description":"<p>O Festival Liter\u00e1rio de Londrina (Londrix) promove, na segunda (8) e ter\u00e7a-feira (9), a Oficina de V\u00eddeoPoema, na Vila Cultural Cemit\u00e9rio de Autom\u00f3veis, localizada na Avenida Arthur Thomas, 342. A atividade \u00e9 gratuita e acontece das 9 \u00e0s 14 horas e das 14 \u00e0s 17 horas, contemplando 12 horas de oficina, divididas entre teoria e pr\u00e1tica.<\/p>\n<p>Ser\u00e3o abordados desde os conceitos desse g\u00eanero, sua origem, os principais representantes do Brasil e do mundo, at\u00e9 o desenvolvimento e produ\u00e7\u00e3o de videopoemas feito pelos pr\u00f3prios participantes. Segundo a diretora do Festival, Christine Vianna, a proposta \u00e9 utilizar poesias de autoria dos pr\u00f3prios oficineiros e a partir da\u00ed agregar a palavra escrita com diferentes linguagens do audiovisual.<\/p>\n<p>\u201cV\u00e3o ser apresentadas algumas t\u00e9cnicas de audiovisual, como roteiro, filmagem, enquadramentos de c\u00e2mera, capta\u00e7\u00e3o de som e edi\u00e7\u00e3o para que os participantes possam criar seus videopoemas, utilizando de c\u00e2meras e aplicativos de celular ou outros equipamentos dispon\u00edveis durante a oficina\u201d, contou.<\/p>\n<p>A atividade ser\u00e1 conduzida pela jornalista, diretora de produ\u00e7\u00e3o cultural e produtora de audiovisual Fran Camilo. Formada em Comunica\u00e7\u00e3o Social \u2013 Jornalismo pela Universidade Estadual de Londrina (UEL), \u00e9 especialista em Cinema e tem forma\u00e7\u00e3o em Dire\u00e7\u00e3o de Produ\u00e7\u00e3o Cultural. Trabalha como produtora, assistente de produ\u00e7\u00e3o, diretora, assistente de dire\u00e7\u00e3o, roteirista, edi\u00e7\u00e3o\/montagem, rep\u00f3rter, assessora de imprensa e \u00e9 propriet\u00e1ria da Metafixa Produ\u00e7\u00f5es. Mais informa\u00e7\u00f5es sobre a atividade podem ser obtidas pelo e-mail londrixfestivalliterario@gmail.com.<\/p>\n<p><strong>Sobre o Festival<\/strong> &#8211; Este ano, o Londrix completa 15 anos e ser\u00e1 realizado entre os dias 6 e 11 de maio, reunindo debates, palestras, performances, saraus, exposi\u00e7\u00e3o, feira de livros e oficinas. Ao longo de suas edi\u00e7\u00f5es, al\u00e9m de transitar entre todas as formas de manifesta\u00e7\u00e3o art\u00edstico-liter\u00e1ria, o festival reuniu, promoveu, valorizou e difundiu autores representativos da literatura brasileira.<\/p>\n<p>Trata-se de um festival que celebra o universo liter\u00e1rio e a forma\u00e7\u00e3o de leitores, cumprindo a fun\u00e7\u00e3o de interface que conecta escritores, editores e o p\u00fablico na cadeia de produ\u00e7\u00e3o-circula\u00e7\u00e3o do livro e servi\u00e7os da cultura correlatos. A realiza\u00e7\u00e3o \u00e9 do grupo Atrito Arte Artistas e Produtores Associados (AARPA), com patroc\u00ednio da Prefeitura de Londrina, por meio do Programa Municipal de Incentivo \u00e0 Cultura (Promic), Governo Federal, al\u00e9m de parceria da Universidade Estadual de Londrina (UEL) e apoio do Cultural.<\/p>","excerpt":"","slug":"concurso-novos-cronistas-londrix-prossegue-com-inscricoes-abertas","image":false,"all_day":true,"start_date":"2019-04-08 00:00:00","start_date_details":{"year":"2019","month":"04","day":"08","hour":"00","minutes":"00","seconds":"00"},"end_date":"2019-04-09 23:59:59","end_date_details":{"year":"2019","month":"04","day":"09","hour":"23","minutes":"59","seconds":"59"},"utc_start_date":"2019-04-08 03:00:00","utc_start_date_details":{"year":"2019","month":"04","day":"08","hour":"03","minutes":"00","seconds":"00"},"utc_end_date":"2019-04-10 02:59:59","utc_end_date_details":{"year":"2019","month":"04","day":"10","hour":"02","minutes":"59","seconds":"59"},"timezone":"America\/Sao_Paulo","timezone_abbr":"-03","cost":"Livre","cost_details":{"currency_symbol":"R$","currency_position":"prefix","values":["0"]},"website":"","show_map":true,"show_map_link":true,"hide_from_listings":false,"sticky":false,"featured":false,"categories":[{"name":"Cultura","slug":"cultura","term_group":0,"term_taxonomy_id":699,"taxonomy":"tribe_events_cat","description":"","parent":0,"count":123,"filter":"raw","id":699,"urls":{"self":"https:\/\/blog.londrina.pr.gov.br\/index.php?rest_route=\/tribe\/events\/v1\/categories\/699","collection":"https:\/\/blog.londrina.pr.gov.br\/index.php?rest_route=\/tribe\/events\/v1\/categories"}}],"tags":[{"name":"londrix","slug":"londrix","term_group":0,"term_taxonomy_id":1004,"taxonomy":"post_tag","description":"","parent":0,"count":66,"filter":"raw","id":1004,"urls":{"self":"https:\/\/blog.londrina.pr.gov.br\/index.php?rest_route=\/tribe\/events\/v1\/tags\/1004","collection":"https:\/\/blog.londrina.pr.gov.br\/index.php?rest_route=\/tribe\/events\/v1\/tags"}},{"name":"promic","slug":"promic","term_group":0,"term_taxonomy_id":270,"taxonomy":"post_tag","description":"","parent":0,"count":1355,"filter":"raw","id":270,"urls":{"self":"https:\/\/blog.londrina.pr.gov.br\/index.php?rest_route=\/tribe\/events\/v1\/tags\/270","collection":"https:\/\/blog.londrina.pr.gov.br\/index.php?rest_route=\/tribe\/events\/v1\/tags"}},{"name":"V\u00eddeoPoema","slug":"videopoema","term_group":0,"term_taxonomy_id":1359,"taxonomy":"post_tag","description":"","parent":0,"count":5,"filter":"raw","id":1359,"urls":{"self":"https:\/\/blog.londrina.pr.gov.br\/index.php?rest_route=\/tribe\/events\/v1\/tags\/1359","collection":"https:\/\/blog.londrina.pr.gov.br\/index.php?rest_route=\/tribe\/events\/v1\/tags"}}],"venue":{"id":51254,"author":"116","status":"publish","date":"2019-04-05 16:02:27","date_utc":"2019-04-05 19:02:27","modified":"2019-04-05 16:02:27","modified_utc":"2019-04-05 19:02:27","url":"https:\/\/blog.londrina.pr.gov.br\/?tribe_venue=vila-cultural-cemiterio-de-automoveis-2","venue":"Vila Cultural Cemit\u00e9rio de Autom\u00f3veis","slug":"vila-cultural-cemiterio-de-automoveis-2","address":"Avenida Arthur Thomas, 342","city":"Londrina","country":"Brazil","province":"PR","zip":"86063-380","website":"https:\/\/vilacemiteriodeautomoveis.wordpress.com\/about\/","stateprovince":"PR","json_ld":{"@type":"Place","name":"Vila Cultural Cemit\u00e9rio de Autom\u00f3veis","description":"","url":"https:\/\/blog.londrina.pr.gov.br\/?tribe_venue=vila-cultural-cemiterio-de-automoveis-2","address":{"@type":"PostalAddress","streetAddress":"Avenida Arthur Thomas, 342","addressLocality":"Londrina","addressRegion":"PR","postalCode":"86063-380","addressCountry":"Brazil"},"telephone":"","sameAs":"https:\/\/vilacemiteriodeautomoveis.wordpress.com\/about\/"},"show_map":true,"show_map_link":true,"global_id":"blog.londrina.pr.gov.br?id=51254","global_id_lineage":["blog.londrina.pr.gov.br?id=51254"]},"organizer":[{"id":49311,"author":"117","status":"publish","date":"2019-03-15 16:07:06","date_utc":"2019-03-15 19:07:06","modified":"2019-03-15 16:07:06","modified_utc":"2019-03-15 19:07:06","url":"https:\/\/blog.londrina.pr.gov.br\/?tribe_organizer=vila-cultural-cemiterio-de-automoveis","organizer":"Vila Cultural Cemit\u00e9rio de Autom\u00f3veis","slug":"vila-cultural-cemiterio-de-automoveis","json_ld":{"@type":"Person","name":"Vila Cultural Cemit\u00e9rio de Autom\u00f3veis","description":"","url":"https:\/\/blog.londrina.pr.gov.br\/?tribe_organizer=vila-cultural-cemiterio-de-automoveis","telephone":"","email":"","sameAs":""},"global_id":"blog.londrina.pr.gov.br?id=49311","global_id_lineage":["blog.londrina.pr.gov.br?id=49311"]}],"json_ld":{"@context":"http:\/\/schema.org","@type":"Event","name":"Concurso Novos Cronistas Londrix prossegue com inscri\u00e7\u00f5es abertas","description":"&lt;p&gt;O Festival Liter\u00e1rio de Londrina (Londrix) promove, na segunda (8) e ter\u00e7a-feira (9), a Oficina de V\u00eddeoPoema, na Vila Cultural Cemit\u00e9rio de Autom\u00f3veis, localizada na Avenida Arthur Thomas, 342. A atividade \u00e9 gratuita e acontece das 9 \u00e0s 14 horas e das 14 \u00e0s 17 horas, contemplando 12 horas de oficina, divididas entre teoria e &hellip;&lt;\/p&gt;\\n","url":"https:\/\/blog.londrina.pr.gov.br\/?tribe_events=concurso-novos-cronistas-londrix-prossegue-com-inscricoes-abertas&eventDate=2019-04-08","startDate":"2019-04-08T00:00:00-03:00","endDate":"2019-04-09T23:59:59-03:00","location":{"@type":"Place","name":"Vila Cultural Cemit\u00e9rio de Autom\u00f3veis","description":"","url":"https:\/\/blog.londrina.pr.gov.br\/?tribe_venue=vila-cultural-cemiterio-de-automoveis-2","address":{"@type":"PostalAddress","streetAddress":"Avenida Arthur Thomas, 342","addressLocality":"Londrina","addressRegion":"PR","postalCode":"86063-380","addressCountry":"Brazil"},"telephone":"","sameAs":"https:\/\/vilacemiteriodeautomoveis.wordpress.com\/about\/"},"organizer":{"@type":"Person","name":"Vila Cultural Cemit\u00e9rio de Autom\u00f3veis","description":"","url":"https:\/\/blog.londrina.pr.gov.br\/?tribe_organizer=vila-cultural-cemiterio-de-automoveis","telephone":"","email":"","sameAs":""},"offers":{"@type":"Offer","price":"0","priceCurrency":"R$","url":"https:\/\/blog.londrina.pr.gov.br\/?tribe_events=concurso-novos-cronistas-londrix-prossegue-com-inscricoes-abertas&eventDate=2019-04-08","category":"primary","availability":"inStock","validFrom":"1970-01-01T00:00:00+00:00"},"performer":"Organization"}}