{"id":51562,"global_id":"blog.londrina.pr.gov.br?id=51562","global_id_lineage":["blog.londrina.pr.gov.br?id=51562"],"author":"116","status":"publish","date":"2019-04-10 15:21:59","date_utc":"2019-04-10 18:21:59","modified":"2019-04-10 15:21:59","modified_utc":"2019-04-10 18:21:59","url":"https:\/\/blog.londrina.pr.gov.br\/?tribe_events=ballet-de-londrina-prorroga-temporada-de-25-anos&eventDate=2019-04-12","rest_url":"https:\/\/blog.londrina.pr.gov.br\/index.php?rest_route=\/tribe\/events\/v1\/events\/51562","title":"Ballet de Londrina prorroga temporada de 25 anos","description":"<p>O Ballet de Londrina prorrogou a Temporada Marcos Le\u00e3o, com o espet\u00e1culo comemorativo de seus 25 anos, em um espa\u00e7o muito especial: a sala de ensaios da companhia, onde aconteceram as primeiras reuni\u00f5es e ensaios desde a sua funda\u00e7\u00e3o, em 1993. Este ambiente atravessado de mem\u00f3rias transformou-se em um teatro de bolso, com estrutura c\u00eanica e plateia para 70 pessoas. Todas as sess\u00f5es da temporada lotaram e muita gente ficou de fora, em fila de espera, pela capacidade limitada.<\/p>\n<p>O grupo decidiu realizar mais tr\u00eas apresenta\u00e7\u00f5es: nos dias 12, 13 e 14 de abril, sempre \u00e0s 20 horas, no mesmo local, que fica na Funcart (Rua Souza Naves, 2380). A classifica\u00e7\u00e3o indicativa \u00e9 livre e os ingressos \u2013 como anteriormente \u2013 podem ser adquiridos por quanto cada espectador quiser ou puder pagar, com valor apenas indicativo de R$20. A bilheteria abre a partir das 19 horas. \u00a0Reservas podem ser feitas pelo whatsapp (43) 99168-3972, mas ser\u00e3o recebidas at\u00e9 a cota m\u00e1xima de 50% da lota\u00e7\u00e3o di\u00e1ria. As pessoas que reservarem devem chegar antes das 19h30 do dia escolhidos, pois, ap\u00f3s este hor\u00e1rio, os bilhetes ser\u00e3o liberados para a venda.<\/p>\n<p>Dirigido por Leonardo Ramos, o espet\u00e1culo \u201c25 anos\u201d costura trechos das mais emblem\u00e1ticas pe\u00e7as do Ballet de Londrina por meio de textos po\u00e9ticos concebidos e narrados pelo dramaturgo Renato Forin Jr. A montagem toma a met\u00e1fora do \u201crio da nossa aldeia\u201d para descrever a trajet\u00f3ria de criatividade e resist\u00eancia da companhia que, ao longo deste quarto de s\u00e9culo, desaguou em territ\u00f3rios como \u00c1frica, Europa e Am\u00e9rica Latina, sempre levando o nome da cidade como polo produtor de cultura. Por meio da observa\u00e7\u00e3o cronol\u00f3gica das coreografias, \u00e9 poss\u00edvel verificar a transforma\u00e7\u00e3o de linguagem do grupo e a conquista de linhas expressivas que fizeram-no conquistar um lugar cativo na dan\u00e7a brasileira.<\/p>\n<p>Intimista, delicado e po\u00e9tico, o espet\u00e1culo levou \u00e0 emo\u00e7\u00e3o muito dos 280 espectadores que assistiram ao in\u00edcio da Temporada. Os doze bailarinos que integram o elenco permanecem o tempo todo em cena e transformam-se, \u00e0s vistas do p\u00fablico, de uma pe\u00e7a a outra do programa. S\u00e3o eles Alessandra Menegazzo, Ariela Pauli, Marciano Boletti (tamb\u00e9m ensaiador), Nayara Stanganelli, Matheus Nemoto, Lucas Manfr\u00e9, Lucas Gabriel, Thaisa Morais, Hugo Vargas, Higor Vargas, Ione Queiroz e Giovana Aversani. A produ\u00e7\u00e3o \u00e9 de Danieli Pereira. A companhia oficial da cidade \u00e9 mantida por conv\u00eanio com a Prefeitura Municipal.<\/p>\n<p>&nbsp;<\/p>\n<p><strong>Servi\u00e7o:<\/strong><\/p>\n<p><strong>Ballet de Londrina &#8211; 25 Anos<\/strong><\/p>\n<p><strong>Temporada Marcos Le\u00e3o (prorrogada)<\/strong><\/p>\n<p>Dias 12, 13 e 14 de abril (sexta, s\u00e1bado e domingo)<\/p>\n<p>\u00c0s 20 horas<\/p>\n<p>Na Sala Marcos Le\u00e3o \u2013 Funcart\u00a0(Rua Senador Souza Naves, 2380)<\/p>\n<p>Ingressos: Pague quanto puder ou quiser<\/p>\n<p>(valor apenas indicativo: R$ 20)<\/p>\n<p>Bilheteria aberta a partir das 19 horas<\/p>\n<p>Classifica\u00e7\u00e3o indicativa: Livre<\/p>\n<p>Informa\u00e7\u00f5es ou reservas: (43) 99168-3972<\/p>\n<p>&nbsp;<\/p>\n<p><strong>Ficha t\u00e9cnica:<\/strong><\/p>\n<p>Dire\u00e7\u00e3o e Cria\u00e7\u00e3o: Leonardo Ramos<\/p>\n<p>Ensaiador: Marciano Boletti<\/p>\n<p>Produ\u00e7\u00e3o: Danieli Pereira<\/p>\n<p>Elenco: Alessandra Menegazzo, Ariela Pauli, Marciano Boletti, Nayara Stanganelli, Matheus Nemoto, Lucas Manfr\u00e9, Lucas Gabriel, Thaisa Morais, Higor Vargas, Hugo Vargas, Ione Queiroz e Giovana Aversani.<\/p>\n<p>T\u00e9cnicos de palco: Roberto Rosa e Romildo Ramalho Ramos<\/p>\n<p>Cria\u00e7\u00e3o de texto e narra\u00e7\u00e3o: Renato Forin Jr.<\/p>\n<p>Realiza\u00e7\u00e3o: FUNCART &#8211; Funda\u00e7\u00e3o Cultura Art\u00edstica de Londrina<\/p>\n<p>&nbsp;<\/p>\n<p>&nbsp;<\/p>\n<p>&nbsp;<\/p>","excerpt":"","slug":"ballet-de-londrina-prorroga-temporada-de-25-anos","image":{"url":"https:\/\/i2.wp.com\/blog.londrina.pr.gov.br\/wp-content\/uploads\/2019\/04_abril\/10.04.19\/Ballet-de-Londrina-25-anos-foto-de-F\u00e1bio-Alcover-2.jpg?fit=770%2C500&ssl=1","id":"51555","extension":"jpg","width":770,"height":500,"sizes":{"thumbnail":{"width":150,"height":150,"mime-type":"image\/jpeg","url":"https:\/\/i2.wp.com\/blog.londrina.pr.gov.br\/wp-content\/uploads\/2019\/04_abril\/10.04.19\/Ballet-de-Londrina-25-anos-foto-de-F\u00e1bio-Alcover-2.jpg?resize=150%2C150&ssl=1"},"medium":{"width":300,"height":195,"mime-type":"image\/jpeg","url":"https:\/\/i2.wp.com\/blog.londrina.pr.gov.br\/wp-content\/uploads\/2019\/04_abril\/10.04.19\/Ballet-de-Londrina-25-anos-foto-de-F\u00e1bio-Alcover-2.jpg?fit=300%2C195&ssl=1"},"medium_large":{"width":768,"height":499,"mime-type":"image\/jpeg","url":"https:\/\/blog.londrina.pr.gov.br\/wp-content\/uploads\/2019\/04_abril\/10.04.19\/Ballet-de-Londrina-25-anos-foto-de-F\u00e1bio-Alcover-2-768x499.jpg"},"jannah-image-small":{"width":220,"height":150,"mime-type":"image\/jpeg","url":"https:\/\/i2.wp.com\/blog.londrina.pr.gov.br\/wp-content\/uploads\/2019\/04_abril\/10.04.19\/Ballet-de-Londrina-25-anos-foto-de-F\u00e1bio-Alcover-2.jpg?resize=220%2C150&ssl=1"},"jannah-image-large":{"width":390,"height":220,"mime-type":"image\/jpeg","url":"https:\/\/i2.wp.com\/blog.londrina.pr.gov.br\/wp-content\/uploads\/2019\/04_abril\/10.04.19\/Ballet-de-Londrina-25-anos-foto-de-F\u00e1bio-Alcover-2.jpg?resize=390%2C220&ssl=1"},"jannah-image-post":{"width":770,"height":405,"mime-type":"image\/jpeg","url":"https:\/\/i2.wp.com\/blog.londrina.pr.gov.br\/wp-content\/uploads\/2019\/04_abril\/10.04.19\/Ballet-de-Londrina-25-anos-foto-de-F\u00e1bio-Alcover-2.jpg?resize=770%2C405&ssl=1"},"jannah-image-grid":{"width":770,"height":500,"mime-type":"image\/jpeg","url":"https:\/\/i2.wp.com\/blog.londrina.pr.gov.br\/wp-content\/uploads\/2019\/04_abril\/10.04.19\/Ballet-de-Londrina-25-anos-foto-de-F\u00e1bio-Alcover-2.jpg?resize=770%2C500&ssl=1"},"profile_24":{"width":24,"height":24,"mime-type":"image\/jpeg","url":"https:\/\/i2.wp.com\/blog.londrina.pr.gov.br\/wp-content\/uploads\/2019\/04_abril\/10.04.19\/Ballet-de-Londrina-25-anos-foto-de-F\u00e1bio-Alcover-2.jpg?resize=24%2C24&ssl=1"},"profile_48":{"width":48,"height":48,"mime-type":"image\/jpeg","url":"https:\/\/i2.wp.com\/blog.londrina.pr.gov.br\/wp-content\/uploads\/2019\/04_abril\/10.04.19\/Ballet-de-Londrina-25-anos-foto-de-F\u00e1bio-Alcover-2.jpg?resize=48%2C48&ssl=1"},"profile_96":{"width":96,"height":96,"mime-type":"image\/jpeg","url":"https:\/\/i2.wp.com\/blog.londrina.pr.gov.br\/wp-content\/uploads\/2019\/04_abril\/10.04.19\/Ballet-de-Londrina-25-anos-foto-de-F\u00e1bio-Alcover-2.jpg?resize=96%2C96&ssl=1"}}},"all_day":false,"start_date":"2019-04-12 20:00:00","start_date_details":{"year":"2019","month":"04","day":"12","hour":"20","minutes":"00","seconds":"00"},"end_date":"2019-04-12 22:00:00","end_date_details":{"year":"2019","month":"04","day":"12","hour":"22","minutes":"00","seconds":"00"},"utc_start_date":"2019-04-12 23:00:00","utc_start_date_details":{"year":"2019","month":"04","day":"12","hour":"23","minutes":"00","seconds":"00"},"utc_end_date":"2019-04-13 01:00:00","utc_end_date_details":{"year":"2019","month":"04","day":"13","hour":"01","minutes":"00","seconds":"00"},"timezone":"America\/Sao_Paulo","timezone_abbr":"-03","cost":"Livre","cost_details":{"currency_symbol":"R$","currency_position":"prefix","values":["0"]},"website":"","show_map":true,"show_map_link":true,"hide_from_listings":false,"sticky":false,"featured":false,"categories":[{"name":"Cultura","slug":"cultura","term_group":0,"term_taxonomy_id":699,"taxonomy":"tribe_events_cat","description":"","parent":0,"count":123,"filter":"raw","id":699,"urls":{"self":"https:\/\/blog.londrina.pr.gov.br\/index.php?rest_route=\/tribe\/events\/v1\/categories\/699","collection":"https:\/\/blog.londrina.pr.gov.br\/index.php?rest_route=\/tribe\/events\/v1\/categories"}}],"tags":[],"venue":{"id":50487,"author":"116","status":"publish","date":"2019-03-28 17:16:54","date_utc":"2019-03-28 20:16:54","modified":"2019-03-28 17:16:54","modified_utc":"2019-03-28 20:16:54","url":"https:\/\/blog.londrina.pr.gov.br\/?tribe_venue=funcart","venue":"Funcart","slug":"funcart","address":"Rua Senador Souza Naves, 2.380","city":"Londrina","country":"Brazil","province":"PR","zip":"86015-430","phone":"3342-2362","stateprovince":"PR","json_ld":{"@type":"Place","name":"Funcart","description":"","url":"https:\/\/blog.londrina.pr.gov.br\/?tribe_venue=funcart","address":{"@type":"PostalAddress","streetAddress":"Rua Senador Souza Naves, 2.380","addressLocality":"Londrina","addressRegion":"PR","postalCode":"86015-430","addressCountry":"Brazil"},"telephone":"3342-2362","sameAs":""},"show_map":true,"show_map_link":true,"global_id":"blog.londrina.pr.gov.br?id=50487","global_id_lineage":["blog.londrina.pr.gov.br?id=50487"]},"organizer":[{"id":50488,"author":"116","status":"publish","date":"2019-03-28 17:16:55","date_utc":"2019-03-28 20:16:55","modified":"2019-03-28 17:16:55","modified_utc":"2019-03-28 20:16:55","url":"https:\/\/blog.londrina.pr.gov.br\/?tribe_organizer=ballet-de-londrina","organizer":"Ballet de Londrina","slug":"ballet-de-londrina","phone":"3342-2362","json_ld":{"@type":"Person","name":"Ballet de Londrina","description":"","url":"https:\/\/blog.londrina.pr.gov.br\/?tribe_organizer=ballet-de-londrina","telephone":"3342-2362","email":"","sameAs":""},"global_id":"blog.londrina.pr.gov.br?id=50488","global_id_lineage":["blog.londrina.pr.gov.br?id=50488"]}],"json_ld":{"@context":"http:\/\/schema.org","@type":"Event","name":"Ballet de Londrina prorroga temporada de 25 anos","description":"&lt;p&gt;O Ballet de Londrina prorrogou a Temporada Marcos Le\u00e3o, com o espet\u00e1culo comemorativo de seus 25 anos, em um espa\u00e7o muito especial: a sala de ensaios da companhia, onde aconteceram as primeiras reuni\u00f5es e ensaios desde a sua funda\u00e7\u00e3o, em 1993. Este ambiente atravessado de mem\u00f3rias transformou-se em um teatro de bolso, com estrutura c\u00eanica &hellip;&lt;\/p&gt;\\n","image":"https:\/\/blog.londrina.pr.gov.br\/wp-content\/uploads\/2019\/04_abril\/10.04.19\/Ballet-de-Londrina-25-anos-foto-de-F\u00e1bio-Alcover-2.jpg","url":"https:\/\/blog.londrina.pr.gov.br\/?tribe_events=ballet-de-londrina-prorroga-temporada-de-25-anos&eventDate=2019-04-12","startDate":"2019-04-12T20:00:00-03:00","endDate":"2019-04-12T22:00:00-03:00","location":{"@type":"Place","name":"Funcart","description":"","url":"https:\/\/blog.londrina.pr.gov.br\/?tribe_venue=funcart","address":{"@type":"PostalAddress","streetAddress":"Rua Senador Souza Naves, 2.380","addressLocality":"Londrina","addressRegion":"PR","postalCode":"86015-430","addressCountry":"Brazil"},"telephone":"3342-2362","sameAs":""},"organizer":{"@type":"Person","name":"Ballet de Londrina","description":"","url":"https:\/\/blog.londrina.pr.gov.br\/?tribe_organizer=ballet-de-londrina","telephone":"3342-2362","email":"","sameAs":""},"offers":{"@type":"Offer","price":"0","priceCurrency":"R$","url":"https:\/\/blog.londrina.pr.gov.br\/?tribe_events=ballet-de-londrina-prorroga-temporada-de-25-anos&eventDate=2019-04-12","category":"primary","availability":"inStock","validFrom":"1970-01-01T00:00:00+00:00"},"performer":"Organization"}}