{"id":52172,"global_id":"blog.londrina.pr.gov.br?id=52172","global_id_lineage":["blog.londrina.pr.gov.br?id=52172"],"author":"113","status":"publish","date":"2019-04-24 10:34:15","date_utc":"2019-04-24 13:34:15","modified":"2019-04-24 10:34:15","modified_utc":"2019-04-24 13:34:15","url":"https:\/\/blog.londrina.pr.gov.br\/?tribe_events=8o-sarau-brisa","rest_url":"https:\/\/blog.londrina.pr.gov.br\/index.php?rest_route=\/tribe\/events\/v1\/events\/52172","title":"8\u00ba Sarau Brisa","description":"<p>Nesta sexta-feira, a partir das 9 horas, ser\u00e1 realizada a 8\u00aa edi\u00e7\u00e3o do Projeto Brisa, que visa promover a inclus\u00e3o sociocultural \u00e0s pessoas que est\u00e3o em situa\u00e7\u00e3o de rua ou acolhimento institucional, bem como \u00e0 comunidade em geral, acesso \u00e0s diversas linguagens art\u00edstico-culturais, por meio da realiza\u00e7\u00e3o de saraus. Nesta edi\u00e7\u00e3o, o evento acontecer\u00e1 na Casa do Bom Samaritano, na Rua Jos\u00e9 Fierli, 153, Parque Bom Retiro.<\/p>\n<p>A atividade contar\u00e1 com teatro, m\u00fasica, palha\u00e7aria e outra atra\u00e7\u00f5es. A realiza\u00e7\u00e3o \u00e9 da Funda\u00e7\u00e3o Cultura Art\u00edstica de Londrina (Funcart), em parceria com o Centro de Refer\u00eancia Especializado para Popula\u00e7\u00e3o em Situa\u00e7\u00e3o de Rua (Centro POP), e conta com patroc\u00ednio da Prefeitura de Londrina, por meio do Programa Municipal de Incentivo \u00e0 Cultura (Promic).<\/p>\n<p><strong>Programa\u00e7\u00e3o:<\/strong><\/p>\n<p>09:00 &#8211; 09:30<br \/>\nAbertura &#8211; Caf\u00e9 da manh\u00e3<\/p>\n<p>09:30 &#8211; 10:00<br \/>\nDin\u00e2mica com Silvio Ribeiro<\/p>\n<p>10:00 &#8211; 10:15<br \/>\nSincopaduo &#8211; MPB (1)<br \/>\n10:15 &#8211; 10:45<\/p>\n<p>Casa Vazia &#8211; Luana<br \/>\n10:45 &#8211; 11:00<\/p>\n<p>Sincopaduo &#8211; MPB (2)<br \/>\n11:00 &#8211; 11:30<\/p>\n<p>O Grande Show de Variedades de Don Afonso<br \/>\n11:30 &#8211; 12:00<\/p>\n<p>Encerramento &#8211; Sincopaduo &#8211; MPB (3)<\/p>","excerpt":"","slug":"8o-sarau-brisa","image":false,"all_day":false,"start_date":"2019-04-26 09:00:00","start_date_details":{"year":"2019","month":"04","day":"26","hour":"09","minutes":"00","seconds":"00"},"end_date":"2019-04-26 12:00:00","end_date_details":{"year":"2019","month":"04","day":"26","hour":"12","minutes":"00","seconds":"00"},"utc_start_date":"2019-04-26 12:00:00","utc_start_date_details":{"year":"2019","month":"04","day":"26","hour":"12","minutes":"00","seconds":"00"},"utc_end_date":"2019-04-26 15:00:00","utc_end_date_details":{"year":"2019","month":"04","day":"26","hour":"15","minutes":"00","seconds":"00"},"timezone":"America\/Sao_Paulo","timezone_abbr":"-03","cost":"Livre","cost_details":{"currency_symbol":"R$","currency_position":"prefix","values":["0"]},"website":"https:\/\/www.facebook.com\/events\/343103193220494\/","show_map":true,"show_map_link":true,"hide_from_listings":false,"sticky":false,"featured":false,"categories":[{"name":"Cultura","slug":"cultura","term_group":0,"term_taxonomy_id":699,"taxonomy":"tribe_events_cat","description":"","parent":0,"count":123,"filter":"raw","id":699,"urls":{"self":"https:\/\/blog.londrina.pr.gov.br\/index.php?rest_route=\/tribe\/events\/v1\/categories\/699","collection":"https:\/\/blog.londrina.pr.gov.br\/index.php?rest_route=\/tribe\/events\/v1\/categories"}}],"tags":[{"name":"brisa","slug":"brisa","term_group":0,"term_taxonomy_id":1608,"taxonomy":"post_tag","description":"","parent":0,"count":9,"filter":"raw","id":1608,"urls":{"self":"https:\/\/blog.londrina.pr.gov.br\/index.php?rest_route=\/tribe\/events\/v1\/tags\/1608","collection":"https:\/\/blog.londrina.pr.gov.br\/index.php?rest_route=\/tribe\/events\/v1\/tags"}},{"name":"Funcart","slug":"funcart","term_group":0,"term_taxonomy_id":41,"taxonomy":"post_tag","description":"","parent":0,"count":119,"filter":"raw","id":41,"urls":{"self":"https:\/\/blog.londrina.pr.gov.br\/index.php?rest_route=\/tribe\/events\/v1\/tags\/41","collection":"https:\/\/blog.londrina.pr.gov.br\/index.php?rest_route=\/tribe\/events\/v1\/tags"}},{"name":"sarau","slug":"sarau","term_group":0,"term_taxonomy_id":987,"taxonomy":"post_tag","description":"","parent":0,"count":17,"filter":"raw","id":987,"urls":{"self":"https:\/\/blog.londrina.pr.gov.br\/index.php?rest_route=\/tribe\/events\/v1\/tags\/987","collection":"https:\/\/blog.londrina.pr.gov.br\/index.php?rest_route=\/tribe\/events\/v1\/tags"}},{"name":"Secretaria de Cultura","slug":"secretaria-de-cultura","term_group":0,"term_taxonomy_id":1195,"taxonomy":"post_tag","description":"","parent":0,"count":33,"filter":"raw","id":1195,"urls":{"self":"https:\/\/blog.londrina.pr.gov.br\/index.php?rest_route=\/tribe\/events\/v1\/tags\/1195","collection":"https:\/\/blog.londrina.pr.gov.br\/index.php?rest_route=\/tribe\/events\/v1\/tags"}}],"venue":{"id":52176,"author":"113","status":"publish","date":"2019-04-24 10:34:16","date_utc":"2019-04-24 13:34:16","modified":"2019-04-24 10:34:16","modified_utc":"2019-04-24 13:34:16","url":"https:\/\/blog.londrina.pr.gov.br\/?tribe_venue=casa-do-bom-samaritano-2","venue":"Casa do Bom Samaritano","slug":"casa-do-bom-samaritano-2","address":"na Rua Jos\u00e9 Fierli, 153, Parque Bom Retiro.","city":"Londrina","country":"Brazil","province":"PR","zip":"86025-250","phone":"3339-1379","website":"http:\/\/casadobomsamaritano.com.br","stateprovince":"PR","json_ld":{"@type":"Place","name":"Casa do Bom Samaritano","description":"","url":"https:\/\/blog.londrina.pr.gov.br\/?tribe_venue=casa-do-bom-samaritano-2","address":{"@type":"PostalAddress","streetAddress":"na Rua Jos\u00e9 Fierli, 153, Parque Bom Retiro.","addressLocality":"Londrina","addressRegion":"PR","postalCode":"86025-250","addressCountry":"Brazil"},"telephone":"3339-1379","sameAs":"http:\/\/casadobomsamaritano.com.br"},"show_map":true,"show_map_link":true,"global_id":"blog.londrina.pr.gov.br?id=52176","global_id_lineage":["blog.londrina.pr.gov.br?id=52176"]},"organizer":[{"id":49666,"author":"113","status":"publish","date":"2019-03-20 10:28:47","date_utc":"2019-03-20 13:28:47","modified":"2019-03-20 10:28:47","modified_utc":"2019-03-20 13:28:47","url":"https:\/\/blog.londrina.pr.gov.br\/?tribe_organizer=funcart-2","organizer":"Funcart","slug":"funcart-2","phone":"3342-2362","email":"funcart@funcart.art.br","json_ld":{"@type":"Person","name":"Funcart","description":"","url":"https:\/\/blog.londrina.pr.gov.br\/?tribe_organizer=funcart-2","telephone":"3342-2362","email":"&#102;uncart&#64;&#102;u&#110;&#99;ar&#116;&#46;ar&#116;&#46;b&#114;","sameAs":""},"global_id":"blog.londrina.pr.gov.br?id=49666","global_id_lineage":["blog.londrina.pr.gov.br?id=49666"]}],"json_ld":{"@context":"http:\/\/schema.org","@type":"Event","name":"8\u00ba Sarau Brisa","description":"&lt;p&gt;Nesta sexta-feira, a partir das 9 horas, ser\u00e1 realizada a 8\u00aa edi\u00e7\u00e3o do Projeto Brisa, que visa promover a inclus\u00e3o sociocultural \u00e0s pessoas que est\u00e3o em situa\u00e7\u00e3o de rua ou acolhimento institucional, bem como \u00e0 comunidade em geral, acesso \u00e0s diversas linguagens art\u00edstico-culturais, por meio da realiza\u00e7\u00e3o de saraus. Nesta edi\u00e7\u00e3o, o evento acontecer\u00e1 na &hellip;&lt;\/p&gt;\\n","url":"https:\/\/blog.londrina.pr.gov.br\/?tribe_events=8o-sarau-brisa","startDate":"2019-04-26T09:00:00-03:00","endDate":"2019-04-26T12:00:00-03:00","location":{"@type":"Place","name":"Casa do Bom Samaritano","description":"","url":"https:\/\/blog.londrina.pr.gov.br\/?tribe_venue=casa-do-bom-samaritano-2","address":{"@type":"PostalAddress","streetAddress":"na Rua Jos\u00e9 Fierli, 153, Parque Bom Retiro.","addressLocality":"Londrina","addressRegion":"PR","postalCode":"86025-250","addressCountry":"Brazil"},"telephone":"3339-1379","sameAs":"http:\/\/casadobomsamaritano.com.br"},"organizer":{"@type":"Person","name":"Funcart","description":"","url":"https:\/\/blog.londrina.pr.gov.br\/?tribe_organizer=funcart-2","telephone":"3342-2362","email":"f&#117;&#110;&#99;a&#114;t&#64;&#102;&#117;n&#99;a&#114;&#116;&#46;art&#46;&#98;r","sameAs":""},"offers":{"@type":"Offer","price":"0","priceCurrency":"R$","url":"https:\/\/blog.londrina.pr.gov.br\/?tribe_events=8o-sarau-brisa","category":"primary","availability":"inStock","validFrom":"1970-01-01T00:00:00+00:00"},"performer":"Organization"}}