{"id":52318,"global_id":"blog.londrina.pr.gov.br?id=52318","global_id_lineage":["blog.londrina.pr.gov.br?id=52318"],"author":"116","status":"publish","date":"2019-04-25 16:46:59","date_utc":"2019-04-25 19:46:59","modified":"2019-04-25 16:46:59","modified_utc":"2019-04-25 19:46:59","url":"https:\/\/blog.londrina.pr.gov.br\/?tribe_events=estacao-londrina-discute-samba-de-uma-noite-de-verao","rest_url":"https:\/\/blog.londrina.pr.gov.br\/index.php?rest_route=\/tribe\/events\/v1\/events\/52318","title":"Esta\u00e7\u00e3o Londrina discute \u201cSamba de uma noite de ver\u00e3o\u201d","description":"<p>A 14\u00aa edi\u00e7\u00e3o do projeto Esta\u00e7\u00e3o Londrina vai destacar o livro-CD \u201cSamba de uma noite de ver\u00e3o\u201d, do jornalista, dramaturgo e diretor Renato Forin Jr. A obra foi lan\u00e7ada em dezembro de 2016 e contemplada no 59\u00ba Pr\u00eamio Jabuti (categoria Adapta\u00e7\u00e3o), em 2017. O encontro ser\u00e1 realizado no dia 26 de abril, sexta, a partir das 18h30, no SESC, e integra a programa\u00e7\u00e3o da ExpoLeitura \u2013 Semana da Literatura no Sesc Londrina Centro. A media\u00e7\u00e3o ser\u00e1 de Frederico Fernandes, professor do Departamento de Letras da UEL e coordenador do projeto de pesquisa Esta\u00e7\u00e3o Londrina, ao lado de Amanda Dam\u00e1sio, integrante do grupo de estudos Rede Londrix. A entrada \u00e9 franca e o evento \u00e9 aberto a todos os interessados.<\/p>\n<p><strong>Samba de uma Noite de Ver\u00e3o &#8211; <\/strong>Ao reescrever o cl\u00e1ssico de Shakespeare, \u201cSamba de Uma Noite de Ver\u00e3o\u201d tra\u00e7a uma met\u00e1fora da forma\u00e7\u00e3o do Brasil a partir de personagens cotidianos e fant\u00e1sticos. No livro-CD, a Atenas do bardo ingl\u00eas transforma-se na Vila de Vera Cruz, corti\u00e7o humilde povoado por uma gente criativa e batalhadora; o bosque da obra original, repleto de fadas e elfos, converte-se em uma floresta onde reinam orix\u00e1s e outras deidades do nosso imagin\u00e1rio.<\/p>\n<p>A pe\u00e7a musical em cinco atos passeia \u2013 ora com humor, ora com ironia \u2013 por temas como a explora\u00e7\u00e3o dos mais pobres pelos mais ricos, os amores tropicais, o paternalismo, o machismo, a demagogia dos l\u00edderes e a vis\u00e3o da sociedade sobre os artistas. A quest\u00e3o primordial que atravessa as p\u00e1ginas e as can\u00e7\u00f5es \u00e9 a \u201cmistura\u201d. As mesclas \u00e9tnicas, religiosas e culturais aparecem como nossa identidade mais potente e transparecem especialmente no samba, ritmo que congrega a percuss\u00e3o africana, os sopros ind\u00edgenas e a instrumenta\u00e7\u00e3o cl\u00e1ssica europeia.<\/p>\n<p>Este \u00e9 o assunto que tamb\u00e9m vai permear as conversas conduzidas por Renato Forin Jr. no Esta\u00e7\u00e3o Londrina, edi\u00e7\u00e3o de abril.\u00a0 Al\u00e9m da discuss\u00e3o sobre significados impl\u00edcitos nas met\u00e1foras presentes na obra, ele compartilha com os participantes poemas e prosas po\u00e9ticas de autores como M\u00e1rio de Andrade e Vinicius de Moraes. Costura a eles o universo constelar de compositores e int\u00e9rpretes brasileiros, especialmente Caetano Veloso, Chico Buarque e Maria Beth\u00e2nia. A inten\u00e7\u00e3o \u00e9 provocar os participantes para o constante tr\u00e2nsito que existe entre as v\u00e1rias linguagens art\u00edsticas, bem como entre o texto liter\u00e1rio e a voz.<\/p>\n<figure id=\"attachment_52266\" aria-describedby=\"caption-attachment-52266\" style=\"width: 300px\" class=\"wp-caption aligncenter\"><img class=\"size-medium wp-image-52266\" src=\"https:\/\/i1.wp.com\/blog.londrina.pr.gov.br\/wp-content\/uploads\/2019\/04_abril\/25.04.19\/Samba-de-Uma-Noite-de-Ver\u00e3o-foto-de-Marika-Sawaguti-2.jpg?resize=300%2C195&#038;ssl=1\" alt=\"\" width=\"300\" height=\"195\" srcset=\"https:\/\/i1.wp.com\/blog.londrina.pr.gov.br\/wp-content\/uploads\/2019\/04_abril\/25.04.19\/Samba-de-Uma-Noite-de-Ver\u00e3o-foto-de-Marika-Sawaguti-2.jpg?resize=300%2C195&amp;ssl=1 300w, https:\/\/i1.wp.com\/blog.londrina.pr.gov.br\/wp-content\/uploads\/2019\/04_abril\/25.04.19\/Samba-de-Uma-Noite-de-Ver\u00e3o-foto-de-Marika-Sawaguti-2.jpg?resize=768%2C499&amp;ssl=1 768w, https:\/\/i1.wp.com\/blog.londrina.pr.gov.br\/wp-content\/uploads\/2019\/04_abril\/25.04.19\/Samba-de-Uma-Noite-de-Ver\u00e3o-foto-de-Marika-Sawaguti-2.jpg?w=770&amp;ssl=1 770w\" sizes=\"(max-width: 300px) 100vw, 300px\" data-recalc-dims=\"1\" \/><figcaption id=\"caption-attachment-52266\" class=\"wp-caption-text\">Foto: Marika Sawaguti<\/figcaption><\/figure>\n<p><strong>Renato Forin Junior<\/strong> \u00e9 mestre e doutor em Letras pela Universidade Estadual de Londrina com pesquisa sobre as rela\u00e7\u00f5es entre literatura, teatro e can\u00e7\u00e3o no Brasil. Entre 2015 e 2016, realizou doutorado sandu\u00edche na Universit\u00e9 Sorbonne Nouvelle (Paris 3) \u2013 Institut d\u2019\u00c9tudes Th\u00e9\u00e2trales, como bolsista PDSE-Capes. \u00c9 jornalista formado pela UEL e ator\/diretor com forma\u00e7\u00e3o pela Escola Municipal de Teatro\/FUNCART. Em 2016, lan\u00e7ou o livro-CD \u201cSamba de uma noite de ver\u00e3o\u201d (KAN Editora), contemplado no 59\u00ba Pr\u00eamio Jabuti (categoria Adapta\u00e7\u00e3o). O livro teve patroc\u00ednio da Secretaria Municipal de Cultura de Londrina, por meio do PROMIC &#8211; Programa Municipal de Incentivo \u00e0 Cultura.<\/p>\n<p>Sua pe\u00e7a \u201cOVO\u201d tamb\u00e9m recebeu os Pr\u00eamios Liter\u00e1rios 2017, da Funda\u00e7\u00e3o Cultural do Par\u00e1, e est\u00e1 em vias de publica\u00e7\u00e3o. Realiza trabalhos freelance no jornalismo cultural, cr\u00edtica e assessoria de imprensa em Londrina (PR), al\u00e9m de dirigir o Agon Teatro, grupo de pesquisa em dramaturgia e artes c\u00eanicas. Em 2018, foi um dos diretores convidados do Dram\u00e1tika (promovido pelo Sesi e Kinopus), n\u00facleo criativo que discute rela\u00e7\u00f5es entre o teatro e o cinema.<\/p>\n<p>Desde 2013, \u00e9 curador e coordenador de comunica\u00e7\u00e3o do Festival de Dan\u00e7a de Londrina, evento internacional que trabalha a rela\u00e7\u00e3o da dan\u00e7a com outras artes.\u00a0 Escreveu o cat\u00e1logo \u201cBallet de Londrina \u2013 20 anos de arte\u201d, lan\u00e7ado em 2013, al\u00e9m de compor a dramaturgia e atuar ao lado da companhia em seu espet\u00e1culo comemorativo de 25 anos em 2018 e 2019.<\/p>\n<p><strong>Informa\u00e7\u00f5es sobre o livro &#8211;\u00a0<\/strong>\u201cSamba de uma noite de ver\u00e3o\u201d \u00e9 uma met\u00e1fora da forma\u00e7\u00e3o do Brasil a partir de suas misturas \u00e9tnicas, religiosas e culturais. A trama desta pe\u00e7a musical se passa na Vila de Vera Cruz, favela habitada por uma gente humilde e alegre, e em uma floresta povoada por seres fant\u00e1sticos. Os deuses gregos, duendes e fadas do \u201cSonho\u2026\u201d de Shakespeare encontram perfeitos paralelos em lendas brasileiras e nos orix\u00e1s africanos. Ora com lirismo, ora com ironia, o livro-CD atravessa temas como a explora\u00e7\u00e3o da pobreza, a demagogia dos l\u00edderes, os amores tropicais e a rela\u00e7\u00e3o da sociedade com os artistas. A obra foi premiada no 59\u00ba Jabuti \u2013 2017 (categoria Adapta\u00e7\u00e3o).<\/p>\n<p><strong>Sobre o projeto Esta\u00e7\u00e3o Londrina &#8211;\u00a0<\/strong>Criado em 2016 sob a coordena\u00e7\u00e3o do professor e pesquisador Frederico Augusto Garcia Fernandes (Letras\/UEL), Esta\u00e7\u00e3o Londrina \u00e9 um projeto de extens\u00e3o da Universidade Estadual de Londrina, conta com recursos da CNPq, e tem como objetivo promover e discutir a produ\u00e7\u00e3o cultural da cidade. De 2016 pra c\u00e1 j\u00e1 foram realizados 13 encontros, discutindo temas relacionados \u00e0 hist\u00f3ria, pol\u00edtica, economia, literatura, cinema, fotografia, games e m\u00fasica de Londrina. Entre os convidados, participaram do projeto os jornalistas Tony Hara, Patr\u00edcia Zanin, Felipe Melhado, e F\u00e1bio Cavazotti, os fot\u00f3grafos Saulo Haruo Ohara e Guilherme Gerais, o cineasta Caio J\u00falio Cesaro, o professor canadense Tamer Thabet, as escritoras Beatriz Bajo, Flavia Verceze, Samantha Abreu, Vi Karina, Maria Ang\u00e9lica Constantino e Vivian Campos, os escritores e jornalistas Domingos Pellegrini, Edson Maschio e Jos\u00e9 Maschio, os escritores Marcos Hidemi de Lima, Rog\u00e9rio Ivano e Vin\u00edcius Lima, al\u00e9m do m\u00fasico Andr\u00e9 Siqueira e do professor catal\u00e3o Diego Gim\u00e9nez, entre outros nomes da cultura local. Em todas as edi\u00e7\u00f5es do projeto a entrada \u00e9 franca.<\/p>\n<p><strong>Para a imprensa: outras informa\u00e7\u00f5es com\u00a0<\/strong><strong>Renato Forin Jr., telefone dispon\u00edvel no N\u00facleo de Comunica\u00e7\u00e3o, pelo telefone 3372-4188.<\/strong><\/p>\n<p><strong>Texto: Renato Forin Jr.\u00a0 \u00a0 \u00a0<\/strong><\/p>","excerpt":"","slug":"estacao-londrina-discute-samba-de-uma-noite-de-verao","image":{"url":"https:\/\/i1.wp.com\/blog.londrina.pr.gov.br\/wp-content\/uploads\/2019\/04_abril\/25.04.19\/Samba-de-Uma-Noite-de-Ver\u00e3o-foto-de-Marika-Sawaguti-P.jpg?fit=770%2C500&ssl=1","id":"52267","extension":"jpg","width":770,"height":500,"sizes":{"thumbnail":{"width":150,"height":150,"mime-type":"image\/jpeg","url":"https:\/\/i1.wp.com\/blog.londrina.pr.gov.br\/wp-content\/uploads\/2019\/04_abril\/25.04.19\/Samba-de-Uma-Noite-de-Ver\u00e3o-foto-de-Marika-Sawaguti-P.jpg?resize=150%2C150&ssl=1"},"medium":{"width":300,"height":195,"mime-type":"image\/jpeg","url":"https:\/\/i1.wp.com\/blog.londrina.pr.gov.br\/wp-content\/uploads\/2019\/04_abril\/25.04.19\/Samba-de-Uma-Noite-de-Ver\u00e3o-foto-de-Marika-Sawaguti-P.jpg?fit=300%2C195&ssl=1"},"medium_large":{"width":768,"height":499,"mime-type":"image\/jpeg","url":"https:\/\/blog.londrina.pr.gov.br\/wp-content\/uploads\/2019\/04_abril\/25.04.19\/Samba-de-Uma-Noite-de-Ver\u00e3o-foto-de-Marika-Sawaguti-P-768x499.jpg"},"jannah-image-small":{"width":220,"height":150,"mime-type":"image\/jpeg","url":"https:\/\/i1.wp.com\/blog.londrina.pr.gov.br\/wp-content\/uploads\/2019\/04_abril\/25.04.19\/Samba-de-Uma-Noite-de-Ver\u00e3o-foto-de-Marika-Sawaguti-P.jpg?resize=220%2C150&ssl=1"},"jannah-image-large":{"width":390,"height":220,"mime-type":"image\/jpeg","url":"https:\/\/i1.wp.com\/blog.londrina.pr.gov.br\/wp-content\/uploads\/2019\/04_abril\/25.04.19\/Samba-de-Uma-Noite-de-Ver\u00e3o-foto-de-Marika-Sawaguti-P.jpg?resize=390%2C220&ssl=1"},"jannah-image-post":{"width":770,"height":405,"mime-type":"image\/jpeg","url":"https:\/\/i1.wp.com\/blog.londrina.pr.gov.br\/wp-content\/uploads\/2019\/04_abril\/25.04.19\/Samba-de-Uma-Noite-de-Ver\u00e3o-foto-de-Marika-Sawaguti-P.jpg?resize=770%2C405&ssl=1"},"jannah-image-grid":{"width":770,"height":500,"mime-type":"image\/jpeg","url":"https:\/\/i1.wp.com\/blog.londrina.pr.gov.br\/wp-content\/uploads\/2019\/04_abril\/25.04.19\/Samba-de-Uma-Noite-de-Ver\u00e3o-foto-de-Marika-Sawaguti-P.jpg?resize=770%2C500&ssl=1"},"profile_24":{"width":24,"height":24,"mime-type":"image\/jpeg","url":"https:\/\/i1.wp.com\/blog.londrina.pr.gov.br\/wp-content\/uploads\/2019\/04_abril\/25.04.19\/Samba-de-Uma-Noite-de-Ver\u00e3o-foto-de-Marika-Sawaguti-P.jpg?resize=24%2C24&ssl=1"},"profile_48":{"width":48,"height":48,"mime-type":"image\/jpeg","url":"https:\/\/i1.wp.com\/blog.londrina.pr.gov.br\/wp-content\/uploads\/2019\/04_abril\/25.04.19\/Samba-de-Uma-Noite-de-Ver\u00e3o-foto-de-Marika-Sawaguti-P.jpg?resize=48%2C48&ssl=1"},"profile_96":{"width":96,"height":96,"mime-type":"image\/jpeg","url":"https:\/\/i1.wp.com\/blog.londrina.pr.gov.br\/wp-content\/uploads\/2019\/04_abril\/25.04.19\/Samba-de-Uma-Noite-de-Ver\u00e3o-foto-de-Marika-Sawaguti-P.jpg?resize=96%2C96&ssl=1"}}},"all_day":false,"start_date":"2019-04-26 18:30:00","start_date_details":{"year":"2019","month":"04","day":"26","hour":"18","minutes":"30","seconds":"00"},"end_date":"2019-04-26 20:00:00","end_date_details":{"year":"2019","month":"04","day":"26","hour":"20","minutes":"00","seconds":"00"},"utc_start_date":"2019-04-26 21:30:00","utc_start_date_details":{"year":"2019","month":"04","day":"26","hour":"21","minutes":"30","seconds":"00"},"utc_end_date":"2019-04-26 23:00:00","utc_end_date_details":{"year":"2019","month":"04","day":"26","hour":"23","minutes":"00","seconds":"00"},"timezone":"America\/Sao_Paulo","timezone_abbr":"-03","cost":"Livre","cost_details":{"currency_symbol":"R$","currency_position":"prefix","values":["0"]},"website":"","show_map":true,"show_map_link":true,"hide_from_listings":false,"sticky":false,"featured":false,"categories":[{"name":"Cultura","slug":"cultura","term_group":0,"term_taxonomy_id":699,"taxonomy":"tribe_events_cat","description":"","parent":0,"count":123,"filter":"raw","id":699,"urls":{"self":"https:\/\/blog.londrina.pr.gov.br\/index.php?rest_route=\/tribe\/events\/v1\/categories\/699","collection":"https:\/\/blog.londrina.pr.gov.br\/index.php?rest_route=\/tribe\/events\/v1\/categories"}}],"tags":[],"venue":{"id":50867,"author":"115","status":"publish","date":"2019-04-01 18:19:46","date_utc":"2019-04-01 21:19:46","modified":"2019-04-01 18:19:46","modified_utc":"2019-04-01 21:19:46","url":"https:\/\/blog.londrina.pr.gov.br\/?tribe_venue=sesc-centro","venue":"SESC Centro","slug":"sesc-centro","address":"Rua Fernando de Noronha, 264","city":"Londrina","country":"Brazil","province":"PR","stateprovince":"PR","json_ld":{"@type":"Place","name":"SESC Centro","description":"","url":"https:\/\/blog.londrina.pr.gov.br\/?tribe_venue=sesc-centro","address":{"@type":"PostalAddress","streetAddress":"Rua Fernando de Noronha, 264","addressLocality":"Londrina","addressRegion":"PR","addressCountry":"Brazil"},"telephone":"","sameAs":""},"show_map":true,"show_map_link":true,"global_id":"blog.londrina.pr.gov.br?id=50867","global_id_lineage":["blog.londrina.pr.gov.br?id=50867"]},"organizer":[],"json_ld":{"@context":"http:\/\/schema.org","@type":"Event","name":"Esta\u00e7\u00e3o Londrina discute \u201cSamba de uma noite de ver\u00e3o\u201d","description":"&lt;p&gt;A 14\u00aa edi\u00e7\u00e3o do projeto Esta\u00e7\u00e3o Londrina vai destacar o livro-CD \u201cSamba de uma noite de ver\u00e3o\u201d, do jornalista, dramaturgo e diretor Renato Forin Jr. A obra foi lan\u00e7ada em dezembro de 2016 e contemplada no 59\u00ba Pr\u00eamio Jabuti (categoria Adapta\u00e7\u00e3o), em 2017. O encontro ser\u00e1 realizado no dia 26 de abril, sexta, a partir &hellip;&lt;\/p&gt;\\n","image":"https:\/\/blog.londrina.pr.gov.br\/wp-content\/uploads\/2019\/04_abril\/25.04.19\/Samba-de-Uma-Noite-de-Ver\u00e3o-foto-de-Marika-Sawaguti-P.jpg","url":"https:\/\/blog.londrina.pr.gov.br\/?tribe_events=estacao-londrina-discute-samba-de-uma-noite-de-verao","startDate":"2019-04-26T18:30:00-03:00","endDate":"2019-04-26T20:00:00-03:00","location":{"@type":"Place","name":"SESC Centro","description":"","url":"https:\/\/blog.londrina.pr.gov.br\/?tribe_venue=sesc-centro","address":{"@type":"PostalAddress","streetAddress":"Rua Fernando de Noronha, 264","addressLocality":"Londrina","addressRegion":"PR","addressCountry":"Brazil"},"telephone":"","sameAs":""},"offers":{"@type":"Offer","price":"0","priceCurrency":"R$","url":"https:\/\/blog.londrina.pr.gov.br\/?tribe_events=estacao-londrina-discute-samba-de-uma-noite-de-verao","category":"primary","availability":"inStock","validFrom":"1970-01-01T00:00:00+00:00"},"performer":"Organization"}}