{"id":52618,"global_id":"blog.londrina.pr.gov.br?id=52618","global_id_lineage":["blog.londrina.pr.gov.br?id=52618"],"author":"117","status":"publish","date":"2019-05-02 17:57:16","date_utc":"2019-05-02 20:57:16","modified":"2019-05-02 17:58:52","modified_utc":"2019-05-02 20:58:52","url":"https:\/\/blog.londrina.pr.gov.br\/?tribe_events=exposicao-mascaras-dos-invisiveis","rest_url":"https:\/\/blog.londrina.pr.gov.br\/index.php?rest_route=\/tribe\/events\/v1\/events\/52618","title":"Exposi\u00e7\u00e3o M\u00e1scaras dos Invis\u00edveis","description":"<p>Exposi\u00e7\u00e3o M\u00e1scara dos Invis\u00edveis ser\u00e1 aberta nesta sexta-feira (3), 19h30, no SESC Cadei\u00e3o Londrina &#8211; Rua Sergipe, 52, centro. A mostra \u00e9 gratuita e re\u00fane obras de arte feitas por crian\u00e7as e adolescentes atendidos pelo Centro de Aten\u00e7\u00e3o Psicossocial para Inf\u00e2ncia e Adolesc\u00eancia (CAPS Infantil). Informa\u00e7\u00f5es completas <strong><a href=\"https:\/\/blog.londrina.pr.gov.br\/?p=52561\" target=\"_blank\" rel=\"noopener noreferrer\">neste link<\/a><\/strong>.<\/p>\n<p>S\u00e3o m\u00e1scaras produzidas de forma coletiva pelos alunos, cada qual criando uma parte de rostos e figuras com materiais recicl\u00e1veis. Atividade \u00e9 fruto das oficinas de arte desenvolvidas no CAPS Infantil.<\/p>\n<p>Os trabalhos foram concebidos e desenvolvidos sob a supervis\u00e3o do artista pl\u00e1stico e educador do CAPS-i, Dovinho Feitosa, organizador da exposi\u00e7\u00e3o.<\/p>","excerpt":"","slug":"exposicao-mascaras-dos-invisiveis","image":false,"all_day":false,"start_date":"2019-05-03 10:00:00","start_date_details":{"year":"2019","month":"05","day":"03","hour":"10","minutes":"00","seconds":"00"},"end_date":"2019-06-03 21:00:00","end_date_details":{"year":"2019","month":"06","day":"03","hour":"21","minutes":"00","seconds":"00"},"utc_start_date":"2019-05-03 13:00:00","utc_start_date_details":{"year":"2019","month":"05","day":"03","hour":"13","minutes":"00","seconds":"00"},"utc_end_date":"2019-06-04 00:00:00","utc_end_date_details":{"year":"2019","month":"06","day":"04","hour":"00","minutes":"00","seconds":"00"},"timezone":"America\/Sao_Paulo","timezone_abbr":"-03","cost":"Livre","cost_details":{"currency_symbol":"R$","currency_position":"prefix","values":["0000"]},"website":"","show_map":true,"show_map_link":true,"hide_from_listings":false,"sticky":false,"featured":false,"categories":[{"name":"Cultura","slug":"cultura","term_group":0,"term_taxonomy_id":699,"taxonomy":"tribe_events_cat","description":"","parent":0,"count":123,"filter":"raw","id":699,"urls":{"self":"https:\/\/blog.londrina.pr.gov.br\/index.php?rest_route=\/tribe\/events\/v1\/categories\/699","collection":"https:\/\/blog.londrina.pr.gov.br\/index.php?rest_route=\/tribe\/events\/v1\/categories"}}],"tags":[],"venue":{"id":50259,"author":"115","status":"publish","date":"2019-04-18 10:21:35","date_utc":"2019-04-18 13:21:35","modified":"2019-04-18 10:21:35","modified_utc":"2019-04-18 13:21:35","url":"https:\/\/blog.londrina.pr.gov.br\/?tribe_venue=sesc-londrina-cadeiao","venue":"Sesc Londrina Cadei\u00e3o","slug":"sesc-londrina-cadeiao","address":"Rua Sergipe, 52","city":"Londrina","country":"Brazil","province":"PR","stateprovince":"PR","json_ld":{"@type":"Place","name":"Sesc Londrina Cadei\u00e3o","description":"","url":"https:\/\/blog.londrina.pr.gov.br\/?tribe_venue=sesc-londrina-cadeiao","address":{"@type":"PostalAddress","streetAddress":"Rua Sergipe, 52","addressLocality":"Londrina","addressRegion":"PR","addressCountry":"Brazil"},"telephone":"","sameAs":""},"show_map":true,"show_map_link":true,"global_id":"blog.londrina.pr.gov.br?id=50259","global_id_lineage":["blog.londrina.pr.gov.br?id=50259"]},"organizer":[{"id":52651,"author":"117","status":"publish","date":"2019-05-02 17:57:17","date_utc":"2019-05-02 20:57:17","modified":"2019-05-02 17:57:17","modified_utc":"2019-05-02 20:57:17","url":"https:\/\/blog.londrina.pr.gov.br\/?tribe_organizer=caps-infantil","organizer":"CAPS Infantil","slug":"caps-infantil","json_ld":{"@type":"Person","name":"CAPS Infantil","description":"","url":"https:\/\/blog.londrina.pr.gov.br\/?tribe_organizer=caps-infantil","telephone":"","email":"","sameAs":""},"global_id":"blog.londrina.pr.gov.br?id=52651","global_id_lineage":["blog.londrina.pr.gov.br?id=52651"]}],"json_ld":{"@context":"http:\/\/schema.org","@type":"Event","name":"Exposi\u00e7\u00e3o M\u00e1scaras dos Invis\u00edveis","description":"&lt;p&gt;Exposi\u00e7\u00e3o M\u00e1scara dos Invis\u00edveis ser\u00e1 aberta nesta sexta-feira (3), 19h30, no SESC Cadei\u00e3o Londrina - Rua Sergipe, 52, centro. A mostra \u00e9 gratuita e re\u00fane obras de arte feitas por crian\u00e7as e adolescentes atendidos pelo Centro de Aten\u00e7\u00e3o Psicossocial para Inf\u00e2ncia e Adolesc\u00eancia (CAPS Infantil). Informa\u00e7\u00f5es completas neste link. S\u00e3o m\u00e1scaras produzidas de forma coletiva &hellip;&lt;\/p&gt;\\n","url":"https:\/\/blog.londrina.pr.gov.br\/?tribe_events=exposicao-mascaras-dos-invisiveis","startDate":"2019-05-03T10:00:00-03:00","endDate":"2019-06-03T21:00:00-03:00","location":{"@type":"Place","name":"Sesc Londrina Cadei\u00e3o","description":"","url":"https:\/\/blog.londrina.pr.gov.br\/?tribe_venue=sesc-londrina-cadeiao","address":{"@type":"PostalAddress","streetAddress":"Rua Sergipe, 52","addressLocality":"Londrina","addressRegion":"PR","addressCountry":"Brazil"},"telephone":"","sameAs":""},"organizer":{"@type":"Person","name":"CAPS Infantil","description":"","url":"https:\/\/blog.londrina.pr.gov.br\/?tribe_organizer=caps-infantil","telephone":"","email":"","sameAs":""},"offers":{"@type":"Offer","price":"0","priceCurrency":"R$","url":"https:\/\/blog.londrina.pr.gov.br\/?tribe_events=exposicao-mascaras-dos-invisiveis","category":"primary","availability":"inStock","validFrom":"1970-01-01T00:00:00+00:00"},"performer":"Organization"}}