{"id":52652,"global_id":"blog.londrina.pr.gov.br?id=52652","global_id_lineage":["blog.londrina.pr.gov.br?id=52652"],"author":"112","status":"publish","date":"2019-05-02 18:07:58","date_utc":"2019-05-02 21:07:58","modified":"2019-05-02 18:07:58","modified_utc":"2019-05-02 21:07:58","url":"https:\/\/blog.londrina.pr.gov.br\/?tribe_events=sarau-das-pretas-ya-mukumby-vive","rest_url":"https:\/\/blog.londrina.pr.gov.br\/index.php?rest_route=\/tribe\/events\/v1\/events\/52652","title":"Sarau das Pretas &#8211; Y\u00e1 Mukumby Vive!","description":"<p>Neste s\u00e1bado, a partir das 18h, ser\u00e1 realizado o Sarau das Pretas \u2013 Y\u00c1 MUKUMBY VIVE!, que tem por objetivo fortalecer e divulgar a cultura afro-brasileira em Londrina. O evento acontecer\u00e1 na Vila Cultural Cemit\u00e9rio de Autom\u00f3veis, localizada na Avenida Arthur Tomas, 342. A entrada \u00e9 gratuita.<\/p>\n<p>Esta ser\u00e1 a terceira e \u00faltima edi\u00e7\u00e3o do encontro, que ter\u00e1 como homenageada a londrinense Dona Vilma, tamb\u00e9m conhecida como Y\u00e1 Mukumby, v\u00edtima de feminic\u00eddio em 2013 e representante da for\u00e7a da mulher negra e do respeito \u00e0 ancestralidade e aos saberes das religi\u00f5es de matriz africana.<\/p>\n<p>O projeto \u00e9 coordenado pelo coletivo de mulheres negras Luiza Mahin e conta com patroc\u00ednio da Prefeitura de Londrina, por meio do Programa Municipal de Incentivo \u00e0 Cultura (Promic). O evento fecha o ciclo de atividades realizadas pelo Coletivo desde outubro de 2018 e \u00e9 um Pr\u00e9-Londrix, Festival Liter\u00e1rio de Londrina que acontece de 6 a 11 de maio.<\/p>\n<p>A programa\u00e7\u00e3o contempla uma instala\u00e7\u00e3o art\u00edstica, que ser\u00e1 montada para a apresenta\u00e7\u00e3o dos resultados das oficinas feitas ao longo do m\u00eas de abril e para uma exposi\u00e7\u00e3o que cont\u00e9m imagens colhidas durante todo o processo. O Sarau contar\u00e1 tamb\u00e9m com a participa\u00e7\u00e3o especial do DJ J\u00f4 Moreno, que valoriza a\u00a0<em>black music<\/em>\u00a0em seu repert\u00f3rio.<\/p>\n<p>O Centro Esportivo de Capoeira Angola (CECA) realizar\u00e1 uma roda de capoeira em homenagem a outra atra\u00e7\u00e3o da noite: o maranhense Ti\u00e3o Carvalho, cantor, compositor, ator, dan\u00e7arino e produtor cultural, que combina em sua arte os ritmos e g\u00eaneros do Nordeste com as fontes ancestrais africanas.<\/p>\n<p>A tradicional Feirinha tamb\u00e9m estar\u00e1 presente no local, reunindo produtores e artes\u00e3os locais e gastronomia popular, al\u00e9m do Espa\u00e7o Er\u00ea, destinado \u00e0s crian\u00e7as. Todas as atividades contam com o patroc\u00ednio do Promic e produ\u00e7\u00e3o da P\u00c1! Art\u00edstica.<\/p>\n<p><strong>Para a imprensa: outras informa\u00e7\u00f5es sobre contato para entrevistas podem ser obtidas no N.com, no 3372-4188.<\/strong><\/p>\n<p><strong>N.com com informa\u00e7\u00f5es da assessoria do evento<\/strong><\/p>","excerpt":"","slug":"sarau-das-pretas-ya-mukumby-vive","image":false,"all_day":false,"start_date":"2019-05-04 18:00:00","start_date_details":{"year":"2019","month":"05","day":"04","hour":"18","minutes":"00","seconds":"00"},"end_date":"2019-05-04 22:00:00","end_date_details":{"year":"2019","month":"05","day":"04","hour":"22","minutes":"00","seconds":"00"},"utc_start_date":"2019-05-04 21:00:00","utc_start_date_details":{"year":"2019","month":"05","day":"04","hour":"21","minutes":"00","seconds":"00"},"utc_end_date":"2019-05-05 01:00:00","utc_end_date_details":{"year":"2019","month":"05","day":"05","hour":"01","minutes":"00","seconds":"00"},"timezone":"America\/Sao_Paulo","timezone_abbr":"-03","cost":"","cost_details":{"currency_symbol":"","currency_position":"prefix","values":[]},"website":"https:\/\/www.facebook.com\/saraudaspretaslondrina\/","show_map":true,"show_map_link":true,"hide_from_listings":false,"sticky":false,"featured":false,"categories":[{"name":"Cultura","slug":"cultura","term_group":0,"term_taxonomy_id":699,"taxonomy":"tribe_events_cat","description":"","parent":0,"count":123,"filter":"raw","id":699,"urls":{"self":"https:\/\/blog.londrina.pr.gov.br\/index.php?rest_route=\/tribe\/events\/v1\/categories\/699","collection":"https:\/\/blog.londrina.pr.gov.br\/index.php?rest_route=\/tribe\/events\/v1\/categories"}},{"name":"Mulher","slug":"mulher","term_group":0,"term_taxonomy_id":919,"taxonomy":"tribe_events_cat","description":"","parent":0,"count":19,"filter":"raw","id":919,"urls":{"self":"https:\/\/blog.londrina.pr.gov.br\/index.php?rest_route=\/tribe\/events\/v1\/categories\/919","collection":"https:\/\/blog.londrina.pr.gov.br\/index.php?rest_route=\/tribe\/events\/v1\/categories"}}],"tags":[{"name":"Cemit\u00e9rio de Autom\u00f3veis","slug":"cemiterio-de-automoveis","term_group":0,"term_taxonomy_id":792,"taxonomy":"post_tag","description":"","parent":0,"count":32,"filter":"raw","id":792,"urls":{"self":"https:\/\/blog.londrina.pr.gov.br\/index.php?rest_route=\/tribe\/events\/v1\/tags\/792","collection":"https:\/\/blog.londrina.pr.gov.br\/index.php?rest_route=\/tribe\/events\/v1\/tags"}},{"name":"Coletivo Luiza Mahin","slug":"coletivo-luiza-mahin","term_group":0,"term_taxonomy_id":1720,"taxonomy":"post_tag","description":"","parent":0,"count":1,"filter":"raw","id":1720,"urls":{"self":"https:\/\/blog.londrina.pr.gov.br\/index.php?rest_route=\/tribe\/events\/v1\/tags\/1720","collection":"https:\/\/blog.londrina.pr.gov.br\/index.php?rest_route=\/tribe\/events\/v1\/tags"}},{"name":"sarau das pretas","slug":"sarau-das-pretas","term_group":0,"term_taxonomy_id":1701,"taxonomy":"post_tag","description":"","parent":0,"count":2,"filter":"raw","id":1701,"urls":{"self":"https:\/\/blog.londrina.pr.gov.br\/index.php?rest_route=\/tribe\/events\/v1\/tags\/1701","collection":"https:\/\/blog.londrina.pr.gov.br\/index.php?rest_route=\/tribe\/events\/v1\/tags"}}],"venue":{"id":51254,"author":"116","status":"publish","date":"2019-04-05 16:02:27","date_utc":"2019-04-05 19:02:27","modified":"2019-04-05 16:02:27","modified_utc":"2019-04-05 19:02:27","url":"https:\/\/blog.londrina.pr.gov.br\/?tribe_venue=vila-cultural-cemiterio-de-automoveis-2","venue":"Vila Cultural Cemit\u00e9rio de Autom\u00f3veis","slug":"vila-cultural-cemiterio-de-automoveis-2","address":"Avenida Arthur Thomas, 342","city":"Londrina","country":"Brazil","province":"PR","zip":"86063-380","website":"https:\/\/vilacemiteriodeautomoveis.wordpress.com\/about\/","stateprovince":"PR","json_ld":{"@type":"Place","name":"Vila Cultural Cemit\u00e9rio de Autom\u00f3veis","description":"","url":"https:\/\/blog.londrina.pr.gov.br\/?tribe_venue=vila-cultural-cemiterio-de-automoveis-2","address":{"@type":"PostalAddress","streetAddress":"Avenida Arthur Thomas, 342","addressLocality":"Londrina","addressRegion":"PR","postalCode":"86063-380","addressCountry":"Brazil"},"telephone":"","sameAs":"https:\/\/vilacemiteriodeautomoveis.wordpress.com\/about\/"},"show_map":true,"show_map_link":true,"global_id":"blog.londrina.pr.gov.br?id=51254","global_id_lineage":["blog.londrina.pr.gov.br?id=51254"]},"organizer":[{"id":52673,"author":"112","status":"publish","date":"2019-05-02 18:07:58","date_utc":"2019-05-02 21:07:58","modified":"2019-05-02 18:07:58","modified_utc":"2019-05-02 21:07:58","url":"https:\/\/blog.londrina.pr.gov.br\/?tribe_organizer=coletivo-de-mulheres-negras-luzia-mahin","organizer":"Coletivo de Mulheres Negras Luzia Mahin","slug":"coletivo-de-mulheres-negras-luzia-mahin","website":"https:\/\/www.facebook.com\/saraudaspretaslondrina\/","json_ld":{"@type":"Person","name":"Coletivo de Mulheres Negras Luzia Mahin","description":"","url":"https:\/\/blog.londrina.pr.gov.br\/?tribe_organizer=coletivo-de-mulheres-negras-luzia-mahin","telephone":"","email":"","sameAs":"https:\/\/www.facebook.com\/saraudaspretaslondrina\/"},"global_id":"blog.londrina.pr.gov.br?id=52673","global_id_lineage":["blog.londrina.pr.gov.br?id=52673"]}],"json_ld":{"@context":"http:\/\/schema.org","@type":"Event","name":"Sarau das Pretas &#8211; Y\u00e1 Mukumby Vive!","description":"&lt;p&gt;Neste s\u00e1bado, a partir das 18h, ser\u00e1 realizado o Sarau das Pretas \u2013 Y\u00c1 MUKUMBY VIVE!, que tem por objetivo fortalecer e divulgar a cultura afro-brasileira em Londrina. O evento acontecer\u00e1 na Vila Cultural Cemit\u00e9rio de Autom\u00f3veis, localizada na Avenida Arthur Tomas, 342. A entrada \u00e9 gratuita. Esta ser\u00e1 a terceira e \u00faltima edi\u00e7\u00e3o do &hellip;&lt;\/p&gt;\\n","url":"https:\/\/blog.londrina.pr.gov.br\/?tribe_events=sarau-das-pretas-ya-mukumby-vive","startDate":"2019-05-04T18:00:00-03:00","endDate":"2019-05-04T22:00:00-03:00","location":{"@type":"Place","name":"Vila Cultural Cemit\u00e9rio de Autom\u00f3veis","description":"","url":"https:\/\/blog.londrina.pr.gov.br\/?tribe_venue=vila-cultural-cemiterio-de-automoveis-2","address":{"@type":"PostalAddress","streetAddress":"Avenida Arthur Thomas, 342","addressLocality":"Londrina","addressRegion":"PR","postalCode":"86063-380","addressCountry":"Brazil"},"telephone":"","sameAs":"https:\/\/vilacemiteriodeautomoveis.wordpress.com\/about\/"},"organizer":{"@type":"Person","name":"Coletivo de Mulheres Negras Luzia Mahin","description":"","url":"https:\/\/blog.londrina.pr.gov.br\/?tribe_organizer=coletivo-de-mulheres-negras-luzia-mahin","telephone":"","email":"","sameAs":"https:\/\/www.facebook.com\/saraudaspretaslondrina\/"},"performer":"Organization"}}