{"id":53605,"global_id":"blog.londrina.pr.gov.br?id=53605","global_id_lineage":["blog.londrina.pr.gov.br?id=53605"],"author":"117","status":"publish","date":"2019-05-17 18:00:26","date_utc":"2019-05-17 21:00:26","modified":"2019-05-17 18:00:26","modified_utc":"2019-05-17 21:00:26","url":"https:\/\/blog.londrina.pr.gov.br\/?tribe_events=palestra-amarelo-prevencao-de-acidentes-de-transito","rest_url":"https:\/\/blog.londrina.pr.gov.br\/index.php?rest_route=\/tribe\/events\/v1\/events\/53605","title":"Palestra \u201cAmarelo: Preven\u00e7\u00e3o de acidentes de tr\u00e2nsito\u201d","description":"<p>A palestra com tema \u201cAmarelo: Preven\u00e7\u00e3o de acidentes de tr\u00e2nsito\u201d, que \u00e9 realizada pela Secretaria Municipal do Idoso, em parceria com a CMTU, ser\u00e1 ministrada por um colaborador da companhia, na segunda-feira (27), a partir das 13h30, no Centro\u00a0 de Conviv\u00eancia da Pessoa Idosa (CCI) Norte, localizado na Rua Lu\u00eds Brugin, 570, no conjunto Maria Cec\u00edlia.<\/p>\n<p>A atividade integra a campanha Maio Amarelo e tem o objetivo de sensibilizar a popula\u00e7\u00e3o idosa sobre os riscos no tr\u00e2nsito. As atividades s\u00e3o destinadas a idosos de grupos de conviv\u00eancia e centros de conviv\u00eancia.<\/p>","excerpt":"","slug":"palestra-amarelo-prevencao-de-acidentes-de-transito","image":false,"all_day":false,"start_date":"2019-05-27 13:30:00","start_date_details":{"year":"2019","month":"05","day":"27","hour":"13","minutes":"30","seconds":"00"},"end_date":"2019-05-27 17:00:00","end_date_details":{"year":"2019","month":"05","day":"27","hour":"17","minutes":"00","seconds":"00"},"utc_start_date":"2019-05-27 16:30:00","utc_start_date_details":{"year":"2019","month":"05","day":"27","hour":"16","minutes":"30","seconds":"00"},"utc_end_date":"2019-05-27 20:00:00","utc_end_date_details":{"year":"2019","month":"05","day":"27","hour":"20","minutes":"00","seconds":"00"},"timezone":"America\/Sao_Paulo","timezone_abbr":"-03","cost":"","cost_details":{"currency_symbol":"","currency_position":"prefix","values":[]},"website":"","show_map":true,"show_map_link":true,"hide_from_listings":false,"sticky":false,"featured":false,"categories":[],"tags":[],"venue":{"id":50877,"author":"115","status":"publish","date":"2019-04-01 18:24:41","date_utc":"2019-04-01 21:24:41","modified":"2019-04-01 18:24:41","modified_utc":"2019-04-01 21:24:41","url":"https:\/\/blog.londrina.pr.gov.br\/?tribe_venue=cci-norte","venue":"CCI Norte","slug":"cci-norte","address":"Rua Luiz Brugin, 570","city":"Londrina","country":"Brazil","province":"PR","stateprovince":"PR","json_ld":{"@type":"Place","name":"CCI Norte","description":"","url":"https:\/\/blog.londrina.pr.gov.br\/?tribe_venue=cci-norte","address":{"@type":"PostalAddress","streetAddress":"Rua Luiz Brugin, 570","addressLocality":"Londrina","addressRegion":"PR","addressCountry":"Brazil"},"telephone":"","sameAs":""},"show_map":true,"show_map_link":true,"global_id":"blog.londrina.pr.gov.br?id=50877","global_id_lineage":["blog.londrina.pr.gov.br?id=50877"]},"organizer":[],"json_ld":{"@context":"http:\/\/schema.org","@type":"Event","name":"Palestra \u201cAmarelo: Preven\u00e7\u00e3o de acidentes de tr\u00e2nsito\u201d","description":"&lt;p&gt;A palestra com tema \u201cAmarelo: Preven\u00e7\u00e3o de acidentes de tr\u00e2nsito\u201d, que \u00e9 realizada pela Secretaria Municipal do Idoso, em parceria com a CMTU, ser\u00e1 ministrada por um colaborador da companhia, na segunda-feira (27), a partir das 13h30, no Centro\u00a0 de Conviv\u00eancia da Pessoa Idosa (CCI) Norte, localizado na Rua Lu\u00eds Brugin, 570, no conjunto Maria &hellip;&lt;\/p&gt;\\n","url":"https:\/\/blog.londrina.pr.gov.br\/?tribe_events=palestra-amarelo-prevencao-de-acidentes-de-transito","startDate":"2019-05-27T13:30:00-03:00","endDate":"2019-05-27T17:00:00-03:00","location":{"@type":"Place","name":"CCI Norte","description":"","url":"https:\/\/blog.londrina.pr.gov.br\/?tribe_venue=cci-norte","address":{"@type":"PostalAddress","streetAddress":"Rua Luiz Brugin, 570","addressLocality":"Londrina","addressRegion":"PR","addressCountry":"Brazil"},"telephone":"","sameAs":""},"performer":"Organization"}}