{"id":54741,"global_id":"blog.londrina.pr.gov.br?id=54741","global_id_lineage":["blog.londrina.pr.gov.br?id=54741"],"author":"115","status":"publish","date":"2019-06-03 17:02:38","date_utc":"2019-06-03 20:02:38","modified":"2019-06-03 17:02:38","modified_utc":"2019-06-03 20:02:38","url":"https:\/\/blog.londrina.pr.gov.br\/?tribe_events=6o-abraco-pela-paz-no-lago-norte","rest_url":"https:\/\/blog.londrina.pr.gov.br\/index.php?rest_route=\/tribe\/events\/v1\/events\/54741","title":"6\u00ba Abra\u00e7o pela Paz no Lago Norte","description":"<p>O Lago Norte, no Conjunto Milton Gavetti, recebe na quarta-feira (5) a sexta edi\u00e7\u00e3o do Abra\u00e7o pela Paz. A a\u00e7\u00e3o \u00e9 promovida anualmente, com o objetivo de promover a cultura de paz e n\u00e3o-viol\u00eancia, o cuidado com o meio ambiente, e inclui apresenta\u00e7\u00f5es culturais e atividades f\u00edsicas.<\/p>\n<p>O Abra\u00e7o pela Paz no Lago Norte \u00e9 uma iniciativa do Conselho Municipal de Cultura de Paz (COMPAZ), ONG Londrina Pazeando, e Associa\u00e7\u00e3o de Moradores do Conjunto Milton Gavetti. Participam tamb\u00e9m, desta edi\u00e7\u00e3o, escolas municipais e estaduais, CMEI, empresas da regi\u00e3o norte, grupos de idosos atendidos pelo NASF, equipes da UBS, frequentadores do CCI Norte, Coordena\u00e7\u00e3o de Endemias do Munic\u00edpio, entre outros.<\/p>\n<p>A SEMA ir\u00e1 realizar um plantio de mudas, simb\u00f3lico, e uma atividade do Desafio do Lixo. E a Biblioteca M\u00f3vel Ambiental, \u00f4nibus com material impresso e v\u00eddeos que educam sobre os cuidados com a natureza, vai atender a comunidade que comparecer ao ato.<\/p>\n<p>A expectativa \u00e9 que cerca de 1.500 compare\u00e7am no Lago Norte nesta quarta-feira (5), quando tamb\u00e9m \u00e9 comemorado o Dia Mundial do Meio Ambiente.<\/p>","excerpt":"","slug":"6o-abraco-pela-paz-no-lago-norte","image":false,"all_day":false,"start_date":"2019-06-05 08:00:00","start_date_details":{"year":"2019","month":"06","day":"05","hour":"08","minutes":"00","seconds":"00"},"end_date":"2019-06-05 11:00:00","end_date_details":{"year":"2019","month":"06","day":"05","hour":"11","minutes":"00","seconds":"00"},"utc_start_date":"2019-06-05 11:00:00","utc_start_date_details":{"year":"2019","month":"06","day":"05","hour":"11","minutes":"00","seconds":"00"},"utc_end_date":"2019-06-05 14:00:00","utc_end_date_details":{"year":"2019","month":"06","day":"05","hour":"14","minutes":"00","seconds":"00"},"timezone":"America\/Sao_Paulo","timezone_abbr":"-03","cost":"","cost_details":{"currency_symbol":"","currency_position":"prefix","values":[]},"website":"http:\/\/londrinapazeando.org.br\/6o-abraco-pela-paz-no-lago-norte\/","show_map":true,"show_map_link":true,"hide_from_listings":false,"sticky":false,"featured":false,"categories":[{"name":"A\u00e7\u00e3o Social","slug":"acao-social","term_group":0,"term_taxonomy_id":698,"taxonomy":"tribe_events_cat","description":"","parent":0,"count":30,"filter":"raw","id":698,"urls":{"self":"https:\/\/blog.londrina.pr.gov.br\/index.php?rest_route=\/tribe\/events\/v1\/categories\/698","collection":"https:\/\/blog.londrina.pr.gov.br\/index.php?rest_route=\/tribe\/events\/v1\/categories"}}],"tags":[{"name":"Abra\u00e7o pela Paz","slug":"abraco-pela-paz","term_group":0,"term_taxonomy_id":2349,"taxonomy":"post_tag","description":"","parent":0,"count":8,"filter":"raw","id":2349,"urls":{"self":"https:\/\/blog.londrina.pr.gov.br\/index.php?rest_route=\/tribe\/events\/v1\/tags\/2349","collection":"https:\/\/blog.londrina.pr.gov.br\/index.php?rest_route=\/tribe\/events\/v1\/tags"}},{"name":"COMPAZ","slug":"compaz","term_group":0,"term_taxonomy_id":884,"taxonomy":"post_tag","description":"","parent":0,"count":135,"filter":"raw","id":884,"urls":{"self":"https:\/\/blog.londrina.pr.gov.br\/index.php?rest_route=\/tribe\/events\/v1\/tags\/884","collection":"https:\/\/blog.londrina.pr.gov.br\/index.php?rest_route=\/tribe\/events\/v1\/tags"}},{"name":"cultura de paz","slug":"cultura-de-paz","term_group":0,"term_taxonomy_id":739,"taxonomy":"post_tag","description":"","parent":0,"count":46,"filter":"raw","id":739,"urls":{"self":"https:\/\/blog.londrina.pr.gov.br\/index.php?rest_route=\/tribe\/events\/v1\/tags\/739","collection":"https:\/\/blog.londrina.pr.gov.br\/index.php?rest_route=\/tribe\/events\/v1\/tags"}},{"name":"lago norte","slug":"lago-norte","term_group":0,"term_taxonomy_id":2344,"taxonomy":"post_tag","description":"","parent":0,"count":23,"filter":"raw","id":2344,"urls":{"self":"https:\/\/blog.londrina.pr.gov.br\/index.php?rest_route=\/tribe\/events\/v1\/tags\/2344","collection":"https:\/\/blog.londrina.pr.gov.br\/index.php?rest_route=\/tribe\/events\/v1\/tags"}},{"name":"Londrina Pazeando","slug":"londrina-pazeando","term_group":0,"term_taxonomy_id":886,"taxonomy":"post_tag","description":"","parent":0,"count":96,"filter":"raw","id":886,"urls":{"self":"https:\/\/blog.londrina.pr.gov.br\/index.php?rest_route=\/tribe\/events\/v1\/tags\/886","collection":"https:\/\/blog.londrina.pr.gov.br\/index.php?rest_route=\/tribe\/events\/v1\/tags"}}],"venue":{"id":54745,"author":"115","status":"publish","date":"2019-06-03 17:02:39","date_utc":"2019-06-03 20:02:39","modified":"2019-06-03 17:02:39","modified_utc":"2019-06-03 20:02:39","url":"https:\/\/blog.londrina.pr.gov.br\/?tribe_venue=lago-norte","venue":"Lago Norte","slug":"lago-norte","address":"Avenida Curitiba, Conjunto Milton Gavetti","city":"Londrina","country":"Brazil","province":"PR","stateprovince":"PR","json_ld":{"@type":"Place","name":"Lago Norte","description":"","url":"https:\/\/blog.londrina.pr.gov.br\/?tribe_venue=lago-norte","address":{"@type":"PostalAddress","streetAddress":"Avenida Curitiba, Conjunto Milton Gavetti","addressLocality":"Londrina","addressRegion":"PR","addressCountry":"Brazil"},"telephone":"","sameAs":""},"show_map":true,"show_map_link":true,"global_id":"blog.londrina.pr.gov.br?id=54745","global_id_lineage":["blog.londrina.pr.gov.br?id=54745"]},"organizer":[{"id":54746,"author":"115","status":"publish","date":"2019-06-03 17:02:39","date_utc":"2019-06-03 20:02:39","modified":"2019-06-03 17:02:39","modified_utc":"2019-06-03 20:02:39","url":"https:\/\/blog.londrina.pr.gov.br\/?tribe_organizer=londrina-pazeando","organizer":"Londrina Pazeando","slug":"londrina-pazeando","website":"http:\/\/londrinapazeando.org.br\/","json_ld":{"@type":"Person","name":"Londrina Pazeando","description":"","url":"https:\/\/blog.londrina.pr.gov.br\/?tribe_organizer=londrina-pazeando","telephone":"","email":"","sameAs":"http:\/\/londrinapazeando.org.br\/"},"global_id":"blog.londrina.pr.gov.br?id=54746","global_id_lineage":["blog.londrina.pr.gov.br?id=54746"]},{"id":54747,"author":"115","status":"publish","date":"2019-06-03 17:02:39","date_utc":"2019-06-03 20:02:39","modified":"2019-06-03 17:02:39","modified_utc":"2019-06-03 20:02:39","url":"https:\/\/blog.londrina.pr.gov.br\/?tribe_organizer=conselho-municipal-de-cultura-de-paz","organizer":"Conselho Municipal de Cultura de Paz","slug":"conselho-municipal-de-cultura-de-paz","website":"http:\/\/www.londrina.pr.gov.br\/index.php?option=com_content&view=frontpageplus&Itemid=309","json_ld":{"@type":"Person","name":"Conselho Municipal de Cultura de Paz","description":"","url":"https:\/\/blog.londrina.pr.gov.br\/?tribe_organizer=conselho-municipal-de-cultura-de-paz","telephone":"","email":"","sameAs":"http:\/\/www.londrina.pr.gov.br\/index.php?option=com_content&#038;view=frontpageplus&#038;Itemid=309"},"global_id":"blog.londrina.pr.gov.br?id=54747","global_id_lineage":["blog.londrina.pr.gov.br?id=54747"]}],"json_ld":{"@context":"http:\/\/schema.org","@type":"Event","name":"6\u00ba Abra\u00e7o pela Paz no Lago Norte","description":"&lt;p&gt;O Lago Norte, no Conjunto Milton Gavetti, recebe na quarta-feira (5) a sexta edi\u00e7\u00e3o do Abra\u00e7o pela Paz. A a\u00e7\u00e3o \u00e9 promovida anualmente, com o objetivo de promover a cultura de paz e n\u00e3o-viol\u00eancia, o cuidado com o meio ambiente, e inclui apresenta\u00e7\u00f5es culturais e atividades f\u00edsicas. O Abra\u00e7o pela Paz no Lago Norte \u00e9 &hellip;&lt;\/p&gt;\\n","url":"https:\/\/blog.londrina.pr.gov.br\/?tribe_events=6o-abraco-pela-paz-no-lago-norte","startDate":"2019-06-05T08:00:00-03:00","endDate":"2019-06-05T11:00:00-03:00","location":{"@type":"Place","name":"Lago Norte","description":"","url":"https:\/\/blog.londrina.pr.gov.br\/?tribe_venue=lago-norte","address":{"@type":"PostalAddress","streetAddress":"Avenida Curitiba, Conjunto Milton Gavetti","addressLocality":"Londrina","addressRegion":"PR","addressCountry":"Brazil"},"telephone":"","sameAs":""},"organizer":{"@type":"Person","name":"Londrina Pazeando","description":"","url":"https:\/\/blog.londrina.pr.gov.br\/?tribe_organizer=londrina-pazeando","telephone":"","email":"","sameAs":"http:\/\/londrinapazeando.org.br\/"},"performer":"Organization"}}