{"id":56611,"global_id":"blog.londrina.pr.gov.br?id=56611","global_id_lineage":["blog.londrina.pr.gov.br?id=56611"],"author":"115","status":"publish","date":"2019-07-03 18:01:18","date_utc":"2019-07-03 21:01:18","modified":"2019-07-03 18:06:35","modified_utc":"2019-07-03 21:06:35","url":"https:\/\/blog.londrina.pr.gov.br\/?tribe_events=funcart-realiza-jantar-com-musica-brasileira","rest_url":"https:\/\/blog.londrina.pr.gov.br\/index.php?rest_route=\/tribe\/events\/v1\/events\/56611","title":"Funcart realiza jantar com m\u00fasica brasileira","description":"<p>Nesta sexta-feira, dia 5 de julho, a Funda\u00e7\u00e3o Cultura Art\u00edstica de Londrina (FUNCART) promove a 3\u00aa edi\u00e7\u00e3o de seu jantar. O evento acontece a partir das 19 horas, no restaurante localizado na Av. Maring\u00e1, 899. O valor individual \u00e9 R$30 e d\u00e1 acesso livre a um buf\u00ea especial de massas e caldos. Crian\u00e7as de at\u00e9 3 anos n\u00e3o pagam; as de 4 a 7 anos pagam meia-entrada e, a partir desta idade, o valor \u00e9 normal. A Funcart realiza suas atividades art\u00edsticas, educativas e sociais a partir de conv\u00eanio com a Prefeitura de Londrina, promovendo o teatro e a dan\u00e7a na cidade com parcela significativa de alunos bolsistas.<\/p>\n<p>Os convites podem ser adquiridos na Secretaria da Funcart Centro (Rua Souza Naves, 2380) ou na unidade da Regi\u00e3o Norte (Av. Alexandre Santoro, 440). Tamb\u00e9m \u00e9 poss\u00edvel encomend\u00e1-los com os bailarinos do Ballet de Londrina, funcion\u00e1rios, alunos e membros da diretoria da Funda\u00e7\u00e3o. \u00a0Mais informa\u00e7\u00f5es pelo fone (43) 3342-2362 ou pelo whatsapp (43) 98843-5567. Os lugares s\u00e3o limitados. Caso haja disponibilidade, tamb\u00e9m ser\u00e3o vendidos convites na hora.<\/p>\n<figure id=\"attachment_56604\" aria-describedby=\"caption-attachment-56604\" style=\"width: 300px\" class=\"wp-caption alignright\"><img class=\"size-medium wp-image-56604\" src=\"https:\/\/i0.wp.com\/blog.londrina.pr.gov.br\/wp-content\/uploads\/2019\/07-julho\/03.07.19\/Ant\u00f4nio-Mariano-Jr.-e-M\u00e1rcia-Santos-divulga\u00e7\u00e3o-P.jpg?resize=300%2C195&#038;ssl=1\" alt=\"\" width=\"300\" height=\"195\" srcset=\"https:\/\/i0.wp.com\/blog.londrina.pr.gov.br\/wp-content\/uploads\/2019\/07-julho\/03.07.19\/Ant\u00f4nio-Mariano-Jr.-e-M\u00e1rcia-Santos-divulga\u00e7\u00e3o-P.jpg?resize=300%2C195&amp;ssl=1 300w, https:\/\/i0.wp.com\/blog.londrina.pr.gov.br\/wp-content\/uploads\/2019\/07-julho\/03.07.19\/Ant\u00f4nio-Mariano-Jr.-e-M\u00e1rcia-Santos-divulga\u00e7\u00e3o-P.jpg?resize=768%2C499&amp;ssl=1 768w, https:\/\/i0.wp.com\/blog.londrina.pr.gov.br\/wp-content\/uploads\/2019\/07-julho\/03.07.19\/Ant\u00f4nio-Mariano-Jr.-e-M\u00e1rcia-Santos-divulga\u00e7\u00e3o-P.jpg?w=770&amp;ssl=1 770w\" sizes=\"(max-width: 300px) 100vw, 300px\" data-recalc-dims=\"1\" \/><figcaption id=\"caption-attachment-56604\" class=\"wp-caption-text\">Foto: Divulga\u00e7\u00e3o<\/figcaption><\/figure>\n<p>Al\u00e9m do card\u00e1pio com del\u00edcias da culin\u00e1ria italiana, a noite tamb\u00e9m promete atra\u00e7\u00f5es especiais. O jantar ser\u00e1 animado pela boa can\u00e7\u00e3o popular brasileira. Ant\u00f4nio Mariano Jr., conhecido jornalista e cantor, divide o show com a vocalista e multi-instrumentista M\u00e1rcia Santos. Embora se considere \u201cm\u00fasico n\u00e3o-profissional\u201d, Mariano dedicou sua trajet\u00f3ria ao jornalismo musical e \u00e0 pr\u00e1tica do viol\u00e3o e do canto. Na d\u00e9cada de 1980, tocou em <em>pubs<\/em> bo\u00eamios como o Alquimia, em Presidente Prudente, e o Clube da Esquina, em Londrina. Recentemente, gravou disco ainda in\u00e9dito e participou do show \u201cCaymmi de Todos os Encantos\u201d. Com 42 anos de trajet\u00f3ria art\u00edstica, M\u00e1rcia atravessou as d\u00e9cadas de 1970 a 1990 nos palcos dos principais bares da cidade na companhia dos irm\u00e3os Marcos e Marta Santos, trazendo no curr\u00edculo parcerias com grandes nomes como Jhonny Alf e Lena Mariano. Eles prometem embalar a noite com cl\u00e1ssicos de Caetano Veloso, Paulinho da Viola, Jo\u00e3o Bosco, Aldir Blanc, Vinicius de Moraes, Geraldo Pereira, dentre outros.<\/p>\n<p><strong>Servi\u00e7o:<\/strong><\/p>\n<p><strong>3\u00ba Jantar da Funcart<\/strong><\/p>\n<p>Dia 5 de julho, sexta-feira<\/p>\n<p>A partir das 19 horas<\/p>\n<p>Av. Maring\u00e1, 899<\/p>\n<p>Convite individual: R$30<\/p>\n<p>Convites na Funcart Centro ou Regi\u00e3o Norte<\/p>\n<p>Contatos: (43) 3342-2362 ou (43) 98843-5567<\/p>","excerpt":"","slug":"funcart-realiza-jantar-com-musica-brasileira","image":false,"all_day":false,"start_date":"2019-07-05 19:00:00","start_date_details":{"year":"2019","month":"07","day":"05","hour":"19","minutes":"00","seconds":"00"},"end_date":"2019-07-05 19:00:00","end_date_details":{"year":"2019","month":"07","day":"05","hour":"19","minutes":"00","seconds":"00"},"utc_start_date":"2019-07-05 22:00:00","utc_start_date_details":{"year":"2019","month":"07","day":"05","hour":"22","minutes":"00","seconds":"00"},"utc_end_date":"2019-07-05 22:00:00","utc_end_date_details":{"year":"2019","month":"07","day":"05","hour":"22","minutes":"00","seconds":"00"},"timezone":"America\/Sao_Paulo","timezone_abbr":"-03","cost":"R$30","cost_details":{"currency_symbol":"R$","currency_position":"prefix","values":["30"]},"website":"","show_map":true,"show_map_link":true,"hide_from_listings":false,"sticky":false,"featured":false,"categories":[{"name":"Cultura","slug":"cultura","term_group":0,"term_taxonomy_id":699,"taxonomy":"tribe_events_cat","description":"","parent":0,"count":123,"filter":"raw","id":699,"urls":{"self":"https:\/\/blog.londrina.pr.gov.br\/index.php?rest_route=\/tribe\/events\/v1\/categories\/699","collection":"https:\/\/blog.londrina.pr.gov.br\/index.php?rest_route=\/tribe\/events\/v1\/categories"}}],"tags":[{"name":"cultura","slug":"cultura","term_group":0,"term_taxonomy_id":42,"taxonomy":"post_tag","description":"","parent":0,"count":4449,"filter":"raw","id":42,"urls":{"self":"https:\/\/blog.londrina.pr.gov.br\/index.php?rest_route=\/tribe\/events\/v1\/tags\/42","collection":"https:\/\/blog.londrina.pr.gov.br\/index.php?rest_route=\/tribe\/events\/v1\/tags"}},{"name":"dan\u00e7a","slug":"danca","term_group":0,"term_taxonomy_id":1547,"taxonomy":"post_tag","description":"","parent":0,"count":103,"filter":"raw","id":1547,"urls":{"self":"https:\/\/blog.londrina.pr.gov.br\/index.php?rest_route=\/tribe\/events\/v1\/tags\/1547","collection":"https:\/\/blog.londrina.pr.gov.br\/index.php?rest_route=\/tribe\/events\/v1\/tags"}},{"name":"Funcart","slug":"funcart","term_group":0,"term_taxonomy_id":41,"taxonomy":"post_tag","description":"","parent":0,"count":119,"filter":"raw","id":41,"urls":{"self":"https:\/\/blog.londrina.pr.gov.br\/index.php?rest_route=\/tribe\/events\/v1\/tags\/41","collection":"https:\/\/blog.londrina.pr.gov.br\/index.php?rest_route=\/tribe\/events\/v1\/tags"}},{"name":"Jantar da Funcart","slug":"jantar-da-funcart","term_group":0,"term_taxonomy_id":2865,"taxonomy":"post_tag","description":"","parent":0,"count":1,"filter":"raw","id":2865,"urls":{"self":"https:\/\/blog.londrina.pr.gov.br\/index.php?rest_route=\/tribe\/events\/v1\/tags\/2865","collection":"https:\/\/blog.londrina.pr.gov.br\/index.php?rest_route=\/tribe\/events\/v1\/tags"}},{"name":"teatro","slug":"teatro","term_group":0,"term_taxonomy_id":43,"taxonomy":"post_tag","description":"","parent":0,"count":184,"filter":"raw","id":43,"urls":{"self":"https:\/\/blog.londrina.pr.gov.br\/index.php?rest_route=\/tribe\/events\/v1\/tags\/43","collection":"https:\/\/blog.londrina.pr.gov.br\/index.php?rest_route=\/tribe\/events\/v1\/tags"}}],"venue":{"id":56618,"author":"115","status":"publish","date":"2019-07-03 18:06:35","date_utc":"2019-07-03 21:06:35","modified":"2019-07-03 18:06:35","modified_utc":"2019-07-03 21:06:35","url":"https:\/\/blog.londrina.pr.gov.br\/?tribe_venue=restaurante","venue":"Restaurante","slug":"restaurante","address":"Av. Maring\u00e1, 899","city":"Londrina","country":"Brazil","json_ld":{"@type":"Place","name":"Restaurante","description":"","url":"https:\/\/blog.londrina.pr.gov.br\/?tribe_venue=restaurante","address":{"@type":"PostalAddress","streetAddress":"Av. Maring\u00e1, 899","addressLocality":"Londrina","addressRegion":"PR","addressCountry":"Brazil"},"telephone":"","sameAs":""},"show_map":true,"show_map_link":true,"global_id":"blog.londrina.pr.gov.br?id=56618","global_id_lineage":["blog.londrina.pr.gov.br?id=56618"]},"organizer":[{"id":49333,"author":"112","status":"publish","date":"2019-03-15 18:29:40","date_utc":"2019-03-15 21:29:40","modified":"2019-03-15 18:29:40","modified_utc":"2019-03-15 21:29:40","url":"https:\/\/blog.londrina.pr.gov.br\/?tribe_organizer=funcart","organizer":"Funcart","slug":"funcart","website":"https:\/\/www.facebook.com\/funcartlondrina\/","json_ld":{"@type":"Person","name":"Funcart","description":"","url":"https:\/\/blog.londrina.pr.gov.br\/?tribe_organizer=funcart","telephone":"","email":"","sameAs":"https:\/\/www.facebook.com\/funcartlondrina\/"},"global_id":"blog.londrina.pr.gov.br?id=49333","global_id_lineage":["blog.londrina.pr.gov.br?id=49333"]}],"json_ld":{"@context":"http:\/\/schema.org","@type":"Event","name":"Funcart realiza jantar com m\u00fasica brasileira","description":"&lt;p&gt;Nesta sexta-feira, dia 5 de julho, a Funda\u00e7\u00e3o Cultura Art\u00edstica de Londrina (FUNCART) promove a 3\u00aa edi\u00e7\u00e3o de seu jantar. O evento acontece a partir das 19 horas, no restaurante localizado na Av. Maring\u00e1, 899. O valor individual \u00e9 R$30 e d\u00e1 acesso livre a um buf\u00ea especial de massas e caldos. Crian\u00e7as de at\u00e9 &hellip;&lt;\/p&gt;\\n","url":"https:\/\/blog.londrina.pr.gov.br\/?tribe_events=funcart-realiza-jantar-com-musica-brasileira","startDate":"2019-07-05T19:00:00-03:00","endDate":"2019-07-05T19:00:00-03:00","location":{"@type":"Place","name":"Restaurante","description":"","url":"https:\/\/blog.londrina.pr.gov.br\/?tribe_venue=restaurante","address":{"@type":"PostalAddress","streetAddress":"Av. Maring\u00e1, 899","addressLocality":"Londrina","addressRegion":"PR","addressCountry":"Brazil"},"telephone":"","sameAs":""},"organizer":{"@type":"Person","name":"Funcart","description":"","url":"https:\/\/blog.londrina.pr.gov.br\/?tribe_organizer=funcart","telephone":"","email":"","sameAs":"https:\/\/www.facebook.com\/funcartlondrina\/"},"offers":{"@type":"Offer","price":"30","priceCurrency":"R$","url":"https:\/\/blog.londrina.pr.gov.br\/?tribe_events=funcart-realiza-jantar-com-musica-brasileira","category":"primary","availability":"inStock","validFrom":"1970-01-01T00:00:00+00:00"},"performer":"Organization"}}