{"id":57521,"global_id":"blog.londrina.pr.gov.br?id=57521","global_id_lineage":["blog.londrina.pr.gov.br?id=57521"],"author":"114","status":"publish","date":"2019-07-17 15:43:34","date_utc":"2019-07-17 18:43:34","modified":"2019-07-17 15:43:34","modified_utc":"2019-07-17 18:43:34","url":"https:\/\/blog.londrina.pr.gov.br\/?tribe_events=encontro-de-gigantes-2","rest_url":"https:\/\/blog.londrina.pr.gov.br\/index.php?rest_route=\/tribe\/events\/v1\/events\/57521","title":"Encontro de Gigantes","description":"<p>Projeto cultural \u201cEncontro de Gigantes\u201d promove tardes divertidas e de aprendizado para celebrar a tradi\u00e7\u00e3o milenar das pernas de pau.<\/p>\n<figure id=\"attachment_57340\" aria-describedby=\"caption-attachment-57340\" style=\"width: 300px\" class=\"wp-caption alignright\"><img class=\"size-medium wp-image-57340\" src=\"https:\/\/i0.wp.com\/blog.londrina.pr.gov.br\/wp-content\/uploads\/2019\/07-julho\/15.07.19\/encontro-de-gigantes-divulga\u00e7\u00e3o-p.jpg?resize=300%2C195&#038;ssl=1\" alt=\"\" width=\"300\" height=\"195\" srcset=\"https:\/\/i0.wp.com\/blog.londrina.pr.gov.br\/wp-content\/uploads\/2019\/07-julho\/15.07.19\/encontro-de-gigantes-divulga\u00e7\u00e3o-p.jpg?resize=300%2C195&amp;ssl=1 300w, https:\/\/i0.wp.com\/blog.londrina.pr.gov.br\/wp-content\/uploads\/2019\/07-julho\/15.07.19\/encontro-de-gigantes-divulga\u00e7\u00e3o-p.jpg?resize=768%2C499&amp;ssl=1 768w, https:\/\/i0.wp.com\/blog.londrina.pr.gov.br\/wp-content\/uploads\/2019\/07-julho\/15.07.19\/encontro-de-gigantes-divulga\u00e7\u00e3o-p.jpg?w=770&amp;ssl=1 770w\" sizes=\"(max-width: 300px) 100vw, 300px\" data-recalc-dims=\"1\" \/><figcaption id=\"caption-attachment-57340\" class=\"wp-caption-text\">Foto: Divulga\u00e7\u00e3o<\/figcaption><\/figure>\n<p>O projeto \u00e9 patrocinado pelo Programa Municipal de Incentivo \u00e0 Cultura (PROMIC). A realiza\u00e7\u00e3o \u00e9 do proponente, ator, cantor, diretor e produtor cultural Thunay Tartari, em parceria com os artistas Adalberto Severiano, Andr\u00e9 Demarchi, Camila Feoli, Luana Rodrigues e Rog\u00e9rio Francisco Costa e conta com o apoio do N\u00facleo \u00c1s de Paus e do MARL \u2013 Movimento dos Artistas de Rua de Londrina.<\/p>","excerpt":"","slug":"encontro-de-gigantes-2","image":false,"all_day":false,"start_date":"2019-07-20 15:00:00","start_date_details":{"year":"2019","month":"07","day":"20","hour":"15","minutes":"00","seconds":"00"},"end_date":"2019-07-20 17:00:00","end_date_details":{"year":"2019","month":"07","day":"20","hour":"17","minutes":"00","seconds":"00"},"utc_start_date":"2019-07-20 18:00:00","utc_start_date_details":{"year":"2019","month":"07","day":"20","hour":"18","minutes":"00","seconds":"00"},"utc_end_date":"2019-07-20 20:00:00","utc_end_date_details":{"year":"2019","month":"07","day":"20","hour":"20","minutes":"00","seconds":"00"},"timezone":"America\/Sao_Paulo","timezone_abbr":"-03","cost":"","cost_details":{"currency_symbol":"","currency_position":"prefix","values":[]},"website":"https:\/\/www.facebook.com\/events\/1576995119101043\/?event_time_id=1576995135767708","show_map":true,"show_map_link":true,"hide_from_listings":false,"sticky":false,"featured":false,"categories":[{"name":"A\u00e7\u00e3o Social","slug":"acao-social","term_group":0,"term_taxonomy_id":698,"taxonomy":"tribe_events_cat","description":"","parent":0,"count":30,"filter":"raw","id":698,"urls":{"self":"https:\/\/blog.londrina.pr.gov.br\/index.php?rest_route=\/tribe\/events\/v1\/categories\/698","collection":"https:\/\/blog.londrina.pr.gov.br\/index.php?rest_route=\/tribe\/events\/v1\/categories"}},{"name":"Cultura","slug":"cultura","term_group":0,"term_taxonomy_id":699,"taxonomy":"tribe_events_cat","description":"","parent":0,"count":123,"filter":"raw","id":699,"urls":{"self":"https:\/\/blog.londrina.pr.gov.br\/index.php?rest_route=\/tribe\/events\/v1\/categories\/699","collection":"https:\/\/blog.londrina.pr.gov.br\/index.php?rest_route=\/tribe\/events\/v1\/categories"}},{"name":"Infantil","slug":"infantil","term_group":0,"term_taxonomy_id":745,"taxonomy":"tribe_events_cat","description":"","parent":0,"count":19,"filter":"raw","id":745,"urls":{"self":"https:\/\/blog.londrina.pr.gov.br\/index.php?rest_route=\/tribe\/events\/v1\/categories\/745","collection":"https:\/\/blog.londrina.pr.gov.br\/index.php?rest_route=\/tribe\/events\/v1\/categories"}}],"tags":[{"name":"cultura","slug":"cultura","term_group":0,"term_taxonomy_id":42,"taxonomy":"post_tag","description":"","parent":0,"count":4449,"filter":"raw","id":42,"urls":{"self":"https:\/\/blog.londrina.pr.gov.br\/index.php?rest_route=\/tribe\/events\/v1\/tags\/42","collection":"https:\/\/blog.londrina.pr.gov.br\/index.php?rest_route=\/tribe\/events\/v1\/tags"}},{"name":"perna de pau","slug":"perna-de-pau","term_group":0,"term_taxonomy_id":3000,"taxonomy":"post_tag","description":"","parent":0,"count":3,"filter":"raw","id":3000,"urls":{"self":"https:\/\/blog.londrina.pr.gov.br\/index.php?rest_route=\/tribe\/events\/v1\/tags\/3000","collection":"https:\/\/blog.londrina.pr.gov.br\/index.php?rest_route=\/tribe\/events\/v1\/tags"}},{"name":"promic","slug":"promic","term_group":0,"term_taxonomy_id":270,"taxonomy":"post_tag","description":"","parent":0,"count":1355,"filter":"raw","id":270,"urls":{"self":"https:\/\/blog.londrina.pr.gov.br\/index.php?rest_route=\/tribe\/events\/v1\/tags\/270","collection":"https:\/\/blog.londrina.pr.gov.br\/index.php?rest_route=\/tribe\/events\/v1\/tags"}}],"venue":{"id":57523,"author":"114","status":"publish","date":"2019-07-17 15:43:34","date_utc":"2019-07-17 18:43:34","modified":"2019-07-17 15:43:34","modified_utc":"2019-07-17 18:43:34","url":"https:\/\/blog.londrina.pr.gov.br\/?tribe_venue=avelino-vieira","venue":"Avelino Vieira","slug":"avelino-vieira","address":"Rua Vicente Quessada Agea","city":"Londrina","country":"Brazil","province":"PR","stateprovince":"PR","json_ld":{"@type":"Place","name":"Avelino Vieira","description":"","url":"https:\/\/blog.londrina.pr.gov.br\/?tribe_venue=avelino-vieira","address":{"@type":"PostalAddress","streetAddress":"Rua Vicente Quessada Agea","addressLocality":"Londrina","addressRegion":"PR","addressCountry":"Brazil"},"telephone":"","sameAs":""},"show_map":true,"show_map_link":true,"global_id":"blog.londrina.pr.gov.br?id=57523","global_id_lineage":["blog.londrina.pr.gov.br?id=57523"]},"organizer":[{"id":57517,"author":"114","status":"publish","date":"2019-07-17 15:37:01","date_utc":"2019-07-17 18:37:01","modified":"2019-07-17 15:37:01","modified_utc":"2019-07-17 18:37:01","url":"https:\/\/blog.londrina.pr.gov.br\/?tribe_organizer=thunay-tartari","organizer":"Thunay Tartari","slug":"thunay-tartari","json_ld":{"@type":"Person","name":"Thunay Tartari","description":"","url":"https:\/\/blog.londrina.pr.gov.br\/?tribe_organizer=thunay-tartari","telephone":"","email":"","sameAs":""},"global_id":"blog.londrina.pr.gov.br?id=57517","global_id_lineage":["blog.londrina.pr.gov.br?id=57517"]}],"json_ld":{"@context":"http:\/\/schema.org","@type":"Event","name":"Encontro de Gigantes","description":"&lt;p&gt;Projeto cultural \u201cEncontro de Gigantes\u201d promove tardes divertidas e de aprendizado para celebrar a tradi\u00e7\u00e3o milenar das pernas de pau. Foto: Divulga\u00e7\u00e3o O projeto \u00e9 patrocinado pelo Programa Municipal de Incentivo \u00e0 Cultura (PROMIC). A realiza\u00e7\u00e3o \u00e9 do proponente, ator, cantor, diretor e produtor cultural Thunay Tartari, em parceria com os artistas Adalberto Severiano, Andr\u00e9 &hellip;&lt;\/p&gt;\\n","url":"https:\/\/blog.londrina.pr.gov.br\/?tribe_events=encontro-de-gigantes-2","startDate":"2019-07-20T15:00:00-03:00","endDate":"2019-07-20T17:00:00-03:00","location":{"@type":"Place","name":"Avelino Vieira","description":"","url":"https:\/\/blog.londrina.pr.gov.br\/?tribe_venue=avelino-vieira","address":{"@type":"PostalAddress","streetAddress":"Rua Vicente Quessada Agea","addressLocality":"Londrina","addressRegion":"PR","addressCountry":"Brazil"},"telephone":"","sameAs":""},"organizer":{"@type":"Person","name":"Thunay Tartari","description":"","url":"https:\/\/blog.londrina.pr.gov.br\/?tribe_organizer=thunay-tartari","telephone":"","email":"","sameAs":""},"performer":"Organization"}}