{"id":57821,"global_id":"blog.londrina.pr.gov.br?id=57821","global_id_lineage":["blog.londrina.pr.gov.br?id=57821"],"author":"114","status":"publish","date":"2019-07-19 17:31:34","date_utc":"2019-07-19 20:31:34","modified":"2019-07-19 17:31:34","modified_utc":"2019-07-19 20:31:34","url":"https:\/\/blog.londrina.pr.gov.br\/?tribe_events=morte-e-vida-severina","rest_url":"https:\/\/blog.londrina.pr.gov.br\/index.php?rest_route=\/tribe\/events\/v1\/events\/57821","title":"Morte e Vida Severina","description":"<p>O Grupo Vocal Entre N\u00f3s apresenta uma montagem de \u201cMorte e Vida Severina\u201d. A pe\u00e7a \u00e9 uma releitura da obra hom\u00f4nima de Jo\u00e3o Cabral de Melo Neto e traz para o palco uma mistura de m\u00fasica de canto de coral, poesia e teatro.<\/p>\n<p>A iniciativa conta com o patroc\u00ednio da Secretaria Municipal de Cultura, por meio do Programa Municipal de Incentivo \u00e0 Cultura (PROMIC), e \u00e9 um produ\u00e7\u00e3o de Thalita Alc\u00e2ntara, com dire\u00e7\u00e3o c\u00eanica de Silvio Ribeiro e dire\u00e7\u00e3o musical de Monique Kodama.<\/p>","excerpt":"","slug":"morte-e-vida-severina","image":false,"all_day":false,"start_date":"2019-07-21 17:00:00","start_date_details":{"year":"2019","month":"07","day":"21","hour":"17","minutes":"00","seconds":"00"},"end_date":"2019-07-21 19:00:00","end_date_details":{"year":"2019","month":"07","day":"21","hour":"19","minutes":"00","seconds":"00"},"utc_start_date":"2019-07-21 20:00:00","utc_start_date_details":{"year":"2019","month":"07","day":"21","hour":"20","minutes":"00","seconds":"00"},"utc_end_date":"2019-07-21 22:00:00","utc_end_date_details":{"year":"2019","month":"07","day":"21","hour":"22","minutes":"00","seconds":"00"},"timezone":"America\/Sao_Paulo","timezone_abbr":"-03","cost":"","cost_details":{"currency_symbol":"","currency_position":"prefix","values":[]},"website":"https:\/\/www.grupovocalentrenos.com\/","show_map":true,"show_map_link":true,"hide_from_listings":false,"sticky":false,"featured":false,"categories":[{"name":"Cultura","slug":"cultura","term_group":0,"term_taxonomy_id":699,"taxonomy":"tribe_events_cat","description":"","parent":0,"count":123,"filter":"raw","id":699,"urls":{"self":"https:\/\/blog.londrina.pr.gov.br\/index.php?rest_route=\/tribe\/events\/v1\/categories\/699","collection":"https:\/\/blog.londrina.pr.gov.br\/index.php?rest_route=\/tribe\/events\/v1\/categories"}},{"name":"Infantil","slug":"infantil","term_group":0,"term_taxonomy_id":745,"taxonomy":"tribe_events_cat","description":"","parent":0,"count":19,"filter":"raw","id":745,"urls":{"self":"https:\/\/blog.londrina.pr.gov.br\/index.php?rest_route=\/tribe\/events\/v1\/categories\/745","collection":"https:\/\/blog.londrina.pr.gov.br\/index.php?rest_route=\/tribe\/events\/v1\/categories"}}],"tags":[{"name":"cultura","slug":"cultura","term_group":0,"term_taxonomy_id":42,"taxonomy":"post_tag","description":"","parent":0,"count":4449,"filter":"raw","id":42,"urls":{"self":"https:\/\/blog.londrina.pr.gov.br\/index.php?rest_route=\/tribe\/events\/v1\/tags\/42","collection":"https:\/\/blog.londrina.pr.gov.br\/index.php?rest_route=\/tribe\/events\/v1\/tags"}},{"name":"m\u00fasica","slug":"musica","term_group":0,"term_taxonomy_id":1209,"taxonomy":"post_tag","description":"","parent":0,"count":321,"filter":"raw","id":1209,"urls":{"self":"https:\/\/blog.londrina.pr.gov.br\/index.php?rest_route=\/tribe\/events\/v1\/tags\/1209","collection":"https:\/\/blog.londrina.pr.gov.br\/index.php?rest_route=\/tribe\/events\/v1\/tags"}},{"name":"promic","slug":"promic","term_group":0,"term_taxonomy_id":270,"taxonomy":"post_tag","description":"","parent":0,"count":1355,"filter":"raw","id":270,"urls":{"self":"https:\/\/blog.londrina.pr.gov.br\/index.php?rest_route=\/tribe\/events\/v1\/tags\/270","collection":"https:\/\/blog.londrina.pr.gov.br\/index.php?rest_route=\/tribe\/events\/v1\/tags"}},{"name":"teatro","slug":"teatro","term_group":0,"term_taxonomy_id":43,"taxonomy":"post_tag","description":"","parent":0,"count":184,"filter":"raw","id":43,"urls":{"self":"https:\/\/blog.londrina.pr.gov.br\/index.php?rest_route=\/tribe\/events\/v1\/tags\/43","collection":"https:\/\/blog.londrina.pr.gov.br\/index.php?rest_route=\/tribe\/events\/v1\/tags"}}],"venue":{"id":50487,"author":"116","status":"publish","date":"2019-03-28 17:16:54","date_utc":"2019-03-28 20:16:54","modified":"2019-03-28 17:16:54","modified_utc":"2019-03-28 20:16:54","url":"https:\/\/blog.londrina.pr.gov.br\/?tribe_venue=funcart","venue":"Funcart","slug":"funcart","address":"Rua Senador Souza Naves, 2.380","city":"Londrina","country":"Brazil","province":"PR","zip":"86015-430","phone":"3342-2362","stateprovince":"PR","json_ld":{"@type":"Place","name":"Funcart","description":"","url":"https:\/\/blog.londrina.pr.gov.br\/?tribe_venue=funcart","address":{"@type":"PostalAddress","streetAddress":"Rua Senador Souza Naves, 2.380","addressLocality":"Londrina","addressRegion":"PR","postalCode":"86015-430","addressCountry":"Brazil"},"telephone":"3342-2362","sameAs":""},"show_map":true,"show_map_link":true,"global_id":"blog.londrina.pr.gov.br?id=50487","global_id_lineage":["blog.londrina.pr.gov.br?id=50487"]},"organizer":[{"id":57824,"author":"114","status":"publish","date":"2019-07-19 17:31:35","date_utc":"2019-07-19 20:31:35","modified":"2019-07-19 17:31:35","modified_utc":"2019-07-19 20:31:35","url":"https:\/\/blog.londrina.pr.gov.br\/?tribe_organizer=grupo-vocal-entre-nos","organizer":"Grupo Vocal Entre N\u00f3s","slug":"grupo-vocal-entre-nos","phone":"3372-2844","website":"https:\/\/www.grupovocalentrenos.com\/","json_ld":{"@type":"Person","name":"Grupo Vocal Entre N\u00f3s","description":"","url":"https:\/\/blog.londrina.pr.gov.br\/?tribe_organizer=grupo-vocal-entre-nos","telephone":"3372-2844","email":"","sameAs":"https:\/\/www.grupovocalentrenos.com\/"},"global_id":"blog.londrina.pr.gov.br?id=57824","global_id_lineage":["blog.londrina.pr.gov.br?id=57824"]}],"json_ld":{"@context":"http:\/\/schema.org","@type":"Event","name":"Morte e Vida Severina","description":"&lt;p&gt;O Grupo Vocal Entre N\u00f3s apresenta uma montagem de \u201cMorte e Vida Severina\u201d. A pe\u00e7a \u00e9 uma releitura da obra hom\u00f4nima de Jo\u00e3o Cabral de Melo Neto e traz para o palco uma mistura de m\u00fasica de canto de coral, poesia e teatro. A iniciativa conta com o patroc\u00ednio da Secretaria Municipal de Cultura, por &hellip;&lt;\/p&gt;\\n","url":"https:\/\/blog.londrina.pr.gov.br\/?tribe_events=morte-e-vida-severina","startDate":"2019-07-21T17:00:00-03:00","endDate":"2019-07-21T19:00:00-03:00","location":{"@type":"Place","name":"Funcart","description":"","url":"https:\/\/blog.londrina.pr.gov.br\/?tribe_venue=funcart","address":{"@type":"PostalAddress","streetAddress":"Rua Senador Souza Naves, 2.380","addressLocality":"Londrina","addressRegion":"PR","postalCode":"86015-430","addressCountry":"Brazil"},"telephone":"3342-2362","sameAs":""},"organizer":{"@type":"Person","name":"Grupo Vocal Entre N\u00f3s","description":"","url":"https:\/\/blog.londrina.pr.gov.br\/?tribe_organizer=grupo-vocal-entre-nos","telephone":"3372-2844","email":"","sameAs":"https:\/\/www.grupovocalentrenos.com\/"},"performer":"Organization"}}