{"id":57976,"global_id":"blog.londrina.pr.gov.br?id=57976","global_id_lineage":["blog.londrina.pr.gov.br?id=57976"],"author":"114","status":"publish","date":"2019-07-23 17:46:25","date_utc":"2019-07-23 20:46:25","modified":"2019-07-23 17:46:25","modified_utc":"2019-07-23 20:46:25","url":"https:\/\/blog.londrina.pr.gov.br\/?tribe_events=tres-affecte","rest_url":"https:\/\/blog.londrina.pr.gov.br\/index.php?rest_route=\/tribe\/events\/v1\/events\/57976","title":"Tr\u00e8s Affect\u00e9","description":"<p>O grupo \u201cMiscelanea Ensemble\u201d se apresenta em Londrina e traz como foco da performance a m\u00fasica barroca francesa, a qual era tocada com frequ\u00eancia em cortes e sal\u00f5es da burguesia, nos s\u00e9culos XVII e XVIII.<\/p>\n<p>A Vila Cultural Cemit\u00e9rio de Autom\u00f3veis recebe apoio da Secretaria Municipal de Cultura, por meio do Programa Municipal de Incentivo \u00e0 Cultura (PROMIC).<\/p>","excerpt":"","slug":"tres-affecte","image":false,"all_day":false,"start_date":"2019-07-24 20:30:00","start_date_details":{"year":"2019","month":"07","day":"24","hour":"20","minutes":"30","seconds":"00"},"end_date":"2019-07-24 21:30:00","end_date_details":{"year":"2019","month":"07","day":"24","hour":"21","minutes":"30","seconds":"00"},"utc_start_date":"2019-07-24 23:30:00","utc_start_date_details":{"year":"2019","month":"07","day":"24","hour":"23","minutes":"30","seconds":"00"},"utc_end_date":"2019-07-25 00:30:00","utc_end_date_details":{"year":"2019","month":"07","day":"25","hour":"00","minutes":"30","seconds":"00"},"timezone":"America\/Sao_Paulo","timezone_abbr":"-03","cost":"R$10 \u2013 R$20","cost_details":{"currency_symbol":"R$","currency_position":"prefix","values":["10","20"]},"website":"https:\/\/vilacemiteriodeautomoveis.wordpress.com\/","show_map":true,"show_map_link":true,"hide_from_listings":false,"sticky":false,"featured":false,"categories":[{"name":"Cultura","slug":"cultura","term_group":0,"term_taxonomy_id":699,"taxonomy":"tribe_events_cat","description":"","parent":0,"count":123,"filter":"raw","id":699,"urls":{"self":"https:\/\/blog.londrina.pr.gov.br\/index.php?rest_route=\/tribe\/events\/v1\/categories\/699","collection":"https:\/\/blog.londrina.pr.gov.br\/index.php?rest_route=\/tribe\/events\/v1\/categories"}}],"tags":[{"name":"cultura","slug":"cultura","term_group":0,"term_taxonomy_id":42,"taxonomy":"post_tag","description":"","parent":0,"count":4449,"filter":"raw","id":42,"urls":{"self":"https:\/\/blog.londrina.pr.gov.br\/index.php?rest_route=\/tribe\/events\/v1\/tags\/42","collection":"https:\/\/blog.londrina.pr.gov.br\/index.php?rest_route=\/tribe\/events\/v1\/tags"}},{"name":"m\u00fasica","slug":"musica","term_group":0,"term_taxonomy_id":1209,"taxonomy":"post_tag","description":"","parent":0,"count":321,"filter":"raw","id":1209,"urls":{"self":"https:\/\/blog.londrina.pr.gov.br\/index.php?rest_route=\/tribe\/events\/v1\/tags\/1209","collection":"https:\/\/blog.londrina.pr.gov.br\/index.php?rest_route=\/tribe\/events\/v1\/tags"}},{"name":"promic","slug":"promic","term_group":0,"term_taxonomy_id":270,"taxonomy":"post_tag","description":"","parent":0,"count":1355,"filter":"raw","id":270,"urls":{"self":"https:\/\/blog.londrina.pr.gov.br\/index.php?rest_route=\/tribe\/events\/v1\/tags\/270","collection":"https:\/\/blog.londrina.pr.gov.br\/index.php?rest_route=\/tribe\/events\/v1\/tags"}}],"venue":{"id":49310,"author":"117","status":"publish","date":"2019-03-15 16:07:05","date_utc":"2019-03-15 19:07:05","modified":"2019-03-15 16:07:05","modified_utc":"2019-03-15 19:07:05","url":"https:\/\/blog.londrina.pr.gov.br\/?tribe_venue=vila-cultural-cemiterio-de-automoveis","venue":"Vila Cultural Cemit\u00e9rio de Autom\u00f3veis","slug":"vila-cultural-cemiterio-de-automoveis","address":"Avenida Arthur Thomas, 342","city":"Londrina","country":"Brazil","province":"PR","stateprovince":"PR","json_ld":{"@type":"Place","name":"Vila Cultural Cemit\u00e9rio de Autom\u00f3veis","description":"","url":"https:\/\/blog.londrina.pr.gov.br\/?tribe_venue=vila-cultural-cemiterio-de-automoveis","address":{"@type":"PostalAddress","streetAddress":"Avenida Arthur Thomas, 342","addressLocality":"Londrina","addressRegion":"PR","addressCountry":"Brazil"},"telephone":"","sameAs":""},"show_map":true,"show_map_link":true,"global_id":"blog.londrina.pr.gov.br?id=49310","global_id_lineage":["blog.londrina.pr.gov.br?id=49310"]},"organizer":[{"id":49311,"author":"117","status":"publish","date":"2019-03-15 16:07:06","date_utc":"2019-03-15 19:07:06","modified":"2019-03-15 16:07:06","modified_utc":"2019-03-15 19:07:06","url":"https:\/\/blog.londrina.pr.gov.br\/?tribe_organizer=vila-cultural-cemiterio-de-automoveis","organizer":"Vila Cultural Cemit\u00e9rio de Autom\u00f3veis","slug":"vila-cultural-cemiterio-de-automoveis","json_ld":{"@type":"Person","name":"Vila Cultural Cemit\u00e9rio de Autom\u00f3veis","description":"","url":"https:\/\/blog.londrina.pr.gov.br\/?tribe_organizer=vila-cultural-cemiterio-de-automoveis","telephone":"","email":"","sameAs":""},"global_id":"blog.londrina.pr.gov.br?id=49311","global_id_lineage":["blog.londrina.pr.gov.br?id=49311"]}],"json_ld":{"@context":"http:\/\/schema.org","@type":"Event","name":"Tr\u00e8s Affect\u00e9","description":"&lt;p&gt;O grupo \u201cMiscelanea Ensemble\u201d se apresenta em Londrina e traz como foco da performance a m\u00fasica barroca francesa, a qual era tocada com frequ\u00eancia em cortes e sal\u00f5es da burguesia, nos s\u00e9culos XVII e XVIII. A Vila Cultural Cemit\u00e9rio de Autom\u00f3veis recebe apoio da Secretaria Municipal de Cultura, por meio do Programa Municipal de Incentivo &hellip;&lt;\/p&gt;\\n","url":"https:\/\/blog.londrina.pr.gov.br\/?tribe_events=tres-affecte","startDate":"2019-07-24T20:30:00-03:00","endDate":"2019-07-24T21:30:00-03:00","location":{"@type":"Place","name":"Vila Cultural Cemit\u00e9rio de Autom\u00f3veis","description":"","url":"https:\/\/blog.londrina.pr.gov.br\/?tribe_venue=vila-cultural-cemiterio-de-automoveis","address":{"@type":"PostalAddress","streetAddress":"Avenida Arthur Thomas, 342","addressLocality":"Londrina","addressRegion":"PR","addressCountry":"Brazil"},"telephone":"","sameAs":""},"organizer":{"@type":"Person","name":"Vila Cultural Cemit\u00e9rio de Autom\u00f3veis","description":"","url":"https:\/\/blog.londrina.pr.gov.br\/?tribe_organizer=vila-cultural-cemiterio-de-automoveis","telephone":"","email":"","sameAs":""},"offers":{"@type":"Offer","price":"10 \u2013 20","priceCurrency":"R$","url":"https:\/\/blog.londrina.pr.gov.br\/?tribe_events=tres-affecte","category":"primary","availability":"inStock","validFrom":"1970-01-01T00:00:00+00:00"},"performer":"Organization"}}