{"id":58058,"global_id":"blog.londrina.pr.gov.br?id=58058","global_id_lineage":["blog.londrina.pr.gov.br?id=58058"],"author":"114","status":"publish","date":"2019-07-24 15:31:23","date_utc":"2019-07-24 18:31:23","modified":"2019-07-24 15:31:23","modified_utc":"2019-07-24 18:31:23","url":"https:\/\/blog.londrina.pr.gov.br\/?tribe_events=do-classico-ao-contemporaneo","rest_url":"https:\/\/blog.londrina.pr.gov.br\/index.php?rest_route=\/tribe\/events\/v1\/events\/58058","title":"Do cl\u00e1ssico ao contempor\u00e2neo","description":"<p>N\u00fameros de bal\u00e9 de repert\u00f3rio e trechos de dan\u00e7a contempor\u00e2nea produzidos em Londrina comp\u00f5em um programa especial que ser\u00e1 apresentado na cidade. A Funda\u00e7\u00e3o Cultura Art\u00edstica de Londrina (Funcart) tem conv\u00eanio com a Prefeitura Municipal de Londrina.<\/p>","excerpt":"","slug":"do-classico-ao-contemporaneo","image":false,"all_day":false,"start_date":"2019-07-27 20:00:00","start_date_details":{"year":"2019","month":"07","day":"27","hour":"20","minutes":"00","seconds":"00"},"end_date":"2019-07-27 22:00:00","end_date_details":{"year":"2019","month":"07","day":"27","hour":"22","minutes":"00","seconds":"00"},"utc_start_date":"2019-07-27 23:00:00","utc_start_date_details":{"year":"2019","month":"07","day":"27","hour":"23","minutes":"00","seconds":"00"},"utc_end_date":"2019-07-28 01:00:00","utc_end_date_details":{"year":"2019","month":"07","day":"28","hour":"01","minutes":"00","seconds":"00"},"timezone":"America\/Sao_Paulo","timezone_abbr":"-03","cost":"","cost_details":{"currency_symbol":"","currency_position":"prefix","values":[]},"website":"https:\/\/pt-br.facebook.com\/funcartlondrina","show_map":true,"show_map_link":true,"hide_from_listings":false,"sticky":false,"featured":false,"categories":[{"name":"Cultura","slug":"cultura","term_group":0,"term_taxonomy_id":699,"taxonomy":"tribe_events_cat","description":"","parent":0,"count":123,"filter":"raw","id":699,"urls":{"self":"https:\/\/blog.londrina.pr.gov.br\/index.php?rest_route=\/tribe\/events\/v1\/categories\/699","collection":"https:\/\/blog.londrina.pr.gov.br\/index.php?rest_route=\/tribe\/events\/v1\/categories"}}],"tags":[{"name":"cultura","slug":"cultura","term_group":0,"term_taxonomy_id":42,"taxonomy":"post_tag","description":"","parent":0,"count":4449,"filter":"raw","id":42,"urls":{"self":"https:\/\/blog.londrina.pr.gov.br\/index.php?rest_route=\/tribe\/events\/v1\/tags\/42","collection":"https:\/\/blog.londrina.pr.gov.br\/index.php?rest_route=\/tribe\/events\/v1\/tags"}},{"name":"dan\u00e7a","slug":"danca","term_group":0,"term_taxonomy_id":1547,"taxonomy":"post_tag","description":"","parent":0,"count":103,"filter":"raw","id":1547,"urls":{"self":"https:\/\/blog.londrina.pr.gov.br\/index.php?rest_route=\/tribe\/events\/v1\/tags\/1547","collection":"https:\/\/blog.londrina.pr.gov.br\/index.php?rest_route=\/tribe\/events\/v1\/tags"}},{"name":"Funcart","slug":"funcart","term_group":0,"term_taxonomy_id":41,"taxonomy":"post_tag","description":"","parent":0,"count":119,"filter":"raw","id":41,"urls":{"self":"https:\/\/blog.londrina.pr.gov.br\/index.php?rest_route=\/tribe\/events\/v1\/tags\/41","collection":"https:\/\/blog.londrina.pr.gov.br\/index.php?rest_route=\/tribe\/events\/v1\/tags"}}],"venue":{"id":50487,"author":"116","status":"publish","date":"2019-03-28 17:16:54","date_utc":"2019-03-28 20:16:54","modified":"2019-03-28 17:16:54","modified_utc":"2019-03-28 20:16:54","url":"https:\/\/blog.londrina.pr.gov.br\/?tribe_venue=funcart","venue":"Funcart","slug":"funcart","address":"Rua Senador Souza Naves, 2.380","city":"Londrina","country":"Brazil","province":"PR","zip":"86015-430","phone":"3342-2362","stateprovince":"PR","json_ld":{"@type":"Place","name":"Funcart","description":"","url":"https:\/\/blog.londrina.pr.gov.br\/?tribe_venue=funcart","address":{"@type":"PostalAddress","streetAddress":"Rua Senador Souza Naves, 2.380","addressLocality":"Londrina","addressRegion":"PR","postalCode":"86015-430","addressCountry":"Brazil"},"telephone":"3342-2362","sameAs":""},"show_map":true,"show_map_link":true,"global_id":"blog.londrina.pr.gov.br?id=50487","global_id_lineage":["blog.londrina.pr.gov.br?id=50487"]},"organizer":[{"id":49333,"author":"112","status":"publish","date":"2019-03-15 18:29:40","date_utc":"2019-03-15 21:29:40","modified":"2019-03-15 18:29:40","modified_utc":"2019-03-15 21:29:40","url":"https:\/\/blog.londrina.pr.gov.br\/?tribe_organizer=funcart","organizer":"Funcart","slug":"funcart","website":"https:\/\/www.facebook.com\/funcartlondrina\/","json_ld":{"@type":"Person","name":"Funcart","description":"","url":"https:\/\/blog.londrina.pr.gov.br\/?tribe_organizer=funcart","telephone":"","email":"","sameAs":"https:\/\/www.facebook.com\/funcartlondrina\/"},"global_id":"blog.londrina.pr.gov.br?id=49333","global_id_lineage":["blog.londrina.pr.gov.br?id=49333"]}],"json_ld":{"@context":"http:\/\/schema.org","@type":"Event","name":"Do cl\u00e1ssico ao contempor\u00e2neo","description":"&lt;p&gt;N\u00fameros de bal\u00e9 de repert\u00f3rio e trechos de dan\u00e7a contempor\u00e2nea produzidos em Londrina comp\u00f5em um programa especial que ser\u00e1 apresentado na cidade. A Funda\u00e7\u00e3o Cultura Art\u00edstica de Londrina (Funcart) tem conv\u00eanio com a Prefeitura Municipal de Londrina.&lt;\/p&gt;\\n","url":"https:\/\/blog.londrina.pr.gov.br\/?tribe_events=do-classico-ao-contemporaneo","startDate":"2019-07-27T20:00:00-03:00","endDate":"2019-07-27T22:00:00-03:00","location":{"@type":"Place","name":"Funcart","description":"","url":"https:\/\/blog.londrina.pr.gov.br\/?tribe_venue=funcart","address":{"@type":"PostalAddress","streetAddress":"Rua Senador Souza Naves, 2.380","addressLocality":"Londrina","addressRegion":"PR","postalCode":"86015-430","addressCountry":"Brazil"},"telephone":"3342-2362","sameAs":""},"organizer":{"@type":"Person","name":"Funcart","description":"","url":"https:\/\/blog.londrina.pr.gov.br\/?tribe_organizer=funcart","telephone":"","email":"","sameAs":"https:\/\/www.facebook.com\/funcartlondrina\/"},"performer":"Organization"}}