{"id":58136,"global_id":"blog.londrina.pr.gov.br?id=58136","global_id_lineage":["blog.londrina.pr.gov.br?id=58136"],"author":"114","status":"publish","date":"2019-07-25 17:05:47","date_utc":"2019-07-25 20:05:47","modified":"2019-07-25 17:05:47","modified_utc":"2019-07-25 20:05:47","url":"https:\/\/blog.londrina.pr.gov.br\/?tribe_events=piano-e-voz","rest_url":"https:\/\/blog.londrina.pr.gov.br\/index.php?rest_route=\/tribe\/events\/v1\/events\/58136","title":"Piano e Voz","description":"<p>O show tem como atra\u00e7\u00e3o o cantor, compositor e arranjador, David Mour, que apresentar\u00e1 seu novo espet\u00e1culo \u201cPiano e Voz\u201d ao lado do pianista londrinense, V\u00edtor Malta.<\/p>\n<p>O FIML \u00e9 uma realiza\u00e7\u00e3o do Governo do Estado do Paran\u00e1, por meio da Secretaria de Estado da Cultura; da Prefeitura de Londrina, por meio da Secretaria Municipal da Cultura, com patroc\u00ednio do Programa Municipal de Incentivo \u00e0 Cultura (Promic); da Universidade Estadual de Londrina, por meio da Casa de Cultura; e da Associa\u00e7\u00e3o de Amigos do FIML. Conta com patroc\u00ednio da Unopar, Sanepar, Cacique, Unimed, Sistema FIEP\/SESI, Plaenge\/Vanguard Home, e Dentalclean. S\u00e3o copatrocinadores Sinpro, Laborsolo e Midiograf.<\/p>\n<p>Apoio Cultural: Royal Plaza Shopping, Sonkey, Fecom\u00e9rcio-PR\/SESC, Associa\u00e7\u00e3o M\u00e9dica de Londrina, Crystal Palace Hotel, Bristol Hot\u00e9is Resorts, Crillon Palace Hotel, Bar Valentino, Brasiliano Bar, Menina Bar, Casa Von Borstel. Projeto Guri, Escola de M\u00fasica da Rocinha, Arte &amp; Vida Centro de Conviv\u00eancia, Associa\u00e7\u00e3o Cultural e Recreativa Illuminare, Instituto GPA, A\u00e7\u00e3o Social pela M\u00fasica do Brasil, Associa\u00e7\u00e3o Solidariedade Sempre, Artis Col\u00e9gium, Cultural Ingl\u00eas e Espanhol, APP Sindicato, Col\u00e9gio Aplica\u00e7\u00e3o (UEL), Col\u00e9gio Hugo Simas, Londrina Convention Bureau, R\u00e1dio Universidade\/UEL FM 107,9 e Igreja de Jesus Cristo dos Santos dos \u00daltimos Dias.<\/p>","excerpt":"","slug":"piano-e-voz","image":false,"all_day":false,"start_date":"2019-07-25 22:00:00","start_date_details":{"year":"2019","month":"07","day":"25","hour":"22","minutes":"00","seconds":"00"},"end_date":"2019-07-25 23:30:00","end_date_details":{"year":"2019","month":"07","day":"25","hour":"23","minutes":"30","seconds":"00"},"utc_start_date":"2019-07-26 01:00:00","utc_start_date_details":{"year":"2019","month":"07","day":"26","hour":"01","minutes":"00","seconds":"00"},"utc_end_date":"2019-07-26 02:30:00","utc_end_date_details":{"year":"2019","month":"07","day":"26","hour":"02","minutes":"30","seconds":"00"},"timezone":"America\/Sao_Paulo","timezone_abbr":"-03","cost":"R$10","cost_details":{"currency_symbol":"R$","currency_position":"prefix","values":["10"]},"website":"http:\/\/www.fml.com.br\/","show_map":true,"show_map_link":true,"hide_from_listings":false,"sticky":false,"featured":false,"categories":[{"name":"Cultura","slug":"cultura","term_group":0,"term_taxonomy_id":699,"taxonomy":"tribe_events_cat","description":"","parent":0,"count":123,"filter":"raw","id":699,"urls":{"self":"https:\/\/blog.londrina.pr.gov.br\/index.php?rest_route=\/tribe\/events\/v1\/categories\/699","collection":"https:\/\/blog.londrina.pr.gov.br\/index.php?rest_route=\/tribe\/events\/v1\/categories"}}],"tags":[{"name":"39\u00aa Festival Internacional de M\u00fasica","slug":"39a-festival-internacional-de-musica","term_group":0,"term_taxonomy_id":3101,"taxonomy":"post_tag","description":"","parent":0,"count":5,"filter":"raw","id":3101,"urls":{"self":"https:\/\/blog.londrina.pr.gov.br\/index.php?rest_route=\/tribe\/events\/v1\/tags\/3101","collection":"https:\/\/blog.londrina.pr.gov.br\/index.php?rest_route=\/tribe\/events\/v1\/tags"}},{"name":"cultura","slug":"cultura","term_group":0,"term_taxonomy_id":42,"taxonomy":"post_tag","description":"","parent":0,"count":4449,"filter":"raw","id":42,"urls":{"self":"https:\/\/blog.londrina.pr.gov.br\/index.php?rest_route=\/tribe\/events\/v1\/tags\/42","collection":"https:\/\/blog.londrina.pr.gov.br\/index.php?rest_route=\/tribe\/events\/v1\/tags"}},{"name":"festival de m\u00fasica","slug":"festival-de-musica","term_group":0,"term_taxonomy_id":2989,"taxonomy":"post_tag","description":"","parent":0,"count":26,"filter":"raw","id":2989,"urls":{"self":"https:\/\/blog.londrina.pr.gov.br\/index.php?rest_route=\/tribe\/events\/v1\/tags\/2989","collection":"https:\/\/blog.londrina.pr.gov.br\/index.php?rest_route=\/tribe\/events\/v1\/tags"}},{"name":"FIML","slug":"fiml","term_group":0,"term_taxonomy_id":2717,"taxonomy":"post_tag","description":"","parent":0,"count":70,"filter":"raw","id":2717,"urls":{"self":"https:\/\/blog.londrina.pr.gov.br\/index.php?rest_route=\/tribe\/events\/v1\/tags\/2717","collection":"https:\/\/blog.londrina.pr.gov.br\/index.php?rest_route=\/tribe\/events\/v1\/tags"}},{"name":"promic","slug":"promic","term_group":0,"term_taxonomy_id":270,"taxonomy":"post_tag","description":"","parent":0,"count":1355,"filter":"raw","id":270,"urls":{"self":"https:\/\/blog.londrina.pr.gov.br\/index.php?rest_route=\/tribe\/events\/v1\/tags\/270","collection":"https:\/\/blog.londrina.pr.gov.br\/index.php?rest_route=\/tribe\/events\/v1\/tags"}}],"venue":{"id":57709,"author":"114","status":"publish","date":"2019-07-18 17:27:52","date_utc":"2019-07-18 20:27:52","modified":"2019-07-18 17:27:52","modified_utc":"2019-07-18 20:27:52","url":"https:\/\/blog.londrina.pr.gov.br\/?tribe_venue=menina-bar","venue":"Menina Bar","slug":"menina-bar","address":"Avenida Santos Dumont, 1113","city":"Londrina","country":"Brazil","province":"PR","stateprovince":"PR","json_ld":{"@type":"Place","name":"Menina Bar","description":"","url":"https:\/\/blog.londrina.pr.gov.br\/?tribe_venue=menina-bar","address":{"@type":"PostalAddress","streetAddress":"Avenida Santos Dumont, 1113","addressLocality":"Londrina","addressRegion":"PR","addressCountry":"Brazil"},"telephone":"","sameAs":""},"show_map":true,"show_map_link":true,"global_id":"blog.londrina.pr.gov.br?id=57709","global_id_lineage":["blog.londrina.pr.gov.br?id=57709"]},"organizer":[{"id":52772,"author":"115","status":"publish","date":"2019-05-03 17:51:43","date_utc":"2019-05-03 20:51:43","modified":"2019-05-03 17:51:43","modified_utc":"2019-05-03 20:51:43","url":"https:\/\/blog.londrina.pr.gov.br\/?tribe_organizer=aafml-associacao-de-amigos-do-festival-de-musica-de-londrina","organizer":"AAFML &#8211; Associa\u00e7\u00e3o de Amigos do Festival de M\u00fasica de Londrina","slug":"aafml-associacao-de-amigos-do-festival-de-musica-de-londrina","json_ld":{"@type":"Person","name":"AAFML &#8211; Associa\u00e7\u00e3o de Amigos do Festival de M\u00fasica de Londrina","description":"","url":"https:\/\/blog.londrina.pr.gov.br\/?tribe_organizer=aafml-associacao-de-amigos-do-festival-de-musica-de-londrina","telephone":"","email":"","sameAs":""},"global_id":"blog.londrina.pr.gov.br?id=52772","global_id_lineage":["blog.londrina.pr.gov.br?id=52772"]}],"json_ld":{"@context":"http:\/\/schema.org","@type":"Event","name":"Piano e Voz","description":"&lt;p&gt;O show tem como atra\u00e7\u00e3o o cantor, compositor e arranjador, David Mour, que apresentar\u00e1 seu novo espet\u00e1culo \u201cPiano e Voz\u201d ao lado do pianista londrinense, V\u00edtor Malta. O FIML \u00e9 uma realiza\u00e7\u00e3o do Governo do Estado do Paran\u00e1, por meio da Secretaria de Estado da Cultura; da Prefeitura de Londrina, por meio da Secretaria Municipal &hellip;&lt;\/p&gt;\\n","url":"https:\/\/blog.londrina.pr.gov.br\/?tribe_events=piano-e-voz","startDate":"2019-07-25T22:00:00-03:00","endDate":"2019-07-25T23:30:00-03:00","location":{"@type":"Place","name":"Menina Bar","description":"","url":"https:\/\/blog.londrina.pr.gov.br\/?tribe_venue=menina-bar","address":{"@type":"PostalAddress","streetAddress":"Avenida Santos Dumont, 1113","addressLocality":"Londrina","addressRegion":"PR","addressCountry":"Brazil"},"telephone":"","sameAs":""},"organizer":{"@type":"Person","name":"AAFML &#8211; Associa\u00e7\u00e3o de Amigos do Festival de M\u00fasica de Londrina","description":"","url":"https:\/\/blog.londrina.pr.gov.br\/?tribe_organizer=aafml-associacao-de-amigos-do-festival-de-musica-de-londrina","telephone":"","email":"","sameAs":""},"offers":{"@type":"Offer","price":"10","priceCurrency":"R$","url":"https:\/\/blog.londrina.pr.gov.br\/?tribe_events=piano-e-voz","category":"primary","availability":"inStock","validFrom":"1970-01-01T00:00:00+00:00"},"performer":"Organization"}}