{"id":60297,"global_id":"blog.londrina.pr.gov.br?id=60297","global_id_lineage":["blog.londrina.pr.gov.br?id=60297"],"author":"81","status":"publish","date":"2019-08-28 15:09:09","date_utc":"2019-08-28 18:09:09","modified":"2019-08-28 15:16:59","modified_utc":"2019-08-28 18:16:59","url":"https:\/\/blog.londrina.pr.gov.br\/?tribe_events=feira-da-sustentabilidade-na-escola-municipal-armando-rosario-castelo","rest_url":"https:\/\/blog.londrina.pr.gov.br\/index.php?rest_route=\/tribe\/events\/v1\/events\/60297","title":"Feira da Sustentabilidade na Escola Municipal Armando Ros\u00e1rio Castelo","description":"<p>A Escola Municipal Armando Ros\u00e1rio Castelo, do distrito de Paiquer\u00ea, ter\u00e1 uma exposi\u00e7\u00e3o com diversos trabalhos desenvolvidos pelos alunos, nesta sexta-feira (30), nos dois turnos. A Feira da Sustentabilidade poder\u00e1 ser visitada pelos pais, respons\u00e1veis e toda a comunidade, no hor\u00e1rio das 7h40 \u00e0s 11h40 e das 13h15 \u00e0s 17h15.<\/p>\n<p>Os materiais foram produzidos por 228 crian\u00e7as, com idade entre 4 e 11 anos, e estar\u00e3o expostos nas salas de aula. Dentre eles, desenhos e cartazes que promovem a conscientiza\u00e7\u00e3o sobre a sustentabilidade, abordando quest\u00f5es como a separa\u00e7\u00e3o do lixo, degrada\u00e7\u00e3o do meio ambiente e limpeza da escola, al\u00e9m de produtos feitos com materiais recicl\u00e1veis, como vasos de planta de garrafas pet e puff de pneus.<\/p>","excerpt":"","slug":"feira-da-sustentabilidade-na-escola-municipal-armando-rosario-castelo","image":false,"all_day":false,"start_date":"2019-08-30 07:40:00","start_date_details":{"year":"2019","month":"08","day":"30","hour":"07","minutes":"40","seconds":"00"},"end_date":"2019-08-30 17:15:00","end_date_details":{"year":"2019","month":"08","day":"30","hour":"17","minutes":"15","seconds":"00"},"utc_start_date":"2019-08-30 10:40:00","utc_start_date_details":{"year":"2019","month":"08","day":"30","hour":"10","minutes":"40","seconds":"00"},"utc_end_date":"2019-08-30 20:15:00","utc_end_date_details":{"year":"2019","month":"08","day":"30","hour":"20","minutes":"15","seconds":"00"},"timezone":"America\/Sao_Paulo","timezone_abbr":"-03","cost":"","cost_details":{"currency_symbol":"","currency_position":"prefix","values":[]},"website":"","show_map":true,"show_map_link":true,"hide_from_listings":false,"sticky":false,"featured":false,"categories":[{"name":"Ci\u00eancia","slug":"ciencia","term_group":0,"term_taxonomy_id":816,"taxonomy":"tribe_events_cat","description":"","parent":0,"count":7,"filter":"raw","id":816,"urls":{"self":"https:\/\/blog.londrina.pr.gov.br\/index.php?rest_route=\/tribe\/events\/v1\/categories\/816","collection":"https:\/\/blog.londrina.pr.gov.br\/index.php?rest_route=\/tribe\/events\/v1\/categories"}},{"name":"Cultura","slug":"cultura","term_group":0,"term_taxonomy_id":699,"taxonomy":"tribe_events_cat","description":"","parent":0,"count":123,"filter":"raw","id":699,"urls":{"self":"https:\/\/blog.londrina.pr.gov.br\/index.php?rest_route=\/tribe\/events\/v1\/categories\/699","collection":"https:\/\/blog.londrina.pr.gov.br\/index.php?rest_route=\/tribe\/events\/v1\/categories"}},{"name":"Infantil","slug":"infantil","term_group":0,"term_taxonomy_id":745,"taxonomy":"tribe_events_cat","description":"","parent":0,"count":19,"filter":"raw","id":745,"urls":{"self":"https:\/\/blog.londrina.pr.gov.br\/index.php?rest_route=\/tribe\/events\/v1\/categories\/745","collection":"https:\/\/blog.londrina.pr.gov.br\/index.php?rest_route=\/tribe\/events\/v1\/categories"}}],"tags":[{"name":"distrito","slug":"distrito","term_group":0,"term_taxonomy_id":1761,"taxonomy":"post_tag","description":"","parent":0,"count":46,"filter":"raw","id":1761,"urls":{"self":"https:\/\/blog.londrina.pr.gov.br\/index.php?rest_route=\/tribe\/events\/v1\/tags\/1761","collection":"https:\/\/blog.londrina.pr.gov.br\/index.php?rest_route=\/tribe\/events\/v1\/tags"}},{"name":"educa\u00e7\u00e3o","slug":"educacao","term_group":0,"term_taxonomy_id":28,"taxonomy":"post_tag","description":"","parent":0,"count":2121,"filter":"raw","id":28,"urls":{"self":"https:\/\/blog.londrina.pr.gov.br\/index.php?rest_route=\/tribe\/events\/v1\/tags\/28","collection":"https:\/\/blog.londrina.pr.gov.br\/index.php?rest_route=\/tribe\/events\/v1\/tags"}},{"name":"Escola Municipal Armando Ros\u00e1rio Castelo","slug":"escola-municipal-armando-rosario-castelo","term_group":0,"term_taxonomy_id":2847,"taxonomy":"post_tag","description":"","parent":0,"count":4,"filter":"raw","id":2847,"urls":{"self":"https:\/\/blog.londrina.pr.gov.br\/index.php?rest_route=\/tribe\/events\/v1\/tags\/2847","collection":"https:\/\/blog.londrina.pr.gov.br\/index.php?rest_route=\/tribe\/events\/v1\/tags"}},{"name":"Londrina Mais","slug":"londrina-mais","term_group":0,"term_taxonomy_id":3594,"taxonomy":"post_tag","description":"","parent":0,"count":33,"filter":"raw","id":3594,"urls":{"self":"https:\/\/blog.londrina.pr.gov.br\/index.php?rest_route=\/tribe\/events\/v1\/tags\/3594","collection":"https:\/\/blog.londrina.pr.gov.br\/index.php?rest_route=\/tribe\/events\/v1\/tags"}},{"name":"Paiquer\u00ea","slug":"paiquere","term_group":0,"term_taxonomy_id":3821,"taxonomy":"post_tag","description":"","parent":0,"count":28,"filter":"raw","id":3821,"urls":{"self":"https:\/\/blog.londrina.pr.gov.br\/index.php?rest_route=\/tribe\/events\/v1\/tags\/3821","collection":"https:\/\/blog.londrina.pr.gov.br\/index.php?rest_route=\/tribe\/events\/v1\/tags"}},{"name":"Sustentabilidade","slug":"sustentabilidade","term_group":0,"term_taxonomy_id":1126,"taxonomy":"post_tag","description":"","parent":0,"count":67,"filter":"raw","id":1126,"urls":{"self":"https:\/\/blog.londrina.pr.gov.br\/index.php?rest_route=\/tribe\/events\/v1\/tags\/1126","collection":"https:\/\/blog.londrina.pr.gov.br\/index.php?rest_route=\/tribe\/events\/v1\/tags"}}],"venue":{"id":60302,"author":"115","status":"publish","date":"2019-08-28 15:09:10","date_utc":"2019-08-28 18:09:10","modified":"2019-08-28 15:09:10","modified_utc":"2019-08-28 18:09:10","url":"https:\/\/blog.londrina.pr.gov.br\/?tribe_venue=escola-municipal-armando-rosario-castelo-2","venue":"Escola Municipal Armando Ros\u00e1rio Castelo","slug":"escola-municipal-armando-rosario-castelo-2","address":"Rua Alcina Alves Camargo, s\/n","city":"Londrina","country":"Brazil","province":"PR","stateprovince":"PR","json_ld":{"@type":"Place","name":"Escola Municipal Armando Ros\u00e1rio Castelo","description":"","url":"https:\/\/blog.londrina.pr.gov.br\/?tribe_venue=escola-municipal-armando-rosario-castelo-2","address":{"@type":"PostalAddress","streetAddress":"Rua Alcina Alves Camargo, s\/n","addressLocality":"Londrina","addressRegion":"PR","addressCountry":"Brazil"},"telephone":"","sameAs":""},"show_map":true,"show_map_link":true,"global_id":"blog.londrina.pr.gov.br?id=60302","global_id_lineage":["blog.londrina.pr.gov.br?id=60302"]},"organizer":[{"id":60303,"author":"115","status":"publish","date":"2019-08-28 15:09:10","date_utc":"2019-08-28 18:09:10","modified":"2019-08-28 15:09:10","modified_utc":"2019-08-28 18:09:10","url":"https:\/\/blog.londrina.pr.gov.br\/?tribe_organizer=secretaria-municipal-de-educacao-2","organizer":"Secretaria Municipal de Educa\u00e7\u00e3o","slug":"secretaria-municipal-de-educacao-2","phone":"3375-0022","json_ld":{"@type":"Person","name":"Secretaria Municipal de Educa\u00e7\u00e3o","description":"","url":"https:\/\/blog.londrina.pr.gov.br\/?tribe_organizer=secretaria-municipal-de-educacao-2","telephone":"3375-0022","email":"","sameAs":""},"global_id":"blog.londrina.pr.gov.br?id=60303","global_id_lineage":["blog.londrina.pr.gov.br?id=60303"]}],"json_ld":{"@context":"http:\/\/schema.org","@type":"Event","name":"Feira da Sustentabilidade na Escola Municipal Armando Ros\u00e1rio Castelo","description":"&lt;p&gt;A Escola Municipal Armando Ros\u00e1rio Castelo, do distrito de Paiquer\u00ea, ter\u00e1 uma exposi\u00e7\u00e3o com diversos trabalhos desenvolvidos pelos alunos, nesta sexta-feira (30), nos dois turnos. A Feira da Sustentabilidade poder\u00e1 ser visitada pelos pais, respons\u00e1veis e toda a comunidade, no hor\u00e1rio das 7h40 \u00e0s 11h40 e das 13h15 \u00e0s 17h15. Os materiais foram produzidos por &hellip;&lt;\/p&gt;\\n","url":"https:\/\/blog.londrina.pr.gov.br\/?tribe_events=feira-da-sustentabilidade-na-escola-municipal-armando-rosario-castelo","startDate":"2019-08-30T07:40:00-03:00","endDate":"2019-08-30T17:15:00-03:00","location":{"@type":"Place","name":"Escola Municipal Armando Ros\u00e1rio Castelo","description":"","url":"https:\/\/blog.londrina.pr.gov.br\/?tribe_venue=escola-municipal-armando-rosario-castelo-2","address":{"@type":"PostalAddress","streetAddress":"Rua Alcina Alves Camargo, s\/n","addressLocality":"Londrina","addressRegion":"PR","addressCountry":"Brazil"},"telephone":"","sameAs":""},"organizer":{"@type":"Person","name":"Secretaria Municipal de Educa\u00e7\u00e3o","description":"","url":"https:\/\/blog.londrina.pr.gov.br\/?tribe_organizer=secretaria-municipal-de-educacao-2","telephone":"3375-0022","email":"","sameAs":""},"performer":"Organization"}}