{"id":60337,"global_id":"blog.londrina.pr.gov.br?id=60337","global_id_lineage":["blog.londrina.pr.gov.br?id=60337"],"author":"81","status":"publish","date":"2019-08-28 15:56:50","date_utc":"2019-08-28 18:56:50","modified":"2019-08-28 15:58:23","modified_utc":"2019-08-28 18:58:23","url":"https:\/\/blog.londrina.pr.gov.br\/?tribe_events=i-congresso-pe-vermelho-de-saude-mental","rest_url":"https:\/\/blog.londrina.pr.gov.br\/index.php?rest_route=\/tribe\/events\/v1\/events\/60337","title":"I Congresso P\u00e9 Vermelho de Sa\u00fade Mental","description":"<p>Londrina sedia, nesta sexta-feira (30) e s\u00e1bado (31), o I Congresso P\u00e9 Vermelho de Sa\u00fade Mental. O evento, voltado a profissionais e estudantes da \u00e1rea da sa\u00fade, \u00e9 uma realiza\u00e7\u00e3o da Universidade Estadual de Londrina (UEL), em parceria com a Secretaria Municipal de Sa\u00fade e a Secretaria de Estado da Sa\u00fade (SESA). A programa\u00e7\u00e3o inclui palestras, mesas-redondas, apresenta\u00e7\u00e3o de trabalhos acad\u00eamicos e comemora\u00e7\u00e3o do anivers\u00e1rio de 15 anos do curso de Especializa\u00e7\u00e3o em Sa\u00fade Mental, da UEL.<\/p>\n<p>As inscri\u00e7\u00f5es para o congresso e minicursos podem ser feitas at\u00e9 o dia do evento, pela p\u00e1gina da HUTEC, no link\u00a0<a href=\"http:\/\/www.hutec.com.br\/n\/cursos.php\" target=\"_blank\" rel=\"noopener noreferrer\"><strong>www.hutec.com.br\/n\/cursos.php<\/strong><\/a><\/p>","excerpt":"","slug":"i-congresso-pe-vermelho-de-saude-mental","image":false,"all_day":false,"start_date":"2019-08-30 14:00:00","start_date_details":{"year":"2019","month":"08","day":"30","hour":"14","minutes":"00","seconds":"00"},"end_date":"2019-08-31 15:45:00","end_date_details":{"year":"2019","month":"08","day":"31","hour":"15","minutes":"45","seconds":"00"},"utc_start_date":"2019-08-30 17:00:00","utc_start_date_details":{"year":"2019","month":"08","day":"30","hour":"17","minutes":"00","seconds":"00"},"utc_end_date":"2019-08-31 18:45:00","utc_end_date_details":{"year":"2019","month":"08","day":"31","hour":"18","minutes":"45","seconds":"00"},"timezone":"America\/Sao_Paulo","timezone_abbr":"-03","cost":"","cost_details":{"currency_symbol":"","currency_position":"prefix","values":[]},"website":"","show_map":true,"show_map_link":true,"hide_from_listings":false,"sticky":false,"featured":false,"categories":[{"name":"Ci\u00eancia","slug":"ciencia","term_group":0,"term_taxonomy_id":816,"taxonomy":"tribe_events_cat","description":"","parent":0,"count":7,"filter":"raw","id":816,"urls":{"self":"https:\/\/blog.londrina.pr.gov.br\/index.php?rest_route=\/tribe\/events\/v1\/categories\/816","collection":"https:\/\/blog.londrina.pr.gov.br\/index.php?rest_route=\/tribe\/events\/v1\/categories"}},{"name":"Sa\u00fade","slug":"saude","term_group":0,"term_taxonomy_id":1005,"taxonomy":"tribe_events_cat","description":"","parent":0,"count":19,"filter":"raw","id":1005,"urls":{"self":"https:\/\/blog.londrina.pr.gov.br\/index.php?rest_route=\/tribe\/events\/v1\/categories\/1005","collection":"https:\/\/blog.londrina.pr.gov.br\/index.php?rest_route=\/tribe\/events\/v1\/categories"}},{"name":"Servidores","slug":"funcionalismo","term_group":0,"term_taxonomy_id":747,"taxonomy":"tribe_events_cat","description":"","parent":0,"count":25,"filter":"raw","id":747,"urls":{"self":"https:\/\/blog.londrina.pr.gov.br\/index.php?rest_route=\/tribe\/events\/v1\/categories\/747","collection":"https:\/\/blog.londrina.pr.gov.br\/index.php?rest_route=\/tribe\/events\/v1\/categories"}}],"tags":[{"name":"congresso","slug":"congresso","term_group":0,"term_taxonomy_id":3828,"taxonomy":"post_tag","description":"","parent":0,"count":7,"filter":"raw","id":3828,"urls":{"self":"https:\/\/blog.londrina.pr.gov.br\/index.php?rest_route=\/tribe\/events\/v1\/tags\/3828","collection":"https:\/\/blog.londrina.pr.gov.br\/index.php?rest_route=\/tribe\/events\/v1\/tags"}},{"name":"sa\u00fade","slug":"saude","term_group":0,"term_taxonomy_id":58,"taxonomy":"post_tag","description":"","parent":0,"count":3158,"filter":"raw","id":58,"urls":{"self":"https:\/\/blog.londrina.pr.gov.br\/index.php?rest_route=\/tribe\/events\/v1\/tags\/58","collection":"https:\/\/blog.londrina.pr.gov.br\/index.php?rest_route=\/tribe\/events\/v1\/tags"}},{"name":"sa\u00fade mental","slug":"saude-mental","term_group":0,"term_taxonomy_id":3805,"taxonomy":"post_tag","description":"","parent":0,"count":59,"filter":"raw","id":3805,"urls":{"self":"https:\/\/blog.londrina.pr.gov.br\/index.php?rest_route=\/tribe\/events\/v1\/tags\/3805","collection":"https:\/\/blog.londrina.pr.gov.br\/index.php?rest_route=\/tribe\/events\/v1\/tags"}},{"name":"UEL","slug":"uel","term_group":0,"term_taxonomy_id":31,"taxonomy":"post_tag","description":"","parent":0,"count":284,"filter":"raw","id":31,"urls":{"self":"https:\/\/blog.londrina.pr.gov.br\/index.php?rest_route=\/tribe\/events\/v1\/tags\/31","collection":"https:\/\/blog.londrina.pr.gov.br\/index.php?rest_route=\/tribe\/events\/v1\/tags"}}],"venue":{"id":60341,"author":"115","status":"publish","date":"2019-08-28 15:56:51","date_utc":"2019-08-28 18:56:51","modified":"2019-08-28 15:56:51","modified_utc":"2019-08-28 18:56:51","url":"https:\/\/blog.londrina.pr.gov.br\/?tribe_venue=anfiteatro-do-ccs-hu","venue":"Anfiteatro do CCS\/HU","slug":"anfiteatro-do-ccs-hu","address":"Avenida Robert Koch, 60, Vila Oper\u00e1ria","city":"Londrina","country":"Brazil","province":"PR","zip":"86038-350","stateprovince":"PR","json_ld":{"@type":"Place","name":"Anfiteatro do CCS\/HU","description":"","url":"https:\/\/blog.londrina.pr.gov.br\/?tribe_venue=anfiteatro-do-ccs-hu","address":{"@type":"PostalAddress","streetAddress":"Avenida Robert Koch, 60, Vila Oper\u00e1ria","addressLocality":"Londrina","addressRegion":"PR","postalCode":"86038-350","addressCountry":"Brazil"},"telephone":"","sameAs":""},"show_map":true,"show_map_link":true,"global_id":"blog.londrina.pr.gov.br?id=60341","global_id_lineage":["blog.londrina.pr.gov.br?id=60341"]},"organizer":[{"id":49275,"author":"115","status":"publish","date":"2019-03-15 14:28:40","date_utc":"2019-03-15 17:28:40","modified":"2019-03-15 14:28:40","modified_utc":"2019-03-15 17:28:40","url":"https:\/\/blog.londrina.pr.gov.br\/?tribe_organizer=secretaria-municipal-de-saude","organizer":"Secretaria Municipal de Sa\u00fade","slug":"secretaria-municipal-de-saude","phone":"3372-9430","json_ld":{"@type":"Person","name":"Secretaria Municipal de Sa\u00fade","description":"","url":"https:\/\/blog.londrina.pr.gov.br\/?tribe_organizer=secretaria-municipal-de-saude","telephone":"3372-9430","email":"","sameAs":""},"global_id":"blog.londrina.pr.gov.br?id=49275","global_id_lineage":["blog.londrina.pr.gov.br?id=49275"]},{"id":60342,"author":"115","status":"publish","date":"2019-08-28 15:56:51","date_utc":"2019-08-28 18:56:51","modified":"2019-08-28 15:56:51","modified_utc":"2019-08-28 18:56:51","url":"https:\/\/blog.londrina.pr.gov.br\/?tribe_organizer=secretaria-de-estado-da-saude-sesa","organizer":"Secretaria de Estado da Sa\u00fade &#8211; SESA","slug":"secretaria-de-estado-da-saude-sesa","json_ld":{"@type":"Person","name":"Secretaria de Estado da Sa\u00fade &#8211; SESA","description":"","url":"https:\/\/blog.londrina.pr.gov.br\/?tribe_organizer=secretaria-de-estado-da-saude-sesa","telephone":"","email":"","sameAs":""},"global_id":"blog.londrina.pr.gov.br?id=60342","global_id_lineage":["blog.londrina.pr.gov.br?id=60342"]},{"id":60343,"author":"115","status":"publish","date":"2019-08-28 15:56:51","date_utc":"2019-08-28 18:56:51","modified":"2019-08-28 15:56:51","modified_utc":"2019-08-28 18:56:51","url":"https:\/\/blog.londrina.pr.gov.br\/?tribe_organizer=universidade-estadual-de-londrina-uel","organizer":"Universidade Estadual de Londrina (UEL)","slug":"universidade-estadual-de-londrina-uel","website":"www.uel.br","json_ld":{"@type":"Person","name":"Universidade Estadual de Londrina (UEL)","description":"","url":"https:\/\/blog.londrina.pr.gov.br\/?tribe_organizer=universidade-estadual-de-londrina-uel","telephone":"","email":"","sameAs":"http:\/\/www.uel.br"},"global_id":"blog.londrina.pr.gov.br?id=60343","global_id_lineage":["blog.londrina.pr.gov.br?id=60343"]}],"json_ld":{"@context":"http:\/\/schema.org","@type":"Event","name":"I Congresso P\u00e9 Vermelho de Sa\u00fade Mental","description":"&lt;p&gt;Londrina sedia, nesta sexta-feira (30) e s\u00e1bado (31), o I Congresso P\u00e9 Vermelho de Sa\u00fade Mental. O evento, voltado a profissionais e estudantes da \u00e1rea da sa\u00fade, \u00e9 uma realiza\u00e7\u00e3o da Universidade Estadual de Londrina (UEL), em parceria com a Secretaria Municipal de Sa\u00fade e a Secretaria de Estado da Sa\u00fade (SESA). A programa\u00e7\u00e3o inclui &hellip;&lt;\/p&gt;\\n","url":"https:\/\/blog.londrina.pr.gov.br\/?tribe_events=i-congresso-pe-vermelho-de-saude-mental","startDate":"2019-08-30T14:00:00-03:00","endDate":"2019-08-31T15:45:00-03:00","location":{"@type":"Place","name":"Anfiteatro do CCS\/HU","description":"","url":"https:\/\/blog.londrina.pr.gov.br\/?tribe_venue=anfiteatro-do-ccs-hu","address":{"@type":"PostalAddress","streetAddress":"Avenida Robert Koch, 60, Vila Oper\u00e1ria","addressLocality":"Londrina","addressRegion":"PR","postalCode":"86038-350","addressCountry":"Brazil"},"telephone":"","sameAs":""},"organizer":{"@type":"Person","name":"Secretaria Municipal de Sa\u00fade","description":"","url":"https:\/\/blog.londrina.pr.gov.br\/?tribe_organizer=secretaria-municipal-de-saude","telephone":"3372-9430","email":"","sameAs":""},"performer":"Organization"}}