{"id":60345,"global_id":"blog.londrina.pr.gov.br?id=60345","global_id_lineage":["blog.londrina.pr.gov.br?id=60345"],"author":"81","status":"publish","date":"2019-08-28 16:03:37","date_utc":"2019-08-28 19:03:37","modified":"2019-08-28 16:25:14","modified_utc":"2019-08-28 19:25:14","url":"https:\/\/blog.londrina.pr.gov.br\/?tribe_events=abertura-da-mostra-fotografica-minha-beleza-pura","rest_url":"https:\/\/blog.londrina.pr.gov.br\/index.php?rest_route=\/tribe\/events\/v1\/events\/60345","title":"Abertura da mostra fotogr\u00e1fica \u201cMinha Beleza Pura\u201d","description":"<p>O Centro de Refer\u00eancia de Assist\u00eancia Social (CRAS) Sul A e a Biblioteca Municipal Eug\u00eania Monfranati (Zona sul) recebem, a partir de sexta-feira (30), a mostra fotogr\u00e1fica \u201cMinha Beleza Pura\u201d, organizada pela artista e fot\u00f3grafa londrinense Melinda Yanes.<\/p>\n<p>Tanto o CRAS quanto a biblioteca est\u00e3o localizados na Avenida Guilherme de Almeida, 2.260, no Jardim Franciscato. A exposi\u00e7\u00e3o conta com fotografias de estudantes da Escola Estadual Thiago Terra, no Bairro Uni\u00e3o da Vit\u00f3ria.<\/p>\n<p>Na abertura da exposi\u00e7\u00e3o, \u00e0s 8h30, educandos do Servi\u00e7o de Conviv\u00eancia e Fortalecimento de V\u00ednculos (SCFV) Instituto Uni\u00e3o para a Vit\u00f3ria, ir\u00e3o fazer uma apresenta\u00e7\u00e3o de TAIKO, e a artista far\u00e1 fotos para a pr\u00f3xima exposi\u00e7\u00e3o. A mostra ficar\u00e1 aberta \u00e0 visita\u00e7\u00e3o de 30 de agosto\u00a0 a 30 de setembro, das 8h30 \u00e0s 16h30, de segunda-feira a sexta-feira.,<\/p>","excerpt":"","slug":"abertura-da-mostra-fotografica-minha-beleza-pura","image":false,"all_day":false,"start_date":"2019-08-30 08:30:00","start_date_details":{"year":"2019","month":"08","day":"30","hour":"08","minutes":"30","seconds":"00"},"end_date":"2019-08-30 10:00:00","end_date_details":{"year":"2019","month":"08","day":"30","hour":"10","minutes":"00","seconds":"00"},"utc_start_date":"2019-08-30 11:30:00","utc_start_date_details":{"year":"2019","month":"08","day":"30","hour":"11","minutes":"30","seconds":"00"},"utc_end_date":"2019-08-30 13:00:00","utc_end_date_details":{"year":"2019","month":"08","day":"30","hour":"13","minutes":"00","seconds":"00"},"timezone":"America\/Sao_Paulo","timezone_abbr":"-03","cost":"","cost_details":{"currency_symbol":"","currency_position":"prefix","values":[]},"website":"","show_map":true,"show_map_link":true,"hide_from_listings":false,"sticky":false,"featured":false,"categories":[{"name":"A\u00e7\u00e3o Social","slug":"acao-social","term_group":0,"term_taxonomy_id":698,"taxonomy":"tribe_events_cat","description":"","parent":0,"count":30,"filter":"raw","id":698,"urls":{"self":"https:\/\/blog.londrina.pr.gov.br\/index.php?rest_route=\/tribe\/events\/v1\/categories\/698","collection":"https:\/\/blog.londrina.pr.gov.br\/index.php?rest_route=\/tribe\/events\/v1\/categories"}},{"name":"Cultura","slug":"cultura","term_group":0,"term_taxonomy_id":699,"taxonomy":"tribe_events_cat","description":"","parent":0,"count":123,"filter":"raw","id":699,"urls":{"self":"https:\/\/blog.londrina.pr.gov.br\/index.php?rest_route=\/tribe\/events\/v1\/categories\/699","collection":"https:\/\/blog.londrina.pr.gov.br\/index.php?rest_route=\/tribe\/events\/v1\/categories"}},{"name":"Infantil","slug":"infantil","term_group":0,"term_taxonomy_id":745,"taxonomy":"tribe_events_cat","description":"","parent":0,"count":19,"filter":"raw","id":745,"urls":{"self":"https:\/\/blog.londrina.pr.gov.br\/index.php?rest_route=\/tribe\/events\/v1\/categories\/745","collection":"https:\/\/blog.londrina.pr.gov.br\/index.php?rest_route=\/tribe\/events\/v1\/categories"}}],"tags":[{"name":"bibliotecas","slug":"bibliotecas","term_group":0,"term_taxonomy_id":246,"taxonomy":"post_tag","description":"","parent":0,"count":43,"filter":"raw","id":246,"urls":{"self":"https:\/\/blog.londrina.pr.gov.br\/index.php?rest_route=\/tribe\/events\/v1\/tags\/246","collection":"https:\/\/blog.londrina.pr.gov.br\/index.php?rest_route=\/tribe\/events\/v1\/tags"}},{"name":"CRAS","slug":"cras","term_group":0,"term_taxonomy_id":1038,"taxonomy":"post_tag","description":"","parent":0,"count":50,"filter":"raw","id":1038,"urls":{"self":"https:\/\/blog.londrina.pr.gov.br\/index.php?rest_route=\/tribe\/events\/v1\/tags\/1038","collection":"https:\/\/blog.londrina.pr.gov.br\/index.php?rest_route=\/tribe\/events\/v1\/tags"}},{"name":"Mostra fotogr\u00e1fica","slug":"mostra-fotografica","term_group":0,"term_taxonomy_id":3829,"taxonomy":"post_tag","description":"","parent":0,"count":3,"filter":"raw","id":3829,"urls":{"self":"https:\/\/blog.londrina.pr.gov.br\/index.php?rest_route=\/tribe\/events\/v1\/tags\/3829","collection":"https:\/\/blog.londrina.pr.gov.br\/index.php?rest_route=\/tribe\/events\/v1\/tags"}}],"venue":{"id":49397,"author":"113","status":"publish","date":"2019-08-28 16:25:15","date_utc":"2019-08-28 19:25:15","modified":"2019-08-28 16:25:15","modified_utc":"2019-08-28 19:25:15","url":"https:\/\/blog.londrina.pr.gov.br\/?tribe_venue=biblioteca-eugenia-monfranati","venue":"Biblioteca Eug\u00eania Monfranati","slug":"biblioteca-eugenia-monfranati","address":"Avenida Guilherme de Almeida, 2.260, Parque das Ind\u00fastrias","city":"Londrina","country":"Brazil","province":"PR","zip":"86042-001","phone":"3372-4853","website":"http:\/\/londrinacultura.londrina.pr.gov.br\/espaco\/105\/","stateprovince":"PR","json_ld":{"@type":"Place","name":"Biblioteca Eug\u00eania Monfranati","description":"","url":"https:\/\/blog.londrina.pr.gov.br\/?tribe_venue=biblioteca-eugenia-monfranati","address":{"@type":"PostalAddress","streetAddress":"Avenida Guilherme de Almeida, 2.260, Parque das Ind\u00fastrias","addressLocality":"Londrina","addressRegion":"PR","postalCode":"86042-001","addressCountry":"Brazil"},"telephone":"3372-4853","sameAs":"http:\/\/londrinacultura.londrina.pr.gov.br\/espaco\/105\/"},"show_map":true,"show_map_link":true,"global_id":"blog.londrina.pr.gov.br?id=49397","global_id_lineage":["blog.londrina.pr.gov.br?id=49397"]},"organizer":[],"json_ld":{"@context":"http:\/\/schema.org","@type":"Event","name":"Abertura da mostra fotogr\u00e1fica \u201cMinha Beleza Pura\u201d","description":"&lt;p&gt;O Centro de Refer\u00eancia de Assist\u00eancia Social (CRAS) Sul A e a Biblioteca Municipal Eug\u00eania Monfranati (Zona sul) recebem, a partir de sexta-feira (30), a mostra fotogr\u00e1fica \u201cMinha Beleza Pura\u201d, organizada pela artista e fot\u00f3grafa londrinense Melinda Yanes. Tanto o CRAS quanto a biblioteca est\u00e3o localizados na Avenida Guilherme de Almeida, 2.260, no Jardim Franciscato. &hellip;&lt;\/p&gt;\\n","url":"https:\/\/blog.londrina.pr.gov.br\/?tribe_events=abertura-da-mostra-fotografica-minha-beleza-pura","startDate":"2019-08-30T08:30:00-03:00","endDate":"2019-08-30T10:00:00-03:00","location":{"@type":"Place","name":"Biblioteca Eug\u00eania Monfranati","description":"","url":"https:\/\/blog.londrina.pr.gov.br\/?tribe_venue=biblioteca-eugenia-monfranati","address":{"@type":"PostalAddress","streetAddress":"Avenida Guilherme de Almeida, 2.260, Parque das Ind\u00fastrias","addressLocality":"Londrina","addressRegion":"PR","postalCode":"86042-001","addressCountry":"Brazil"},"telephone":"3372-4853","sameAs":"http:\/\/londrinacultura.londrina.pr.gov.br\/espaco\/105\/"},"performer":"Organization"}}