{"id":60363,"global_id":"blog.londrina.pr.gov.br?id=60363","global_id_lineage":["blog.londrina.pr.gov.br?id=60363"],"author":"115","status":"publish","date":"2019-08-28 16:43:37","date_utc":"2019-08-28 19:43:37","modified":"2019-08-28 16:43:37","modified_utc":"2019-08-28 19:43:37","url":"https:\/\/blog.londrina.pr.gov.br\/?tribe_events=grupo-proteu-encena-tango-no-festival-internacional-de-londrina-filo","rest_url":"https:\/\/blog.londrina.pr.gov.br\/index.php?rest_route=\/tribe\/events\/v1\/events\/60363","title":"Grupo Proteu encena &#8220;Tango&#8221; no Festival Internacional de Londrina (FILO)","description":"<p>\u201cTango\u201d mostra um conflito de gera\u00e7\u00f5es \u00e0s avessas, uma fam\u00edlia de qualquer tempo, numa casa onde quem se incomoda com a falta de regras e valores \u00e9 o jovem Arthur. Uma releitura contempor\u00e2nea e nada convencional de Hamlet \u2013 em que o pr\u00edncipe \u00e9 substitu\u00eddo por um adolescente conservador que desaprova a promiscuidade dos pais.<\/p>\n<p><strong>Patroc\u00edno:<\/strong>\u00a0PROMIC<\/p>\n<p><strong>Apoio:<\/strong> UEL, Visualit\u00e1, DAP, Overloque, Santeria, SETA Nossa Escolha, Hotel Crillon, Projeto Encanta\u00e7\u00e3o, Dan\u00e7a de Sal\u00e3o, Folha de Londrina e Poka Marques.<\/p>\n<p><strong>Classifica\u00e7\u00e3o indicativa:\u00a0<\/strong>14 anos<\/p>\n<p><strong>Dura\u00e7\u00e3o:<\/strong>\u00a0150 min<\/p>\n<p><strong>Pre\u00e7o<\/strong> &#8211; Os ingressos para as apresenta\u00e7\u00f5es do Festival Internacional de Londrina (FILO) tem valor de R$20, a inteira, e de R$10, a meia. Os locais de venda f\u00edsicos s\u00e3o a \u00d3ticas Diniz, em hor\u00e1rio comercial, e o Emp\u00f3rio Amadeus, de ter\u00e7a a sexta-feira das 12h \u00e0s 22h, no s\u00e1bado, das 10 \u00e0s 20h, e domingo, das 10h \u00e0s 14h, no Mercad\u00e3o da Prochet, na avenida Harry Prochet, 305, box 95. Os ingressos podem ser obtidos tamb\u00e9m pela internet, pelo site <a href=\"https:\/\/www.diskingressos.com.br\/grupo\/702\/23-08-2019\/filo-2019\">diskingressos<\/a>.<\/p>\n<p>O FILO \u00e9 patrocinado pela Lei de Incentivo \u00e0 Cultura, pela Copel, pelo Governo do Estado do Paran\u00e1 e pela Bratac. Al\u00e9m disso, \u00e9 apoiado pelo Sicredi, Midiograf, Via\u00e7\u00e3o Garcia, Unimed, Sesi Cultura, Crillon Palace Hotel, La Com\u00e9die, N\u00facleo dos Festivais Internacionais das Artes C\u00eanicas do Brasil, Editora Cobog\u00f3, Ciranda, Bella Vista, R\u00e1dio UEL FM e conta com apoio institucional da Associa\u00e7\u00e3o M\u00e9dica de Londrina. A Prefeitura de Londrina, por meio da Secretaria Municipal de Cultura, tamb\u00e9m \u00e9 uma das apoiadoras do FILO 2019. A realiza\u00e7\u00e3o \u00e9 da Universidade Estadual de Londrina, Palipalan Arte e Cultura, Secretaria Especial da Cultura e Minist\u00e9rio da Cidadania.<\/p>","excerpt":"","slug":"grupo-proteu-encena-tango-no-festival-internacional-de-londrina-filo","image":false,"all_day":false,"start_date":"2019-08-29 20:30:00","start_date_details":{"year":"2019","month":"08","day":"29","hour":"20","minutes":"30","seconds":"00"},"end_date":"2019-08-29 23:00:00","end_date_details":{"year":"2019","month":"08","day":"29","hour":"23","minutes":"00","seconds":"00"},"utc_start_date":"2019-08-29 23:30:00","utc_start_date_details":{"year":"2019","month":"08","day":"29","hour":"23","minutes":"30","seconds":"00"},"utc_end_date":"2019-08-30 02:00:00","utc_end_date_details":{"year":"2019","month":"08","day":"30","hour":"02","minutes":"00","seconds":"00"},"timezone":"America\/Sao_Paulo","timezone_abbr":"-03","cost":"R$20","cost_details":{"currency_symbol":"R$","currency_position":"prefix","values":["20"]},"website":"https:\/\/filo.art.br","show_map":true,"show_map_link":true,"hide_from_listings":false,"sticky":false,"featured":false,"categories":[{"name":"Cultura","slug":"cultura","term_group":0,"term_taxonomy_id":699,"taxonomy":"tribe_events_cat","description":"","parent":0,"count":123,"filter":"raw","id":699,"urls":{"self":"https:\/\/blog.londrina.pr.gov.br\/index.php?rest_route=\/tribe\/events\/v1\/categories\/699","collection":"https:\/\/blog.londrina.pr.gov.br\/index.php?rest_route=\/tribe\/events\/v1\/categories"}}],"tags":[{"name":"Cine Ouro Verde","slug":"cine-ouro-verde","term_group":0,"term_taxonomy_id":1706,"taxonomy":"post_tag","description":"","parent":0,"count":6,"filter":"raw","id":1706,"urls":{"self":"https:\/\/blog.londrina.pr.gov.br\/index.php?rest_route=\/tribe\/events\/v1\/tags\/1706","collection":"https:\/\/blog.londrina.pr.gov.br\/index.php?rest_route=\/tribe\/events\/v1\/tags"}},{"name":"cultura","slug":"cultura","term_group":0,"term_taxonomy_id":42,"taxonomy":"post_tag","description":"","parent":0,"count":4449,"filter":"raw","id":42,"urls":{"self":"https:\/\/blog.londrina.pr.gov.br\/index.php?rest_route=\/tribe\/events\/v1\/tags\/42","collection":"https:\/\/blog.londrina.pr.gov.br\/index.php?rest_route=\/tribe\/events\/v1\/tags"}},{"name":"FILO 2019","slug":"filo-2019","term_group":0,"term_taxonomy_id":3611,"taxonomy":"post_tag","description":"","parent":0,"count":9,"filter":"raw","id":3611,"urls":{"self":"https:\/\/blog.londrina.pr.gov.br\/index.php?rest_route=\/tribe\/events\/v1\/tags\/3611","collection":"https:\/\/blog.londrina.pr.gov.br\/index.php?rest_route=\/tribe\/events\/v1\/tags"}},{"name":"promic","slug":"promic","term_group":0,"term_taxonomy_id":270,"taxonomy":"post_tag","description":"","parent":0,"count":1355,"filter":"raw","id":270,"urls":{"self":"https:\/\/blog.londrina.pr.gov.br\/index.php?rest_route=\/tribe\/events\/v1\/tags\/270","collection":"https:\/\/blog.londrina.pr.gov.br\/index.php?rest_route=\/tribe\/events\/v1\/tags"}},{"name":"Proteu","slug":"proteu","term_group":0,"term_taxonomy_id":1336,"taxonomy":"post_tag","description":"","parent":0,"count":4,"filter":"raw","id":1336,"urls":{"self":"https:\/\/blog.londrina.pr.gov.br\/index.php?rest_route=\/tribe\/events\/v1\/tags\/1336","collection":"https:\/\/blog.londrina.pr.gov.br\/index.php?rest_route=\/tribe\/events\/v1\/tags"}},{"name":"UEL","slug":"uel","term_group":0,"term_taxonomy_id":31,"taxonomy":"post_tag","description":"","parent":0,"count":284,"filter":"raw","id":31,"urls":{"self":"https:\/\/blog.londrina.pr.gov.br\/index.php?rest_route=\/tribe\/events\/v1\/tags\/31","collection":"https:\/\/blog.londrina.pr.gov.br\/index.php?rest_route=\/tribe\/events\/v1\/tags"}}],"venue":{"id":52643,"author":"115","status":"publish","date":"2019-05-02 17:56:03","date_utc":"2019-05-02 20:56:03","modified":"2019-05-02 17:56:03","modified_utc":"2019-05-02 20:56:03","url":"https:\/\/blog.londrina.pr.gov.br\/?tribe_venue=cine-teatro-ouro-verde","venue":"Cine Teatro Ouro Verde","slug":"cine-teatro-ouro-verde","address":"RUA MARANH\u00c3O, 85, CENTRO","city":"Londrina","country":"Brazil","province":"PR","stateprovince":"PR","json_ld":{"@type":"Place","name":"Cine Teatro Ouro Verde","description":"","url":"https:\/\/blog.londrina.pr.gov.br\/?tribe_venue=cine-teatro-ouro-verde","address":{"@type":"PostalAddress","streetAddress":"RUA MARANH\u00c3O, 85, CENTRO","addressLocality":"Londrina","addressRegion":"PR","addressCountry":"Brazil"},"telephone":"","sameAs":""},"show_map":true,"show_map_link":true,"global_id":"blog.londrina.pr.gov.br?id=52643","global_id_lineage":["blog.londrina.pr.gov.br?id=52643"]},"organizer":[{"id":60354,"author":"115","status":"publish","date":"2019-08-28 16:18:00","date_utc":"2019-08-28 19:18:00","modified":"2019-08-28 16:18:00","modified_utc":"2019-08-28 19:18:00","url":"https:\/\/blog.londrina.pr.gov.br\/?tribe_organizer=festival-internacional-de-londrina-filo","organizer":"Festival Internacional de Londrina (FILO)","slug":"festival-internacional-de-londrina-filo","website":"https:\/\/filo.art.br\/","json_ld":{"@type":"Person","name":"Festival Internacional de Londrina (FILO)","description":"","url":"https:\/\/blog.londrina.pr.gov.br\/?tribe_organizer=festival-internacional-de-londrina-filo","telephone":"","email":"","sameAs":"https:\/\/filo.art.br\/"},"global_id":"blog.londrina.pr.gov.br?id=60354","global_id_lineage":["blog.londrina.pr.gov.br?id=60354"]}],"json_ld":{"@context":"http:\/\/schema.org","@type":"Event","name":"Grupo Proteu encena &#8220;Tango&#8221; no Festival Internacional de Londrina (FILO)","description":"&lt;p&gt;\u201cTango\u201d mostra um conflito de gera\u00e7\u00f5es \u00e0s avessas, uma fam\u00edlia de qualquer tempo, numa casa onde quem se incomoda com a falta de regras e valores \u00e9 o jovem Arthur. Uma releitura contempor\u00e2nea e nada convencional de Hamlet \u2013 em que o pr\u00edncipe \u00e9 substitu\u00eddo por um adolescente conservador que desaprova a promiscuidade dos pais. &hellip;&lt;\/p&gt;\\n","url":"https:\/\/blog.londrina.pr.gov.br\/?tribe_events=grupo-proteu-encena-tango-no-festival-internacional-de-londrina-filo","startDate":"2019-08-29T20:30:00-03:00","endDate":"2019-08-29T23:00:00-03:00","location":{"@type":"Place","name":"Cine Teatro Ouro Verde","description":"","url":"https:\/\/blog.londrina.pr.gov.br\/?tribe_venue=cine-teatro-ouro-verde","address":{"@type":"PostalAddress","streetAddress":"RUA MARANH\u00c3O, 85, CENTRO","addressLocality":"Londrina","addressRegion":"PR","addressCountry":"Brazil"},"telephone":"","sameAs":""},"organizer":{"@type":"Person","name":"Festival Internacional de Londrina (FILO)","description":"","url":"https:\/\/blog.londrina.pr.gov.br\/?tribe_organizer=festival-internacional-de-londrina-filo","telephone":"","email":"","sameAs":"https:\/\/filo.art.br\/"},"offers":{"@type":"Offer","price":"20","priceCurrency":"R$","url":"https:\/\/blog.londrina.pr.gov.br\/?tribe_events=grupo-proteu-encena-tango-no-festival-internacional-de-londrina-filo","category":"primary","availability":"inStock","validFrom":"1970-01-01T00:00:00+00:00"},"performer":"Organization"}}