{"id":60367,"global_id":"blog.londrina.pr.gov.br?id=60367","global_id_lineage":["blog.londrina.pr.gov.br?id=60367"],"author":"81","status":"publish","date":"2019-08-28 16:47:37","date_utc":"2019-08-28 19:47:37","modified":"2019-09-03 17:33:32","modified_utc":"2019-09-03 20:33:32","url":"https:\/\/blog.londrina.pr.gov.br\/?tribe_events=reprises-pareada-no-festival-internacional-de-londrina-filo","rest_url":"https:\/\/blog.londrina.pr.gov.br\/index.php?rest_route=\/tribe\/events\/v1\/events\/60367","title":"\u201cReprises Pareadas\u201d no Festival Internacional de Londrina (FILO)","description":"<p>Em \u201cReprises Pareadas\u201d, a Cia. Circo Rodado desenvolve uma curiosa<span class=\"Apple-converted-space\">\u00a0\u00a0<\/span>pesquisa sobre reprises, gags e as tradicionais entradas circenses populares. A trupe curitibana \u00e9 formada pelos palha\u00e7os Abelardo Biloba-Abel (Paulo Carneiro), Pel\u00facia (Bruno Mancuso) e Tropo (Mateus Tropo). S\u00e3o oriundos de diferentes escolas circenses e desenvolvem trabalhos diversos se apresentando em ruas, pra\u00e7as, salas, lonas e teatros, valorizando sempre a interatividade. Os tr\u00eas desenvolvem trabalhos como palha\u00e7os em hospitais.<\/p>\n<p><strong>FICHA T\u00c9CNICA<\/strong><\/p>\n<p><strong>Dire\u00e7\u00e3o:<\/strong>\u00a0Companhia Circo Rodado<br \/>\n<strong>Elenco:<\/strong>\u00a0Bruno Mancuso (Palha\u00e7o Pel\u00facia), Mateus Tropo (Palha\u00e7o Tropo) e Paulo Henrique Carneiro (Palha\u00e7o Abel).<br \/>\n<strong>Figurino:<\/strong>\u00a0Paulo Henrique Carneiro<br \/>\n<strong>Produ\u00e7\u00e3o:<\/strong>\u00a0Companhia Circo Rodado<br \/>\n<strong>Assessoria musical:<\/strong>\u00a0Igor Ribeiro<\/p>\n<p><strong>GRATUITO<\/strong><\/p>\n<p>O FILO \u00e9 patrocinado pela Lei de Incentivo \u00e0 Cultura, pela Copel, pelo Governo do Estado do Paran\u00e1 e pela Bratac. Al\u00e9m disso, \u00e9 apoiado pelo Sicredi, Midiograf, Via\u00e7\u00e3o Garcia, Unimed, Sesi Cultura, Crillon Palace Hotel, La Com\u00e9die, N\u00facleo dos Festivais Internacionais das Artes C\u00eanicas do Brasil, Editora Cobog\u00f3, Ciranda, Bella Vista, R\u00e1dio UEL FM e conta com apoio institucional da Associa\u00e7\u00e3o M\u00e9dica de Londrina. A Prefeitura de Londrina, por meio da Secretaria Municipal de Cultura, tamb\u00e9m \u00e9 uma das apoiadoras do FILO 2019. A realiza\u00e7\u00e3o \u00e9 da Universidade Estadual de Londrina, Palipalan Arte e Cultura, Secretaria Especial da Cultura e Minist\u00e9rio da Cidadania.<\/p>","excerpt":"","slug":"reprises-pareada-no-festival-internacional-de-londrina-filo","image":false,"all_day":false,"start_date":"2019-08-30 19:30:00","start_date_details":{"year":"2019","month":"08","day":"30","hour":"19","minutes":"30","seconds":"00"},"end_date":"2019-08-30 20:30:00","end_date_details":{"year":"2019","month":"08","day":"30","hour":"20","minutes":"30","seconds":"00"},"utc_start_date":"2019-08-30 22:30:00","utc_start_date_details":{"year":"2019","month":"08","day":"30","hour":"22","minutes":"30","seconds":"00"},"utc_end_date":"2019-08-30 23:30:00","utc_end_date_details":{"year":"2019","month":"08","day":"30","hour":"23","minutes":"30","seconds":"00"},"timezone":"America\/Sao_Paulo","timezone_abbr":"-03","cost":"","cost_details":{"currency_symbol":"","currency_position":"prefix","values":[]},"website":"filo.art.br","show_map":true,"show_map_link":true,"hide_from_listings":false,"sticky":false,"featured":false,"categories":[{"name":"Cultura","slug":"cultura","term_group":0,"term_taxonomy_id":699,"taxonomy":"tribe_events_cat","description":"","parent":0,"count":123,"filter":"raw","id":699,"urls":{"self":"https:\/\/blog.londrina.pr.gov.br\/index.php?rest_route=\/tribe\/events\/v1\/categories\/699","collection":"https:\/\/blog.londrina.pr.gov.br\/index.php?rest_route=\/tribe\/events\/v1\/categories"}}],"tags":[{"name":"cultura","slug":"cultura","term_group":0,"term_taxonomy_id":42,"taxonomy":"post_tag","description":"","parent":0,"count":4448,"filter":"raw","id":42,"urls":{"self":"https:\/\/blog.londrina.pr.gov.br\/index.php?rest_route=\/tribe\/events\/v1\/tags\/42","collection":"https:\/\/blog.londrina.pr.gov.br\/index.php?rest_route=\/tribe\/events\/v1\/tags"}},{"name":"FILO","slug":"filo","term_group":0,"term_taxonomy_id":2773,"taxonomy":"post_tag","description":"","parent":0,"count":36,"filter":"raw","id":2773,"urls":{"self":"https:\/\/blog.londrina.pr.gov.br\/index.php?rest_route=\/tribe\/events\/v1\/tags\/2773","collection":"https:\/\/blog.londrina.pr.gov.br\/index.php?rest_route=\/tribe\/events\/v1\/tags"}},{"name":"teatro","slug":"teatro","term_group":0,"term_taxonomy_id":43,"taxonomy":"post_tag","description":"","parent":0,"count":184,"filter":"raw","id":43,"urls":{"self":"https:\/\/blog.londrina.pr.gov.br\/index.php?rest_route=\/tribe\/events\/v1\/tags\/43","collection":"https:\/\/blog.londrina.pr.gov.br\/index.php?rest_route=\/tribe\/events\/v1\/tags"}}],"venue":{"id":57533,"author":"114","status":"publish","date":"2019-07-17 16:05:38","date_utc":"2019-07-17 19:05:38","modified":"2019-07-17 16:05:38","modified_utc":"2019-07-17 19:05:38","url":"https:\/\/blog.londrina.pr.gov.br\/?tribe_venue=centro-cultural-sesi-aml-2","venue":"Centro Cultural SESI-AML","slug":"centro-cultural-sesi-aml-2","address":"Rua Maestro Eg\u00eddio Camargo do Amaral, 130","city":"Londrina","country":"Brazil","province":"PR","stateprovince":"PR","json_ld":{"@type":"Place","name":"Centro Cultural SESI-AML","description":"","url":"https:\/\/blog.londrina.pr.gov.br\/?tribe_venue=centro-cultural-sesi-aml-2","address":{"@type":"PostalAddress","streetAddress":"Rua Maestro Eg\u00eddio Camargo do Amaral, 130","addressLocality":"Londrina","addressRegion":"PR","addressCountry":"Brazil"},"telephone":"","sameAs":""},"show_map":true,"show_map_link":true,"global_id":"blog.londrina.pr.gov.br?id=57533","global_id_lineage":["blog.londrina.pr.gov.br?id=57533"]},"organizer":[{"id":60354,"author":"115","status":"publish","date":"2019-08-28 16:18:00","date_utc":"2019-08-28 19:18:00","modified":"2019-08-28 16:18:00","modified_utc":"2019-08-28 19:18:00","url":"https:\/\/blog.londrina.pr.gov.br\/?tribe_organizer=festival-internacional-de-londrina-filo","organizer":"Festival Internacional de Londrina (FILO)","slug":"festival-internacional-de-londrina-filo","website":"https:\/\/filo.art.br\/","json_ld":{"@type":"Person","name":"Festival Internacional de Londrina (FILO)","description":"","url":"https:\/\/blog.londrina.pr.gov.br\/?tribe_organizer=festival-internacional-de-londrina-filo","telephone":"","email":"","sameAs":"https:\/\/filo.art.br\/"},"global_id":"blog.londrina.pr.gov.br?id=60354","global_id_lineage":["blog.londrina.pr.gov.br?id=60354"]}],"json_ld":{"@context":"http:\/\/schema.org","@type":"Event","name":"\u201cReprises Pareadas\u201d no Festival Internacional de Londrina (FILO)","description":"&lt;p&gt;Em \u201cReprises Pareadas\u201d, a Cia. Circo Rodado desenvolve uma curiosa\u00a0\u00a0pesquisa sobre reprises, gags e as tradicionais entradas circenses populares. A trupe curitibana \u00e9 formada pelos palha\u00e7os Abelardo Biloba-Abel (Paulo Carneiro), Pel\u00facia (Bruno Mancuso) e Tropo (Mateus Tropo). S\u00e3o oriundos de diferentes escolas circenses e desenvolvem trabalhos diversos se apresentando em ruas, pra\u00e7as, salas, lonas e &hellip;&lt;\/p&gt;\\n","url":"https:\/\/blog.londrina.pr.gov.br\/?tribe_events=reprises-pareada-no-festival-internacional-de-londrina-filo","startDate":"2019-08-30T19:30:00-03:00","endDate":"2019-08-30T20:30:00-03:00","location":{"@type":"Place","name":"Centro Cultural SESI-AML","description":"","url":"https:\/\/blog.londrina.pr.gov.br\/?tribe_venue=centro-cultural-sesi-aml-2","address":{"@type":"PostalAddress","streetAddress":"Rua Maestro Eg\u00eddio Camargo do Amaral, 130","addressLocality":"Londrina","addressRegion":"PR","addressCountry":"Brazil"},"telephone":"","sameAs":""},"organizer":{"@type":"Person","name":"Festival Internacional de Londrina (FILO)","description":"","url":"https:\/\/blog.londrina.pr.gov.br\/?tribe_organizer=festival-internacional-de-londrina-filo","telephone":"","email":"","sameAs":"https:\/\/filo.art.br\/"},"performer":"Organization"}}