{"id":60379,"global_id":"blog.londrina.pr.gov.br?id=60379","global_id_lineage":["blog.londrina.pr.gov.br?id=60379"],"author":"115","status":"publish","date":"2019-08-28 17:48:00","date_utc":"2019-08-28 20:48:00","modified":"2019-08-28 17:48:00","modified_utc":"2019-08-28 20:48:00","url":"https:\/\/blog.londrina.pr.gov.br\/?tribe_events=toda-quinta-tem-historia-na-biblioteca-infantil-de-londrina","rest_url":"https:\/\/blog.londrina.pr.gov.br\/index.php?rest_route=\/tribe\/events\/v1\/events\/60379","title":"\u201cToda Quinta tem Hist\u00f3ria\u201d na Biblioteca Infantil de Londrina","description":"<p>A Biblioteca Infantil de Londrina realizar\u00e1, nesta quinta-feira (29), \u00e0s 14h, uma conta\u00e7\u00e3o de hist\u00f3rias para crian\u00e7as de seis anos de idade ou mais. A atividade integra o projeto \u201cToda Quinta tem Hist\u00f3ria\u201d, promovido pela Diretoria de Bibliotecas, da Secretaria Municipal de Cultura (SMC), e que possui patroc\u00ednio do PROMIC.\u00a0 Ser\u00e1 lido o livro \u201cO pequeno pr\u00edncipe\u201d, do escritor franc\u00eas Antoine de Saint-Exup\u00e9ry. A obra fict\u00edcia, uma das mais traduzidas no mundo, descreve diversas aventuras do narrador e do personagem principal ao redor do planeta.<\/p>\n<p>Ao todo ser\u00e3o direcionadas 30 vagas para alunos da Escola Municipal Arthur Thomas e outras 20 para as demais crian\u00e7as interessadas. N\u00e3o \u00e9 necess\u00e1ria inscri\u00e7\u00e3o pr\u00e9via para participar. Mais informa\u00e7\u00f5es no telefone 3371-6603.<\/p>","excerpt":"","slug":"toda-quinta-tem-historia-na-biblioteca-infantil-de-londrina","image":false,"all_day":false,"start_date":"2019-08-29 14:00:00","start_date_details":{"year":"2019","month":"08","day":"29","hour":"14","minutes":"00","seconds":"00"},"end_date":"2019-08-29 16:00:00","end_date_details":{"year":"2019","month":"08","day":"29","hour":"16","minutes":"00","seconds":"00"},"utc_start_date":"2019-08-29 17:00:00","utc_start_date_details":{"year":"2019","month":"08","day":"29","hour":"17","minutes":"00","seconds":"00"},"utc_end_date":"2019-08-29 19:00:00","utc_end_date_details":{"year":"2019","month":"08","day":"29","hour":"19","minutes":"00","seconds":"00"},"timezone":"America\/Sao_Paulo","timezone_abbr":"-03","cost":"","cost_details":{"currency_symbol":"","currency_position":"prefix","values":[]},"website":"","show_map":true,"show_map_link":true,"hide_from_listings":false,"sticky":false,"featured":false,"categories":[{"name":"Cultura","slug":"cultura","term_group":0,"term_taxonomy_id":699,"taxonomy":"tribe_events_cat","description":"","parent":0,"count":123,"filter":"raw","id":699,"urls":{"self":"https:\/\/blog.londrina.pr.gov.br\/index.php?rest_route=\/tribe\/events\/v1\/categories\/699","collection":"https:\/\/blog.londrina.pr.gov.br\/index.php?rest_route=\/tribe\/events\/v1\/categories"}},{"name":"Infantil","slug":"infantil","term_group":0,"term_taxonomy_id":745,"taxonomy":"tribe_events_cat","description":"","parent":0,"count":19,"filter":"raw","id":745,"urls":{"self":"https:\/\/blog.londrina.pr.gov.br\/index.php?rest_route=\/tribe\/events\/v1\/categories\/745","collection":"https:\/\/blog.londrina.pr.gov.br\/index.php?rest_route=\/tribe\/events\/v1\/categories"}}],"tags":[{"name":"biblioteca","slug":"biblioteca","term_group":0,"term_taxonomy_id":861,"taxonomy":"post_tag","description":"","parent":0,"count":60,"filter":"raw","id":861,"urls":{"self":"https:\/\/blog.londrina.pr.gov.br\/index.php?rest_route=\/tribe\/events\/v1\/tags\/861","collection":"https:\/\/blog.londrina.pr.gov.br\/index.php?rest_route=\/tribe\/events\/v1\/tags"}},{"name":"Biblioteca Infantil","slug":"biblioteca-infantil","term_group":0,"term_taxonomy_id":1021,"taxonomy":"post_tag","description":"","parent":0,"count":67,"filter":"raw","id":1021,"urls":{"self":"https:\/\/blog.londrina.pr.gov.br\/index.php?rest_route=\/tribe\/events\/v1\/tags\/1021","collection":"https:\/\/blog.londrina.pr.gov.br\/index.php?rest_route=\/tribe\/events\/v1\/tags"}},{"name":"conta\u00e7\u00e3o de hist\u00f3ria","slug":"contacao-de-historia","term_group":0,"term_taxonomy_id":939,"taxonomy":"post_tag","description":"","parent":0,"count":57,"filter":"raw","id":939,"urls":{"self":"https:\/\/blog.londrina.pr.gov.br\/index.php?rest_route=\/tribe\/events\/v1\/tags\/939","collection":"https:\/\/blog.londrina.pr.gov.br\/index.php?rest_route=\/tribe\/events\/v1\/tags"}},{"name":"cultura","slug":"cultura","term_group":0,"term_taxonomy_id":42,"taxonomy":"post_tag","description":"","parent":0,"count":4449,"filter":"raw","id":42,"urls":{"self":"https:\/\/blog.londrina.pr.gov.br\/index.php?rest_route=\/tribe\/events\/v1\/tags\/42","collection":"https:\/\/blog.londrina.pr.gov.br\/index.php?rest_route=\/tribe\/events\/v1\/tags"}},{"name":"promic","slug":"promic","term_group":0,"term_taxonomy_id":270,"taxonomy":"post_tag","description":"","parent":0,"count":1355,"filter":"raw","id":270,"urls":{"self":"https:\/\/blog.londrina.pr.gov.br\/index.php?rest_route=\/tribe\/events\/v1\/tags\/270","collection":"https:\/\/blog.londrina.pr.gov.br\/index.php?rest_route=\/tribe\/events\/v1\/tags"}}],"venue":{"id":53218,"author":"113","status":"publish","date":"2019-05-13 11:23:01","date_utc":"2019-05-13 14:23:01","modified":"2019-05-13 11:23:01","modified_utc":"2019-05-13 14:23:01","url":"https:\/\/blog.londrina.pr.gov.br\/?tribe_venue=biblioteca-infantil-de-londrina-2","venue":"Biblioteca Infantil de Londrina","slug":"biblioteca-infantil-de-londrina-2","address":"Pra\u00e7a 1\u00ba de Maio, 110, centro","city":"Londrina","country":"Brazil","province":"PR","zip":"86010-150","phone":"3371-6603","stateprovince":"PR","json_ld":{"@type":"Place","name":"Biblioteca Infantil de Londrina","description":"","url":"https:\/\/blog.londrina.pr.gov.br\/?tribe_venue=biblioteca-infantil-de-londrina-2","address":{"@type":"PostalAddress","streetAddress":"Pra\u00e7a 1\u00ba de Maio, 110, centro","addressLocality":"Londrina","addressRegion":"PR","postalCode":"86010-150","addressCountry":"Brazil"},"telephone":"3371-6603","sameAs":""},"show_map":true,"show_map_link":true,"global_id":"blog.londrina.pr.gov.br?id=53218","global_id_lineage":["blog.londrina.pr.gov.br?id=53218"]},"organizer":[{"id":49239,"author":"112","status":"publish","date":"2019-03-15 11:38:02","date_utc":"2019-03-15 14:38:02","modified":"2019-03-15 11:38:02","modified_utc":"2019-03-15 14:38:02","url":"https:\/\/blog.londrina.pr.gov.br\/?tribe_organizer=secretaria-municipal-de-cultura","organizer":"Secretaria Municipal de Cultura","slug":"secretaria-municipal-de-cultura","website":"http:\/\/www1.londrina.pr.gov.br\/index.php?option=com_content&view=frontpageplus&Itemid=275","json_ld":{"@type":"Person","name":"Secretaria Municipal de Cultura","description":"","url":"https:\/\/blog.londrina.pr.gov.br\/?tribe_organizer=secretaria-municipal-de-cultura","telephone":"","email":"","sameAs":"http:\/\/www1.londrina.pr.gov.br\/index.php?option=com_content&#038;view=frontpageplus&#038;Itemid=275"},"global_id":"blog.londrina.pr.gov.br?id=49239","global_id_lineage":["blog.londrina.pr.gov.br?id=49239"]},{"id":60381,"author":"115","status":"publish","date":"2019-08-28 17:48:01","date_utc":"2019-08-28 20:48:01","modified":"2019-08-28 17:48:01","modified_utc":"2019-08-28 20:48:01","url":"https:\/\/blog.londrina.pr.gov.br\/?tribe_organizer=toda-quinta-tem-historia","organizer":"Toda Quinta Tem Hist\u00f3ria","slug":"toda-quinta-tem-historia","json_ld":{"@type":"Person","name":"Toda Quinta Tem Hist\u00f3ria","description":"","url":"https:\/\/blog.londrina.pr.gov.br\/?tribe_organizer=toda-quinta-tem-historia","telephone":"","email":"","sameAs":""},"global_id":"blog.londrina.pr.gov.br?id=60381","global_id_lineage":["blog.londrina.pr.gov.br?id=60381"]}],"json_ld":{"@context":"http:\/\/schema.org","@type":"Event","name":"\u201cToda Quinta tem Hist\u00f3ria\u201d na Biblioteca Infantil de Londrina","description":"&lt;p&gt;A Biblioteca Infantil de Londrina realizar\u00e1, nesta quinta-feira (29), \u00e0s 14h, uma conta\u00e7\u00e3o de hist\u00f3rias para crian\u00e7as de seis anos de idade ou mais. A atividade integra o projeto \u201cToda Quinta tem Hist\u00f3ria\u201d, promovido pela Diretoria de Bibliotecas, da Secretaria Municipal de Cultura (SMC), e que possui patroc\u00ednio do PROMIC.\u00a0 Ser\u00e1 lido o livro \u201cO &hellip;&lt;\/p&gt;\\n","url":"https:\/\/blog.londrina.pr.gov.br\/?tribe_events=toda-quinta-tem-historia-na-biblioteca-infantil-de-londrina","startDate":"2019-08-29T14:00:00-03:00","endDate":"2019-08-29T16:00:00-03:00","location":{"@type":"Place","name":"Biblioteca Infantil de Londrina","description":"","url":"https:\/\/blog.londrina.pr.gov.br\/?tribe_venue=biblioteca-infantil-de-londrina-2","address":{"@type":"PostalAddress","streetAddress":"Pra\u00e7a 1\u00ba de Maio, 110, centro","addressLocality":"Londrina","addressRegion":"PR","postalCode":"86010-150","addressCountry":"Brazil"},"telephone":"3371-6603","sameAs":""},"organizer":{"@type":"Person","name":"Secretaria Municipal de Cultura","description":"","url":"https:\/\/blog.londrina.pr.gov.br\/?tribe_organizer=secretaria-municipal-de-cultura","telephone":"","email":"","sameAs":"http:\/\/www1.londrina.pr.gov.br\/index.php?option=com_content&#038;view=frontpageplus&#038;Itemid=275"},"performer":"Organization"}}