{"id":60751,"global_id":"blog.londrina.pr.gov.br?id=60751","global_id_lineage":["blog.londrina.pr.gov.br?id=60751"],"author":"81","status":"publish","date":"2019-09-03 17:14:59","date_utc":"2019-09-03 20:14:59","modified":"2019-09-03 17:32:02","modified_utc":"2019-09-03 20:32:02","url":"https:\/\/blog.londrina.pr.gov.br\/?tribe_events=cci-oeste-sedia-palestra-sobre-fibromialgia","rest_url":"https:\/\/blog.londrina.pr.gov.br\/index.php?rest_route=\/tribe\/events\/v1\/events\/60751","title":"CCI Oeste sedia palestra sobre Fibromialgia","description":"<p>Nesta quinta-feira (5), \u00e0s 14 horas, ser\u00e1 realizada uma palestra sobre Fibromialgia, com a fisioterapeuta Doreen Emika Nonaka Tunouti. A a\u00e7\u00e3o integra a programa\u00e7\u00e3o do Grupo de Conviv\u00eancia Qualidade de Vida e Cidadania e conta com a parceria da Secretaria Municipal de Sa\u00fade, com a UBS do Jardim Bandeirantes, e do N\u00facleo de Apoio \u00e0 Sa\u00fade da Fam\u00edlia (NASF) 5.<\/p>\n<p>A unidade fica na Rua Gabriel Matokanovic, 260, Jardim da Luz. N\u00e3o \u00e9 necess\u00e1rio fazer inscri\u00e7\u00e3o.<\/p>","excerpt":"","slug":"cci-oeste-sedia-palestra-sobre-fibromialgia","image":false,"all_day":false,"start_date":"2019-09-05 14:00:00","start_date_details":{"year":"2019","month":"09","day":"05","hour":"14","minutes":"00","seconds":"00"},"end_date":"2019-09-05 17:00:00","end_date_details":{"year":"2019","month":"09","day":"05","hour":"17","minutes":"00","seconds":"00"},"utc_start_date":"2019-09-05 17:00:00","utc_start_date_details":{"year":"2019","month":"09","day":"05","hour":"17","minutes":"00","seconds":"00"},"utc_end_date":"2019-09-05 20:00:00","utc_end_date_details":{"year":"2019","month":"09","day":"05","hour":"20","minutes":"00","seconds":"00"},"timezone":"America\/Sao_Paulo","timezone_abbr":"-03","cost":"","cost_details":{"currency_symbol":"","currency_position":"prefix","values":[]},"website":"","show_map":true,"show_map_link":true,"hide_from_listings":false,"sticky":false,"featured":false,"categories":[{"name":"Idoso","slug":"idoso","term_group":0,"term_taxonomy_id":928,"taxonomy":"tribe_events_cat","description":"","parent":0,"count":16,"filter":"raw","id":928,"urls":{"self":"https:\/\/blog.londrina.pr.gov.br\/index.php?rest_route=\/tribe\/events\/v1\/categories\/928","collection":"https:\/\/blog.londrina.pr.gov.br\/index.php?rest_route=\/tribe\/events\/v1\/categories"}}],"tags":[{"name":"CCI Oeste","slug":"cci-oeste","term_group":0,"term_taxonomy_id":1526,"taxonomy":"post_tag","description":"","parent":0,"count":108,"filter":"raw","id":1526,"urls":{"self":"https:\/\/blog.londrina.pr.gov.br\/index.php?rest_route=\/tribe\/events\/v1\/tags\/1526","collection":"https:\/\/blog.londrina.pr.gov.br\/index.php?rest_route=\/tribe\/events\/v1\/tags"}},{"name":"Grupo de Conviv\u00eancia Qualidade de Vida e Cidadania","slug":"grupo-de-convivencia-qualidade-de-vida-e-cidadania","term_group":0,"term_taxonomy_id":3476,"taxonomy":"post_tag","description":"","parent":0,"count":5,"filter":"raw","id":3476,"urls":{"self":"https:\/\/blog.londrina.pr.gov.br\/index.php?rest_route=\/tribe\/events\/v1\/tags\/3476","collection":"https:\/\/blog.londrina.pr.gov.br\/index.php?rest_route=\/tribe\/events\/v1\/tags"}},{"name":"idoso","slug":"idoso","term_group":0,"term_taxonomy_id":405,"taxonomy":"post_tag","description":"","parent":0,"count":663,"filter":"raw","id":405,"urls":{"self":"https:\/\/blog.londrina.pr.gov.br\/index.php?rest_route=\/tribe\/events\/v1\/tags\/405","collection":"https:\/\/blog.londrina.pr.gov.br\/index.php?rest_route=\/tribe\/events\/v1\/tags"}},{"name":"NASF","slug":"nasf","term_group":0,"term_taxonomy_id":984,"taxonomy":"post_tag","description":"","parent":0,"count":62,"filter":"raw","id":984,"urls":{"self":"https:\/\/blog.londrina.pr.gov.br\/index.php?rest_route=\/tribe\/events\/v1\/tags\/984","collection":"https:\/\/blog.londrina.pr.gov.br\/index.php?rest_route=\/tribe\/events\/v1\/tags"}}],"venue":{"id":50874,"author":"115","status":"publish","date":"2019-04-01 18:23:22","date_utc":"2019-04-01 21:23:22","modified":"2019-04-01 18:23:22","modified_utc":"2019-04-01 21:23:22","url":"https:\/\/blog.londrina.pr.gov.br\/?tribe_venue=cci-oeste","venue":"CCI Oeste","slug":"cci-oeste","address":"Rua Serra Pedra Selada, 111","city":"Londrina","country":"Brazil","province":"PR","stateprovince":"PR","json_ld":{"@type":"Place","name":"CCI Oeste","description":"","url":"https:\/\/blog.londrina.pr.gov.br\/?tribe_venue=cci-oeste","address":{"@type":"PostalAddress","streetAddress":"Rua Serra Pedra Selada, 111","addressLocality":"Londrina","addressRegion":"PR","addressCountry":"Brazil"},"telephone":"","sameAs":""},"show_map":true,"show_map_link":true,"global_id":"blog.londrina.pr.gov.br?id=50874","global_id_lineage":["blog.londrina.pr.gov.br?id=50874"]},"organizer":[{"id":49356,"author":"113","status":"publish","date":"2019-03-18 11:56:52","date_utc":"2019-03-18 14:56:52","modified":"2019-03-18 11:56:52","modified_utc":"2019-03-18 14:56:52","url":"https:\/\/blog.londrina.pr.gov.br\/?tribe_organizer=secretaria-municipal-do-idoso-2","organizer":"Secretaria Municipal do Idoso","slug":"secretaria-municipal-do-idoso-2","phone":"3375-0223","website":"http:\/\/www.londrina.pr.gov.br\/index.php?option=com_content&view=frontpageplus&Itemid=474","email":"idoso@londrina.pr.gov.br","json_ld":{"@type":"Person","name":"Secretaria Municipal do Idoso","description":"","url":"https:\/\/blog.londrina.pr.gov.br\/?tribe_organizer=secretaria-municipal-do-idoso-2","telephone":"3375-0223","email":"idoso&#64;l&#111;ndri&#110;&#97;&#46;p&#114;.&#103;o&#118;&#46;b&#114;","sameAs":"http:\/\/www.londrina.pr.gov.br\/index.php?option=com_content&#038;view=frontpageplus&#038;Itemid=474"},"global_id":"blog.londrina.pr.gov.br?id=49356","global_id_lineage":["blog.londrina.pr.gov.br?id=49356"]}],"json_ld":{"@context":"http:\/\/schema.org","@type":"Event","name":"CCI Oeste sedia palestra sobre Fibromialgia","description":"&lt;p&gt;Nesta quinta-feira (5), \u00e0s 14 horas, ser\u00e1 realizada uma palestra sobre Fibromialgia, com a fisioterapeuta Doreen Emika Nonaka Tunouti. A a\u00e7\u00e3o integra a programa\u00e7\u00e3o do Grupo de Conviv\u00eancia Qualidade de Vida e Cidadania e conta com a parceria da Secretaria Municipal de Sa\u00fade, com a UBS do Jardim Bandeirantes, e do N\u00facleo de Apoio \u00e0 &hellip;&lt;\/p&gt;\\n","url":"https:\/\/blog.londrina.pr.gov.br\/?tribe_events=cci-oeste-sedia-palestra-sobre-fibromialgia","startDate":"2019-09-05T14:00:00-03:00","endDate":"2019-09-05T17:00:00-03:00","location":{"@type":"Place","name":"CCI Oeste","description":"","url":"https:\/\/blog.londrina.pr.gov.br\/?tribe_venue=cci-oeste","address":{"@type":"PostalAddress","streetAddress":"Rua Serra Pedra Selada, 111","addressLocality":"Londrina","addressRegion":"PR","addressCountry":"Brazil"},"telephone":"","sameAs":""},"organizer":{"@type":"Person","name":"Secretaria Municipal do Idoso","description":"","url":"https:\/\/blog.londrina.pr.gov.br\/?tribe_organizer=secretaria-municipal-do-idoso-2","telephone":"3375-0223","email":"ido&#115;o&#64;&#108;&#111;n&#100;ri&#110;&#97;.pr.go&#118;&#46;b&#114;","sameAs":"http:\/\/www.londrina.pr.gov.br\/index.php?option=com_content&#038;view=frontpageplus&#038;Itemid=474"},"performer":"Organization"}}