{"id":60754,"global_id":"blog.londrina.pr.gov.br?id=60754","global_id_lineage":["blog.londrina.pr.gov.br?id=60754"],"author":"81","status":"publish","date":"2019-09-03 17:17:52","date_utc":"2019-09-03 20:17:52","modified":"2019-09-03 17:31:52","modified_utc":"2019-09-03 20:31:52","url":"https:\/\/blog.londrina.pr.gov.br\/?tribe_events=palestra-sobre-saude-mental-no-cci-norte","rest_url":"https:\/\/blog.londrina.pr.gov.br\/index.php?rest_route=\/tribe\/events\/v1\/events\/60754","title":"Palestra sobre sa\u00fade mental no CCI Norte","description":"<p>No dia 13 (sexta-feira), \u00e0s 9h30, haver\u00e1 uma palestra sobre sa\u00fade mental, com a psic\u00f3loga \u00c1urea Emi Ota, que ir\u00e1 abordar diversas quest\u00f5es sobre o tema e dar\u00e1 orienta\u00e7\u00f5es aos participantes. A atividade ser\u00e1 desenvolvida no CCI Norte em parceria com a institui\u00e7\u00e3o SEPS \u2013 Lar dos Vov\u00f4s e Vovozinhas, e\u00a0integra a programa\u00e7\u00e3o do Grupo de Conviv\u00eancia Qualidade de Vida e Cidadania. Para participar, basta comparecer ao local na data e hor\u00e1rio marcados, sem necessidade de inscri\u00e7\u00e3o pr\u00e9via.<\/p>","excerpt":"","slug":"palestra-sobre-saude-mental-no-cci-norte","image":false,"all_day":false,"start_date":"2019-09-13 09:30:00","start_date_details":{"year":"2019","month":"09","day":"13","hour":"09","minutes":"30","seconds":"00"},"end_date":"2019-09-13 11:30:00","end_date_details":{"year":"2019","month":"09","day":"13","hour":"11","minutes":"30","seconds":"00"},"utc_start_date":"2019-09-13 12:30:00","utc_start_date_details":{"year":"2019","month":"09","day":"13","hour":"12","minutes":"30","seconds":"00"},"utc_end_date":"2019-09-13 14:30:00","utc_end_date_details":{"year":"2019","month":"09","day":"13","hour":"14","minutes":"30","seconds":"00"},"timezone":"America\/Sao_Paulo","timezone_abbr":"-03","cost":"","cost_details":{"currency_symbol":"","currency_position":"prefix","values":[]},"website":"","show_map":true,"show_map_link":true,"hide_from_listings":false,"sticky":false,"featured":false,"categories":[{"name":"Idoso","slug":"idoso","term_group":0,"term_taxonomy_id":928,"taxonomy":"tribe_events_cat","description":"","parent":0,"count":16,"filter":"raw","id":928,"urls":{"self":"https:\/\/blog.londrina.pr.gov.br\/index.php?rest_route=\/tribe\/events\/v1\/categories\/928","collection":"https:\/\/blog.londrina.pr.gov.br\/index.php?rest_route=\/tribe\/events\/v1\/categories"}}],"tags":[{"name":"CCI Norte","slug":"cci-norte","term_group":0,"term_taxonomy_id":1513,"taxonomy":"post_tag","description":"","parent":0,"count":115,"filter":"raw","id":1513,"urls":{"self":"https:\/\/blog.londrina.pr.gov.br\/index.php?rest_route=\/tribe\/events\/v1\/tags\/1513","collection":"https:\/\/blog.londrina.pr.gov.br\/index.php?rest_route=\/tribe\/events\/v1\/tags"}},{"name":"Grupo de Conviv\u00eancia Qualidade de Vida e Cidadania","slug":"grupo-de-convivencia-qualidade-de-vida-e-cidadania","term_group":0,"term_taxonomy_id":3476,"taxonomy":"post_tag","description":"","parent":0,"count":5,"filter":"raw","id":3476,"urls":{"self":"https:\/\/blog.londrina.pr.gov.br\/index.php?rest_route=\/tribe\/events\/v1\/tags\/3476","collection":"https:\/\/blog.londrina.pr.gov.br\/index.php?rest_route=\/tribe\/events\/v1\/tags"}},{"name":"idoso","slug":"idoso","term_group":0,"term_taxonomy_id":405,"taxonomy":"post_tag","description":"","parent":0,"count":663,"filter":"raw","id":405,"urls":{"self":"https:\/\/blog.londrina.pr.gov.br\/index.php?rest_route=\/tribe\/events\/v1\/tags\/405","collection":"https:\/\/blog.londrina.pr.gov.br\/index.php?rest_route=\/tribe\/events\/v1\/tags"}}],"venue":{"id":50877,"author":"115","status":"publish","date":"2019-04-01 18:24:41","date_utc":"2019-04-01 21:24:41","modified":"2019-04-01 18:24:41","modified_utc":"2019-04-01 21:24:41","url":"https:\/\/blog.londrina.pr.gov.br\/?tribe_venue=cci-norte","venue":"CCI Norte","slug":"cci-norte","address":"Rua Luiz Brugin, 570","city":"Londrina","country":"Brazil","province":"PR","stateprovince":"PR","json_ld":{"@type":"Place","name":"CCI Norte","description":"","url":"https:\/\/blog.londrina.pr.gov.br\/?tribe_venue=cci-norte","address":{"@type":"PostalAddress","streetAddress":"Rua Luiz Brugin, 570","addressLocality":"Londrina","addressRegion":"PR","addressCountry":"Brazil"},"telephone":"","sameAs":""},"show_map":true,"show_map_link":true,"global_id":"blog.londrina.pr.gov.br?id=50877","global_id_lineage":["blog.londrina.pr.gov.br?id=50877"]},"organizer":[{"id":49354,"author":"113","status":"publish","date":"2019-03-18 11:56:52","date_utc":"2019-03-18 14:56:52","modified":"2019-03-18 11:56:52","modified_utc":"2019-03-18 14:56:52","url":"https:\/\/blog.londrina.pr.gov.br\/?tribe_organizer=secretaria-municipal-do-idoso","organizer":"Secretaria Municipal do Idoso","slug":"secretaria-municipal-do-idoso","phone":"3375-0223","website":"http:\/\/www.londrina.pr.gov.br\/index.php?option=com_content&view=frontpageplus&Itemid=474","email":"idoso@londrina.pr.gov.br","json_ld":{"@type":"Person","name":"Secretaria Municipal do Idoso","description":"","url":"https:\/\/blog.londrina.pr.gov.br\/?tribe_organizer=secretaria-municipal-do-idoso","telephone":"3375-0223","email":"id&#111;so&#64;&#108;&#111;n&#100;rin&#97;.&#112;&#114;&#46;&#103;ov&#46;b&#114;","sameAs":"http:\/\/www.londrina.pr.gov.br\/index.php?option=com_content&#038;view=frontpageplus&#038;Itemid=474"},"global_id":"blog.londrina.pr.gov.br?id=49354","global_id_lineage":["blog.londrina.pr.gov.br?id=49354"]}],"json_ld":{"@context":"http:\/\/schema.org","@type":"Event","name":"Palestra sobre sa\u00fade mental no CCI Norte","description":"&lt;p&gt;No dia 13 (sexta-feira), \u00e0s 9h30, haver\u00e1 uma palestra sobre sa\u00fade mental, com a psic\u00f3loga \u00c1urea Emi Ota, que ir\u00e1 abordar diversas quest\u00f5es sobre o tema e dar\u00e1 orienta\u00e7\u00f5es aos participantes. A atividade ser\u00e1 desenvolvida no CCI Norte em parceria com a institui\u00e7\u00e3o SEPS \u2013 Lar dos Vov\u00f4s e Vovozinhas, e\u00a0integra a programa\u00e7\u00e3o do Grupo &hellip;&lt;\/p&gt;\\n","url":"https:\/\/blog.londrina.pr.gov.br\/?tribe_events=palestra-sobre-saude-mental-no-cci-norte","startDate":"2019-09-13T09:30:00-03:00","endDate":"2019-09-13T11:30:00-03:00","location":{"@type":"Place","name":"CCI Norte","description":"","url":"https:\/\/blog.londrina.pr.gov.br\/?tribe_venue=cci-norte","address":{"@type":"PostalAddress","streetAddress":"Rua Luiz Brugin, 570","addressLocality":"Londrina","addressRegion":"PR","addressCountry":"Brazil"},"telephone":"","sameAs":""},"organizer":{"@type":"Person","name":"Secretaria Municipal do Idoso","description":"","url":"https:\/\/blog.londrina.pr.gov.br\/?tribe_organizer=secretaria-municipal-do-idoso","telephone":"3375-0223","email":"&#105;do&#115;o&#64;&#108;&#111;nd&#114;in&#97;.&#112;&#114;&#46;&#103;&#111;&#118;&#46;&#98;&#114;","sameAs":"http:\/\/www.londrina.pr.gov.br\/index.php?option=com_content&#038;view=frontpageplus&#038;Itemid=474"},"performer":"Organization"}}