{"id":60766,"global_id":"blog.londrina.pr.gov.br?id=60766","global_id_lineage":["blog.londrina.pr.gov.br?id=60766"],"author":"81","status":"publish","date":"2019-09-03 17:40:00","date_utc":"2019-09-03 20:40:00","modified":"2019-10-10 13:48:48","modified_utc":"2019-10-10 16:48:48","url":"https:\/\/blog.londrina.pr.gov.br\/?tribe_events=atividades-em-londrina-no-dia-mundial-sem-carro","rest_url":"https:\/\/blog.londrina.pr.gov.br\/index.php?rest_route=\/tribe\/events\/v1\/events\/60766","title":"Atividades em Londrina no Dia Mundial sem Carro","description":"<p>A Prefeitura de Londrina, por meio da Companhia Municipal de Tr\u00e2nsito e Urbaniza\u00e7\u00e3o (CMTU), celebra, em setembro, o Dia Mundial sem Carro. Al\u00e9m de sugerir um novo olhar sobre a cidade, o evento \u2013 que est\u00e1 marcado para o dia 21, das 7h \u00e0s 20h, na avenida Higien\u00f3polis \u2013 visa discutir os problemas decorrentes da profunda depend\u00eancia dos autom\u00f3veis nos centros urbanos.<\/p>\n<p>E para comemorar a ocasi\u00e3o em grande estilo, um rol de atra\u00e7\u00f5es est\u00e1 sendo preparado. Distribu\u00eddas entre a Rua Sergipe e a Avenida Juscelino Kubitschek, as op\u00e7\u00f5es \u2013 inteiramente gratuitas e para todas as idades \u2013 incluem presta\u00e7\u00e3o de servi\u00e7os, esporte, recrea\u00e7\u00e3o, apresenta\u00e7\u00f5es culturais, sa\u00fade, bem-estar e muito mais.<\/p>\n<p>Para estreitar ainda mais a rela\u00e7\u00e3o com os moradores, a Prefeitura leva ao evento a\u00e7\u00f5es das secretarias de Sa\u00fade, Cultura, Defesa Social, do Idoso e Trabalho. O Procon e a Sercomtel tamb\u00e9m marcam presen\u00e7a, enquanto a CMTU desenvolve iniciativas de educa\u00e7\u00e3o no tr\u00e2nsito.<\/p>\n<p>Para falar de comportamentos seguros nas ruas, palha\u00e7os foram escalados para interagir com o p\u00fablico e convid\u00e1-lo a testar a cadeira de impuls\u00e3o \u2013 esp\u00e9cie de assento automotivo que desliza sobre trilhos para simular o impacto de uma batida.<\/p>\n<p>No trecho entre a JK e a rua Goi\u00e1s, corrida, pedalada, crossfit e aul\u00e3o de muay thai prometem n\u00e3o deixar ningu\u00e9m parado. Esportes como basquete, pingue-pongue e slackline completam a lista de exerc\u00edcios de movimento. J\u00e1 para os que procuram desacelerar da correria do dia a dia com t\u00e9cnicas que buscam fortalecer as energias mental, f\u00edsica e nervosa do corpo, a op\u00e7\u00e3o \u00e9 a aula de yoga.<\/p>\n<p>A programa\u00e7\u00e3o conta com teste de glicemia e aferi\u00e7\u00e3o de press\u00e3o arterial, orienta\u00e7\u00f5es de sa\u00fade, treinamento de primeiros socorros, degusta\u00e7\u00e3o de alimentos, exposi\u00e7\u00e3o de \u00f4nibus antigos e recrea\u00e7\u00e3o infantil. A unidade m\u00f3vel do Detran-PR leva servi\u00e7os, atividades culturais e educativas. Universidades realizam a exposi\u00e7\u00e3o de cursos de gradua\u00e7\u00e3o e institui\u00e7\u00f5es do sistema S, como Sesc e Senac, preparam brincadeiras e a\u00e7\u00f5es de divulga\u00e7\u00e3o.<\/p>\n<p>Consideradas um dos pontos altos do evento, as apresenta\u00e7\u00f5es art\u00edsticas e culturais contemplam diversos gostos e estilos. Divididos em tr\u00eas palcos, sendo um exclusivamente reservado \u00e0 proje\u00e7\u00e3o de curtas-metragens com tem\u00e1tica londrinense, m\u00fasicos e grupos pretendem colocar todo mundo para cantar e dan\u00e7ar. Dentre as atra\u00e7\u00f5es j\u00e1 confirmadas est\u00e3o coral, cantores sertanejo, de pop, pagode e rock autoral. Tem tamb\u00e9m dan\u00e7as t\u00edpicas japonesas e banda marcial e, ainda, a presen\u00e7a de apresentadores de emissoras de TV locais.<\/p>\n<p><strong>Hist\u00f3rico<\/strong> \u2013 Criado na Fran\u00e7a, em 1997, o Dia Mundial sem Carro teve in\u00edcio em Londrina em 2011. O evento \u00e9 realizado sem interrup\u00e7\u00f5es por aqui desde 2015 e prop\u00f5e a utiliza\u00e7\u00e3o das bicicletas e do transporte p\u00fablico como solu\u00e7\u00e3o de mobilidade urbana. Para abra\u00e7ar a ideia e ajudar a encher a Avenida Higien\u00f3polis de movimento, as empresas interessadas na parceria podem entrar em contato com a CMTU pelo telefone (43) 3379-7913 ou, ainda, no e-mail comunica@cmtu.info.<\/p>","excerpt":"","slug":"atividades-em-londrina-no-dia-mundial-sem-carro","image":false,"all_day":false,"start_date":"2019-09-21 07:00:00","start_date_details":{"year":"2019","month":"09","day":"21","hour":"07","minutes":"00","seconds":"00"},"end_date":"2019-09-21 20:00:00","end_date_details":{"year":"2019","month":"09","day":"21","hour":"20","minutes":"00","seconds":"00"},"utc_start_date":"2019-09-21 10:00:00","utc_start_date_details":{"year":"2019","month":"09","day":"21","hour":"10","minutes":"00","seconds":"00"},"utc_end_date":"2019-09-21 23:00:00","utc_end_date_details":{"year":"2019","month":"09","day":"21","hour":"23","minutes":"00","seconds":"00"},"timezone":"America\/Sao_Paulo","timezone_abbr":"-03","cost":"","cost_details":{"currency_symbol":"","currency_position":"prefix","values":[]},"website":"","show_map":true,"show_map_link":true,"hide_from_listings":false,"sticky":false,"featured":false,"categories":[{"name":"A\u00e7\u00e3o Social","slug":"acao-social","term_group":0,"term_taxonomy_id":698,"taxonomy":"tribe_events_cat","description":"","parent":0,"count":30,"filter":"raw","id":698,"urls":{"self":"https:\/\/blog.londrina.pr.gov.br\/index.php?rest_route=\/tribe\/events\/v1\/categories\/698","collection":"https:\/\/blog.londrina.pr.gov.br\/index.php?rest_route=\/tribe\/events\/v1\/categories"}},{"name":"Cultura","slug":"cultura","term_group":0,"term_taxonomy_id":699,"taxonomy":"tribe_events_cat","description":"","parent":0,"count":123,"filter":"raw","id":699,"urls":{"self":"https:\/\/blog.londrina.pr.gov.br\/index.php?rest_route=\/tribe\/events\/v1\/categories\/699","collection":"https:\/\/blog.londrina.pr.gov.br\/index.php?rest_route=\/tribe\/events\/v1\/categories"}},{"name":"Esporte","slug":"esporte","term_group":0,"term_taxonomy_id":700,"taxonomy":"tribe_events_cat","description":"","parent":0,"count":13,"filter":"raw","id":700,"urls":{"self":"https:\/\/blog.londrina.pr.gov.br\/index.php?rest_route=\/tribe\/events\/v1\/categories\/700","collection":"https:\/\/blog.londrina.pr.gov.br\/index.php?rest_route=\/tribe\/events\/v1\/categories"}}],"tags":[{"name":"CMTU","slug":"cmtu","term_group":0,"term_taxonomy_id":728,"taxonomy":"post_tag","description":"","parent":0,"count":1291,"filter":"raw","id":728,"urls":{"self":"https:\/\/blog.londrina.pr.gov.br\/index.php?rest_route=\/tribe\/events\/v1\/tags\/728","collection":"https:\/\/blog.londrina.pr.gov.br\/index.php?rest_route=\/tribe\/events\/v1\/tags"}},{"name":"Dia Mundial sem Carro","slug":"dia-mundial-sem-carro","term_group":0,"term_taxonomy_id":3724,"taxonomy":"post_tag","description":"","parent":0,"count":17,"filter":"raw","id":3724,"urls":{"self":"https:\/\/blog.londrina.pr.gov.br\/index.php?rest_route=\/tribe\/events\/v1\/tags\/3724","collection":"https:\/\/blog.londrina.pr.gov.br\/index.php?rest_route=\/tribe\/events\/v1\/tags"}}],"venue":{"id":60768,"author":"115","status":"publish","date":"2019-09-03 17:40:00","date_utc":"2019-09-03 20:40:00","modified":"2019-09-03 17:40:00","modified_utc":"2019-09-03 20:40:00","url":"https:\/\/blog.londrina.pr.gov.br\/?tribe_venue=avenida-higienopolis","venue":"Avenida Higien\u00f3polis","slug":"avenida-higienopolis","address":"Avenida Higien\u00f3polis","city":"Londrina","country":"Brazil","province":"PR","stateprovince":"PR","json_ld":{"@type":"Place","name":"Avenida Higien\u00f3polis","description":"","url":"https:\/\/blog.londrina.pr.gov.br\/?tribe_venue=avenida-higienopolis","address":{"@type":"PostalAddress","streetAddress":"Avenida Higien\u00f3polis","addressLocality":"Londrina","addressRegion":"PR","addressCountry":"Brazil"},"telephone":"","sameAs":""},"show_map":true,"show_map_link":true,"global_id":"blog.londrina.pr.gov.br?id=60768","global_id_lineage":["blog.londrina.pr.gov.br?id=60768"]},"organizer":[{"id":49303,"author":"116","status":"publish","date":"2019-03-15 15:33:25","date_utc":"2019-03-15 18:33:25","modified":"2019-03-15 15:33:25","modified_utc":"2019-03-15 18:33:25","url":"https:\/\/blog.londrina.pr.gov.br\/?tribe_organizer=cmtu","organizer":"CMTU","slug":"cmtu","website":"http:\/\/cmtu.londrina.pr.gov.br\/","json_ld":{"@type":"Person","name":"CMTU","description":"","url":"https:\/\/blog.londrina.pr.gov.br\/?tribe_organizer=cmtu","telephone":"","email":"","sameAs":"http:\/\/cmtu.londrina.pr.gov.br\/"},"global_id":"blog.londrina.pr.gov.br?id=49303","global_id_lineage":["blog.londrina.pr.gov.br?id=49303"]}],"json_ld":{"@context":"http:\/\/schema.org","@type":"Event","name":"Atividades em Londrina no Dia Mundial sem Carro","description":"&lt;p&gt;A Prefeitura de Londrina, por meio da Companhia Municipal de Tr\u00e2nsito e Urbaniza\u00e7\u00e3o (CMTU), celebra, em setembro, o Dia Mundial sem Carro. Al\u00e9m de sugerir um novo olhar sobre a cidade, o evento \u2013 que est\u00e1 marcado para o dia 21, das 7h \u00e0s 20h, na avenida Higien\u00f3polis \u2013 visa discutir os problemas decorrentes da &hellip;&lt;\/p&gt;\\n","url":"https:\/\/blog.londrina.pr.gov.br\/?tribe_events=atividades-em-londrina-no-dia-mundial-sem-carro","startDate":"2019-09-21T07:00:00-03:00","endDate":"2019-09-21T20:00:00-03:00","location":{"@type":"Place","name":"Avenida Higien\u00f3polis","description":"","url":"https:\/\/blog.londrina.pr.gov.br\/?tribe_venue=avenida-higienopolis","address":{"@type":"PostalAddress","streetAddress":"Avenida Higien\u00f3polis","addressLocality":"Londrina","addressRegion":"PR","addressCountry":"Brazil"},"telephone":"","sameAs":""},"organizer":{"@type":"Person","name":"CMTU","description":"","url":"https:\/\/blog.londrina.pr.gov.br\/?tribe_organizer=cmtu","telephone":"","email":"","sameAs":"http:\/\/cmtu.londrina.pr.gov.br\/"},"performer":"Organization"}}