{"id":60769,"global_id":"blog.londrina.pr.gov.br?id=60769","global_id_lineage":["blog.londrina.pr.gov.br?id=60769"],"author":"81","status":"publish","date":"2019-09-03 17:47:20","date_utc":"2019-09-03 20:47:20","modified":"2019-09-03 17:48:03","modified_utc":"2019-09-03 20:48:03","url":"https:\/\/blog.londrina.pr.gov.br\/?tribe_events=hackathon-de-carreiras","rest_url":"https:\/\/blog.londrina.pr.gov.br\/index.php?rest_route=\/tribe\/events\/v1\/events\/60769","title":"Hackathon de Carreiras","description":"<p>O Hackathon de Carreiras, promovido pela Faculdade Positivo com patroc\u00ednio da Prefeitura de Londrina, por meio do Instituto de Desenvolvimento de Londrina (CODEL), est\u00e1 com inscri\u00e7\u00f5es abertas. A a\u00e7\u00e3o ser\u00e1 realizada no dia 28 de setembro, das 8h \u00e0s 19h , na Faculdade Positivo, com o objetivo de aproximar o p\u00fablico do mercado de trabalho, envolvendo graduados e graduandos de todas as universidades de Londrina. O per\u00edodo de inscri\u00e7\u00f5es prossegue at\u00e9 o dia 18 de setembro, pelo site <a href=\"https:\/\/materiais.up.edu.br\/carreira-londrina\" target=\"_blank\" rel=\"noopener noreferrer\"><strong>https:\/\/materiais.up.edu.br\/carreira-londrina<\/strong><\/a> <strong>.<\/strong><\/p>\n<p>No dia 25 de setembro os candidatos ser\u00e3o selecionados. J\u00e1 no dia 27 do mesmo m\u00eas, os escolhidos far\u00e3o uma carta de apresenta\u00e7\u00e3o defendendo sua participa\u00e7\u00e3o no evento. Com base nas informa\u00e7\u00f5es e nos seus\u00a0 curr\u00edculos, que ser\u00e3o anexados durante a inscri\u00e7\u00e3o, os candidatos ser\u00e3o selecionados e distribu\u00eddos em diferentes \u00e1reas no dia do evento, sendo as quais: tecnologias, jur\u00eddica e de neg\u00f3cios.<\/p>\n<p>No dia do evento, 28\/09, haver\u00e1 palestras abertas a todos os participantes pela manh\u00e3. Depois, com o p\u00fablico j\u00e1 separado em grupos, por \u00e1reas de atua\u00e7\u00e3o, os candidatos ser\u00e3o apresentados \u00e0s empresas. No per\u00edodo da tarde, ser\u00e3o realizadas oficinas ministradas pelos professores da Faculdade Positivo e convidados. As oficinas ser\u00e3o de din\u00e2micas em grupos, entrevistas, composi\u00e7\u00e3o de curr\u00edculos e elabora\u00e7\u00e3o de PITCH (apresenta\u00e7\u00e3o r\u00e1pida de um neg\u00f3cio, com a inten\u00e7\u00e3o de vender a ideia para potenciais investidores, clientes e parceiros).<\/p>\n<p>Durante as oficinas os participantes ser\u00e3o avaliados, e aqueles que forem escolhidos ter\u00e3o a oportunidade de estabelecer contato direto com representantes das empresas, em etapa que ir\u00e1 ocorrer no dia 30 de setembro. Neste dia, as empresas ir\u00e3o analisar o desempenho dos participantes nas oficinas, podendo contrat\u00e1-los ou n\u00e3o.<\/p>\n<p>Ao\u00a0 todo, 22 empresas estar\u00e3o presentes no Hackathon, divididas em tr\u00eas \u00e1reas distintas. Os organizadores pretendem selecionar aproximadamente 200 participantes para o evento, e 100 para as entrevistas com as empresas.<\/p>","excerpt":"","slug":"hackathon-de-carreiras","image":false,"all_day":false,"start_date":"2019-09-28 08:00:00","start_date_details":{"year":"2019","month":"09","day":"28","hour":"08","minutes":"00","seconds":"00"},"end_date":"2019-09-28 19:00:00","end_date_details":{"year":"2019","month":"09","day":"28","hour":"19","minutes":"00","seconds":"00"},"utc_start_date":"2019-09-28 11:00:00","utc_start_date_details":{"year":"2019","month":"09","day":"28","hour":"11","minutes":"00","seconds":"00"},"utc_end_date":"2019-09-28 22:00:00","utc_end_date_details":{"year":"2019","month":"09","day":"28","hour":"22","minutes":"00","seconds":"00"},"timezone":"America\/Sao_Paulo","timezone_abbr":"-03","cost":"","cost_details":{"currency_symbol":"","currency_position":"prefix","values":[]},"website":"","show_map":true,"show_map_link":true,"hide_from_listings":false,"sticky":false,"featured":false,"categories":[{"name":"A\u00e7\u00e3o Social","slug":"acao-social","term_group":0,"term_taxonomy_id":698,"taxonomy":"tribe_events_cat","description":"","parent":0,"count":30,"filter":"raw","id":698,"urls":{"self":"https:\/\/blog.londrina.pr.gov.br\/index.php?rest_route=\/tribe\/events\/v1\/categories\/698","collection":"https:\/\/blog.londrina.pr.gov.br\/index.php?rest_route=\/tribe\/events\/v1\/categories"}},{"name":"Emprego e Renda","slug":"emprego","term_group":0,"term_taxonomy_id":813,"taxonomy":"tribe_events_cat","description":"","parent":0,"count":3,"filter":"raw","id":813,"urls":{"self":"https:\/\/blog.londrina.pr.gov.br\/index.php?rest_route=\/tribe\/events\/v1\/categories\/813","collection":"https:\/\/blog.londrina.pr.gov.br\/index.php?rest_route=\/tribe\/events\/v1\/categories"}}],"tags":[{"name":"codel","slug":"codel","term_group":0,"term_taxonomy_id":659,"taxonomy":"post_tag","description":"","parent":0,"count":666,"filter":"raw","id":659,"urls":{"self":"https:\/\/blog.londrina.pr.gov.br\/index.php?rest_route=\/tribe\/events\/v1\/tags\/659","collection":"https:\/\/blog.londrina.pr.gov.br\/index.php?rest_route=\/tribe\/events\/v1\/tags"}},{"name":"Faculdade Positivo","slug":"faculdade-positivo","term_group":0,"term_taxonomy_id":3927,"taxonomy":"post_tag","description":"","parent":0,"count":2,"filter":"raw","id":3927,"urls":{"self":"https:\/\/blog.londrina.pr.gov.br\/index.php?rest_route=\/tribe\/events\/v1\/tags\/3927","collection":"https:\/\/blog.londrina.pr.gov.br\/index.php?rest_route=\/tribe\/events\/v1\/tags"}},{"name":"Hackathon","slug":"hackathon","term_group":0,"term_taxonomy_id":1170,"taxonomy":"post_tag","description":"","parent":0,"count":7,"filter":"raw","id":1170,"urls":{"self":"https:\/\/blog.londrina.pr.gov.br\/index.php?rest_route=\/tribe\/events\/v1\/tags\/1170","collection":"https:\/\/blog.londrina.pr.gov.br\/index.php?rest_route=\/tribe\/events\/v1\/tags"}}],"venue":{"id":60771,"author":"115","status":"publish","date":"2019-09-03 17:47:21","date_utc":"2019-09-03 20:47:21","modified":"2019-09-03 17:47:21","modified_utc":"2019-09-03 20:47:21","url":"https:\/\/blog.londrina.pr.gov.br\/?tribe_venue=faculdade-positivo","venue":"Faculdade Positivo","slug":"faculdade-positivo","address":"Rua Prefeito Faria Lima, 400","city":"Londrina","country":"Brazil","province":"PR","zip":"86061-450","stateprovince":"PR","json_ld":{"@type":"Place","name":"Faculdade Positivo","description":"","url":"https:\/\/blog.londrina.pr.gov.br\/?tribe_venue=faculdade-positivo","address":{"@type":"PostalAddress","streetAddress":"Rua Prefeito Faria Lima, 400","addressLocality":"Londrina","addressRegion":"PR","postalCode":"86061-450","addressCountry":"Brazil"},"telephone":"","sameAs":""},"show_map":true,"show_map_link":true,"global_id":"blog.londrina.pr.gov.br?id=60771","global_id_lineage":["blog.londrina.pr.gov.br?id=60771"]},"organizer":[{"id":60772,"author":"115","status":"publish","date":"2019-09-03 17:47:21","date_utc":"2019-09-03 20:47:21","modified":"2019-09-03 17:47:21","modified_utc":"2019-09-03 20:47:21","url":"https:\/\/blog.londrina.pr.gov.br\/?tribe_organizer=faculdade-positivo","organizer":"Faculdade Positivo","slug":"faculdade-positivo","website":"https:\/\/universidade.up.edu.br\/","json_ld":{"@type":"Person","name":"Faculdade Positivo","description":"","url":"https:\/\/blog.londrina.pr.gov.br\/?tribe_organizer=faculdade-positivo","telephone":"","email":"","sameAs":"https:\/\/universidade.up.edu.br\/"},"global_id":"blog.londrina.pr.gov.br?id=60772","global_id_lineage":["blog.londrina.pr.gov.br?id=60772"]},{"id":60773,"author":"115","status":"publish","date":"2019-09-03 17:47:21","date_utc":"2019-09-03 20:47:21","modified":"2019-09-03 17:47:21","modified_utc":"2019-09-03 20:47:21","url":"https:\/\/blog.londrina.pr.gov.br\/?tribe_organizer=codel","organizer":"Codel","slug":"codel","phone":"3379-2300","website":"http:\/\/codel.londrina.pr.gov.br\/","json_ld":{"@type":"Person","name":"Codel","description":"","url":"https:\/\/blog.londrina.pr.gov.br\/?tribe_organizer=codel","telephone":"3379-2300","email":"","sameAs":"http:\/\/codel.londrina.pr.gov.br\/"},"global_id":"blog.londrina.pr.gov.br?id=60773","global_id_lineage":["blog.londrina.pr.gov.br?id=60773"]}],"json_ld":{"@context":"http:\/\/schema.org","@type":"Event","name":"Hackathon de Carreiras","description":"&lt;p&gt;O Hackathon de Carreiras, promovido pela Faculdade Positivo com patroc\u00ednio da Prefeitura de Londrina, por meio do Instituto de Desenvolvimento de Londrina (CODEL), est\u00e1 com inscri\u00e7\u00f5es abertas. A a\u00e7\u00e3o ser\u00e1 realizada no dia 28 de setembro, das 8h \u00e0s 19h , na Faculdade Positivo, com o objetivo de aproximar o p\u00fablico do mercado de trabalho, &hellip;&lt;\/p&gt;\\n","url":"https:\/\/blog.londrina.pr.gov.br\/?tribe_events=hackathon-de-carreiras","startDate":"2019-09-28T08:00:00-03:00","endDate":"2019-09-28T19:00:00-03:00","location":{"@type":"Place","name":"Faculdade Positivo","description":"","url":"https:\/\/blog.londrina.pr.gov.br\/?tribe_venue=faculdade-positivo","address":{"@type":"PostalAddress","streetAddress":"Rua Prefeito Faria Lima, 400","addressLocality":"Londrina","addressRegion":"PR","postalCode":"86061-450","addressCountry":"Brazil"},"telephone":"","sameAs":""},"organizer":{"@type":"Person","name":"Faculdade Positivo","description":"","url":"https:\/\/blog.londrina.pr.gov.br\/?tribe_organizer=faculdade-positivo","telephone":"","email":"","sameAs":"https:\/\/universidade.up.edu.br\/"},"performer":"Organization"}}