{"id":60811,"global_id":"blog.londrina.pr.gov.br?id=60811","global_id_lineage":["blog.londrina.pr.gov.br?id=60811"],"author":"115","status":"publish","date":"2019-09-04 14:16:44","date_utc":"2019-09-04 17:16:44","modified":"2019-09-04 14:16:44","modified_utc":"2019-09-04 17:16:44","url":"https:\/\/blog.londrina.pr.gov.br\/?tribe_events=semana-da-patria-em-londrina&eventDate=2019-09-04","rest_url":"https:\/\/blog.londrina.pr.gov.br\/index.php?rest_route=\/tribe\/events\/v1\/events\/60811","title":"Semana da P\u00e1tria em Londrina","description":"<p>As comemora\u00e7\u00f5es pela Semana da P\u00e1tria em Londrina s\u00e3o realizadas\u00a0em frente \u00e0 entrada principal da Prefeitura de Londrina, na Avenida Duque de Caxias, 635, Centro C\u00edvico Bento Munhoz da Rocha Neto.<\/p>\n<p>O evento, que celebra os 197 anos de Independ\u00eancia do Brasil, \u00e9 promovido pela Prefeitura de Londrina, por meio da Secretaria Municipal de Educa\u00e7\u00e3o, em parceria com demais secretarias e \u00f3rg\u00e3os governamentais, for\u00e7as de seguran\u00e7a e entidades da sociedade civil organizada. Diariamente, s\u00e3o hasteadas as bandeiras do Brasil, do Paran\u00e1 e de Londrina, com cantos do Hino Nacional Brasileiro e do Hino da Independ\u00eancia do Brasil.<\/p>","excerpt":"","slug":"semana-da-patria-em-londrina","image":false,"all_day":false,"start_date":"2019-09-04 09:00:00","start_date_details":{"year":"2019","month":"09","day":"04","hour":"09","minutes":"00","seconds":"00"},"end_date":"2019-09-04 10:00:00","end_date_details":{"year":"2019","month":"09","day":"04","hour":"10","minutes":"00","seconds":"00"},"utc_start_date":"2019-09-04 12:00:00","utc_start_date_details":{"year":"2019","month":"09","day":"04","hour":"12","minutes":"00","seconds":"00"},"utc_end_date":"2019-09-04 13:00:00","utc_end_date_details":{"year":"2019","month":"09","day":"04","hour":"13","minutes":"00","seconds":"00"},"timezone":"America\/Sao_Paulo","timezone_abbr":"-03","cost":"","cost_details":{"currency_symbol":"","currency_position":"prefix","values":[]},"website":"","show_map":true,"show_map_link":true,"hide_from_listings":false,"sticky":false,"featured":false,"categories":[{"name":"Cultura","slug":"cultura","term_group":0,"term_taxonomy_id":699,"taxonomy":"tribe_events_cat","description":"","parent":0,"count":123,"filter":"raw","id":699,"urls":{"self":"https:\/\/blog.londrina.pr.gov.br\/index.php?rest_route=\/tribe\/events\/v1\/categories\/699","collection":"https:\/\/blog.londrina.pr.gov.br\/index.php?rest_route=\/tribe\/events\/v1\/categories"}}],"tags":[{"name":"7 de setembro","slug":"7-de-setembro","term_group":0,"term_taxonomy_id":3419,"taxonomy":"post_tag","description":"","parent":0,"count":33,"filter":"raw","id":3419,"urls":{"self":"https:\/\/blog.londrina.pr.gov.br\/index.php?rest_route=\/tribe\/events\/v1\/tags\/3419","collection":"https:\/\/blog.londrina.pr.gov.br\/index.php?rest_route=\/tribe\/events\/v1\/tags"}},{"name":"Centro C\u00edvico","slug":"centro-civico","term_group":0,"term_taxonomy_id":2739,"taxonomy":"post_tag","description":"","parent":0,"count":31,"filter":"raw","id":2739,"urls":{"self":"https:\/\/blog.londrina.pr.gov.br\/index.php?rest_route=\/tribe\/events\/v1\/tags\/2739","collection":"https:\/\/blog.londrina.pr.gov.br\/index.php?rest_route=\/tribe\/events\/v1\/tags"}},{"name":"educa\u00e7\u00e3o","slug":"educacao","term_group":0,"term_taxonomy_id":28,"taxonomy":"post_tag","description":"","parent":0,"count":2121,"filter":"raw","id":28,"urls":{"self":"https:\/\/blog.londrina.pr.gov.br\/index.php?rest_route=\/tribe\/events\/v1\/tags\/28","collection":"https:\/\/blog.londrina.pr.gov.br\/index.php?rest_route=\/tribe\/events\/v1\/tags"}},{"name":"Independ\u00eancia do Brasil","slug":"independencia-do-brasil","term_group":0,"term_taxonomy_id":2738,"taxonomy":"post_tag","description":"","parent":0,"count":29,"filter":"raw","id":2738,"urls":{"self":"https:\/\/blog.londrina.pr.gov.br\/index.php?rest_route=\/tribe\/events\/v1\/tags\/2738","collection":"https:\/\/blog.londrina.pr.gov.br\/index.php?rest_route=\/tribe\/events\/v1\/tags"}},{"name":"Semana da P\u00e1tria","slug":"semana-da-patria","term_group":0,"term_taxonomy_id":2737,"taxonomy":"post_tag","description":"","parent":0,"count":37,"filter":"raw","id":2737,"urls":{"self":"https:\/\/blog.londrina.pr.gov.br\/index.php?rest_route=\/tribe\/events\/v1\/tags\/2737","collection":"https:\/\/blog.londrina.pr.gov.br\/index.php?rest_route=\/tribe\/events\/v1\/tags"}}],"venue":{"id":60815,"author":"115","status":"publish","date":"2019-09-04 14:16:44","date_utc":"2019-09-04 17:16:44","modified":"2019-09-04 14:16:44","modified_utc":"2019-09-04 17:16:44","url":"https:\/\/blog.londrina.pr.gov.br\/?tribe_venue=centro-civico-bento-munhoz-da-rocha-neto","venue":"Centro C\u00edvico Bento Munhoz da Rocha Neto","slug":"centro-civico-bento-munhoz-da-rocha-neto","address":"Avenida Duque de Caxias, 635","city":"Londrina","country":"Brazil","province":"PR","stateprovince":"PR","json_ld":{"@type":"Place","name":"Centro C\u00edvico Bento Munhoz da Rocha Neto","description":"","url":"https:\/\/blog.londrina.pr.gov.br\/?tribe_venue=centro-civico-bento-munhoz-da-rocha-neto","address":{"@type":"PostalAddress","streetAddress":"Avenida Duque de Caxias, 635","addressLocality":"Londrina","addressRegion":"PR","addressCountry":"Brazil"},"telephone":"","sameAs":""},"show_map":true,"show_map_link":true,"global_id":"blog.londrina.pr.gov.br?id=60815","global_id_lineage":["blog.londrina.pr.gov.br?id=60815"]},"organizer":[{"id":60816,"author":"115","status":"publish","date":"2019-09-04 14:16:44","date_utc":"2019-09-04 17:16:44","modified":"2019-09-04 14:16:44","modified_utc":"2019-09-04 17:16:44","url":"https:\/\/blog.londrina.pr.gov.br\/?tribe_organizer=prefeitura-de-londrina","organizer":"Prefeitura de Londrina","slug":"prefeitura-de-londrina","phone":"3372-4000","website":"www.londrina.pr.gov.br","json_ld":{"@type":"Person","name":"Prefeitura de Londrina","description":"","url":"https:\/\/blog.londrina.pr.gov.br\/?tribe_organizer=prefeitura-de-londrina","telephone":"3372-4000","email":"","sameAs":"http:\/\/www.londrina.pr.gov.br"},"global_id":"blog.londrina.pr.gov.br?id=60816","global_id_lineage":["blog.londrina.pr.gov.br?id=60816"]}],"json_ld":{"@context":"http:\/\/schema.org","@type":"Event","name":"Semana da P\u00e1tria em Londrina","description":"&lt;p&gt;As comemora\u00e7\u00f5es pela Semana da P\u00e1tria em Londrina s\u00e3o realizadas\u00a0em frente \u00e0 entrada principal da Prefeitura de Londrina, na Avenida Duque de Caxias, 635, Centro C\u00edvico Bento Munhoz da Rocha Neto. O evento, que celebra os 197 anos de Independ\u00eancia do Brasil, \u00e9 promovido pela Prefeitura de Londrina, por meio da Secretaria Municipal de Educa\u00e7\u00e3o, &hellip;&lt;\/p&gt;\\n","url":"https:\/\/blog.londrina.pr.gov.br\/?tribe_events=semana-da-patria-em-londrina&eventDate=2019-09-04","startDate":"2019-09-04T09:00:00-03:00","endDate":"2019-09-04T10:00:00-03:00","location":{"@type":"Place","name":"Centro C\u00edvico Bento Munhoz da Rocha Neto","description":"","url":"https:\/\/blog.londrina.pr.gov.br\/?tribe_venue=centro-civico-bento-munhoz-da-rocha-neto","address":{"@type":"PostalAddress","streetAddress":"Avenida Duque de Caxias, 635","addressLocality":"Londrina","addressRegion":"PR","addressCountry":"Brazil"},"telephone":"","sameAs":""},"organizer":{"@type":"Person","name":"Prefeitura de Londrina","description":"","url":"https:\/\/blog.londrina.pr.gov.br\/?tribe_organizer=prefeitura-de-londrina","telephone":"3372-4000","email":"","sameAs":"http:\/\/www.londrina.pr.gov.br"},"performer":"Organization"}}