{"id":62601,"global_id":"blog.londrina.pr.gov.br?id=62601","global_id_lineage":["blog.londrina.pr.gov.br?id=62601"],"author":"81","status":"publish","date":"2019-10-01 15:26:20","date_utc":"2019-10-01 18:26:20","modified":"2019-10-10 13:48:41","modified_utc":"2019-10-10 16:48:41","url":"https:\/\/blog.londrina.pr.gov.br\/?tribe_events=62601","rest_url":"https:\/\/blog.londrina.pr.gov.br\/index.php?rest_route=\/tribe\/events\/v1\/events\/62601","title":"6\u00ba Manifesto pela Paz em prol do desarmamento infantil","description":"<p>O Conselho Municipal de Cultura de Paz (Compaz), junto \u00e0 Organiza\u00e7\u00e3o N\u00e3o Governamental (ONG) Londrina Pazeando, ir\u00e1 realizar neste s\u00e1bado (5), \u00e0s 10h, o 6\u00ba Manifesto pela Paz em prol do desarmamento infantil, na Rua Rafael Lamastra, 36, no Conjunto Milton Gavetti (regi\u00e3o norte).<\/p>\n<p>O evento vai contar com a participa\u00e7\u00e3o da Pol\u00edcia Militar (PM), Conselho Municipal dos Direitos da Crian\u00e7a e Adolescente (CMDCA), membros do Ex\u00e9rcito, al\u00e9m de representantes do Londrina Pazeando e associa\u00e7\u00e3o de moradores da comunidade.<\/p>\n<p>A a\u00e7\u00e3o, que faz parte das atividades desenvolvidas pela Semana Municipal da Paz, \u00e9 realizada em conjunto com um evento promovido por uma loja de festas. Deste modo, das 8h at\u00e9 as 12h, no mesmo local, as crian\u00e7as poder\u00e3o aproveitar o dia\u00a0 com pipoca, algod\u00e3o doce, cama el\u00e1stica e outros brinquedos que ser\u00e3o disponibilizados gratuitamente.<\/p>","excerpt":"","slug":"62601","image":false,"all_day":false,"start_date":"2019-10-05 08:00:00","start_date_details":{"year":"2019","month":"10","day":"05","hour":"08","minutes":"00","seconds":"00"},"end_date":"2019-10-05 12:00:00","end_date_details":{"year":"2019","month":"10","day":"05","hour":"12","minutes":"00","seconds":"00"},"utc_start_date":"2019-10-05 11:00:00","utc_start_date_details":{"year":"2019","month":"10","day":"05","hour":"11","minutes":"00","seconds":"00"},"utc_end_date":"2019-10-05 15:00:00","utc_end_date_details":{"year":"2019","month":"10","day":"05","hour":"15","minutes":"00","seconds":"00"},"timezone":"America\/Sao_Paulo","timezone_abbr":"-03","cost":"","cost_details":{"currency_symbol":"","currency_position":"prefix","values":[]},"website":"","show_map":true,"show_map_link":true,"hide_from_listings":false,"sticky":false,"featured":false,"categories":[{"name":"A\u00e7\u00e3o Social","slug":"acao-social","term_group":0,"term_taxonomy_id":698,"taxonomy":"tribe_events_cat","description":"","parent":0,"count":30,"filter":"raw","id":698,"urls":{"self":"https:\/\/blog.londrina.pr.gov.br\/index.php?rest_route=\/tribe\/events\/v1\/categories\/698","collection":"https:\/\/blog.londrina.pr.gov.br\/index.php?rest_route=\/tribe\/events\/v1\/categories"}},{"name":"Cultura","slug":"cultura","term_group":0,"term_taxonomy_id":699,"taxonomy":"tribe_events_cat","description":"","parent":0,"count":123,"filter":"raw","id":699,"urls":{"self":"https:\/\/blog.londrina.pr.gov.br\/index.php?rest_route=\/tribe\/events\/v1\/categories\/699","collection":"https:\/\/blog.londrina.pr.gov.br\/index.php?rest_route=\/tribe\/events\/v1\/categories"}},{"name":"Infantil","slug":"infantil","term_group":0,"term_taxonomy_id":745,"taxonomy":"tribe_events_cat","description":"","parent":0,"count":19,"filter":"raw","id":745,"urls":{"self":"https:\/\/blog.londrina.pr.gov.br\/index.php?rest_route=\/tribe\/events\/v1\/categories\/745","collection":"https:\/\/blog.londrina.pr.gov.br\/index.php?rest_route=\/tribe\/events\/v1\/categories"}}],"tags":[{"name":"Arma n\u00e3o \u00e9 brinquedo","slug":"arma-nao-e-brinquedo","term_group":0,"term_taxonomy_id":1578,"taxonomy":"post_tag","description":"","parent":0,"count":12,"filter":"raw","id":1578,"urls":{"self":"https:\/\/blog.londrina.pr.gov.br\/index.php?rest_route=\/tribe\/events\/v1\/tags\/1578","collection":"https:\/\/blog.londrina.pr.gov.br\/index.php?rest_route=\/tribe\/events\/v1\/tags"}},{"name":"COMPAZ","slug":"compaz","term_group":0,"term_taxonomy_id":884,"taxonomy":"post_tag","description":"","parent":0,"count":135,"filter":"raw","id":884,"urls":{"self":"https:\/\/blog.londrina.pr.gov.br\/index.php?rest_route=\/tribe\/events\/v1\/tags\/884","collection":"https:\/\/blog.londrina.pr.gov.br\/index.php?rest_route=\/tribe\/events\/v1\/tags"}},{"name":"cultura de paz","slug":"cultura-de-paz","term_group":0,"term_taxonomy_id":739,"taxonomy":"post_tag","description":"","parent":0,"count":46,"filter":"raw","id":739,"urls":{"self":"https:\/\/blog.londrina.pr.gov.br\/index.php?rest_route=\/tribe\/events\/v1\/tags\/739","collection":"https:\/\/blog.londrina.pr.gov.br\/index.php?rest_route=\/tribe\/events\/v1\/tags"}},{"name":"Londrina Pazeando","slug":"londrina-pazeando","term_group":0,"term_taxonomy_id":886,"taxonomy":"post_tag","description":"","parent":0,"count":96,"filter":"raw","id":886,"urls":{"self":"https:\/\/blog.londrina.pr.gov.br\/index.php?rest_route=\/tribe\/events\/v1\/tags\/886","collection":"https:\/\/blog.londrina.pr.gov.br\/index.php?rest_route=\/tribe\/events\/v1\/tags"}},{"name":"Semana Municipal da Paz","slug":"semana-municipal-da-paz","term_group":0,"term_taxonomy_id":3809,"taxonomy":"post_tag","description":"","parent":0,"count":7,"filter":"raw","id":3809,"urls":{"self":"https:\/\/blog.londrina.pr.gov.br\/index.php?rest_route=\/tribe\/events\/v1\/tags\/3809","collection":"https:\/\/blog.londrina.pr.gov.br\/index.php?rest_route=\/tribe\/events\/v1\/tags"}}],"venue":{"id":62605,"author":"115","status":"publish","date":"2019-10-01 15:26:20","date_utc":"2019-10-01 18:26:20","modified":"2019-10-01 15:26:20","modified_utc":"2019-10-01 18:26:20","url":"https:\/\/blog.londrina.pr.gov.br\/?tribe_venue=rua-rafael-lamastra-36","venue":"Rua Rafael Lamastra, 36","slug":"rua-rafael-lamastra-36","address":"Rua Rafael Lamastra, 36","city":"Londrina","country":"Brazil","province":"PR","stateprovince":"PR","json_ld":{"@type":"Place","name":"Rua Rafael Lamastra, 36","description":"","url":"https:\/\/blog.londrina.pr.gov.br\/?tribe_venue=rua-rafael-lamastra-36","address":{"@type":"PostalAddress","streetAddress":"Rua Rafael Lamastra, 36","addressLocality":"Londrina","addressRegion":"PR","addressCountry":"Brazil"},"telephone":"","sameAs":""},"show_map":true,"show_map_link":true,"global_id":"blog.londrina.pr.gov.br?id=62605","global_id_lineage":["blog.londrina.pr.gov.br?id=62605"]},"organizer":[{"id":54747,"author":"115","status":"publish","date":"2019-06-03 17:02:39","date_utc":"2019-06-03 20:02:39","modified":"2019-06-03 17:02:39","modified_utc":"2019-06-03 20:02:39","url":"https:\/\/blog.londrina.pr.gov.br\/?tribe_organizer=conselho-municipal-de-cultura-de-paz","organizer":"Conselho Municipal de Cultura de Paz","slug":"conselho-municipal-de-cultura-de-paz","website":"http:\/\/www.londrina.pr.gov.br\/index.php?option=com_content&view=frontpageplus&Itemid=309","json_ld":{"@type":"Person","name":"Conselho Municipal de Cultura de Paz","description":"","url":"https:\/\/blog.londrina.pr.gov.br\/?tribe_organizer=conselho-municipal-de-cultura-de-paz","telephone":"","email":"","sameAs":"http:\/\/www.londrina.pr.gov.br\/index.php?option=com_content&#038;view=frontpageplus&#038;Itemid=309"},"global_id":"blog.londrina.pr.gov.br?id=54747","global_id_lineage":["blog.londrina.pr.gov.br?id=54747"]},{"id":54746,"author":"115","status":"publish","date":"2019-06-03 17:02:39","date_utc":"2019-06-03 20:02:39","modified":"2019-06-03 17:02:39","modified_utc":"2019-06-03 20:02:39","url":"https:\/\/blog.londrina.pr.gov.br\/?tribe_organizer=londrina-pazeando","organizer":"Londrina Pazeando","slug":"londrina-pazeando","website":"http:\/\/londrinapazeando.org.br\/","json_ld":{"@type":"Person","name":"Londrina Pazeando","description":"","url":"https:\/\/blog.londrina.pr.gov.br\/?tribe_organizer=londrina-pazeando","telephone":"","email":"","sameAs":"http:\/\/londrinapazeando.org.br\/"},"global_id":"blog.londrina.pr.gov.br?id=54746","global_id_lineage":["blog.londrina.pr.gov.br?id=54746"]}],"json_ld":{"@context":"http:\/\/schema.org","@type":"Event","name":"6\u00ba Manifesto pela Paz em prol do desarmamento infantil","description":"&lt;p&gt;O Conselho Municipal de Cultura de Paz (Compaz), junto \u00e0 Organiza\u00e7\u00e3o N\u00e3o Governamental (ONG) Londrina Pazeando, ir\u00e1 realizar neste s\u00e1bado (5), \u00e0s 10h, o 6\u00ba Manifesto pela Paz em prol do desarmamento infantil, na Rua Rafael Lamastra, 36, no Conjunto Milton Gavetti (regi\u00e3o norte). O evento vai contar com a participa\u00e7\u00e3o da Pol\u00edcia Militar (PM), &hellip;&lt;\/p&gt;\\n","url":"https:\/\/blog.londrina.pr.gov.br\/?tribe_events=62601","startDate":"2019-10-05T08:00:00-03:00","endDate":"2019-10-05T12:00:00-03:00","location":{"@type":"Place","name":"Rua Rafael Lamastra, 36","description":"","url":"https:\/\/blog.londrina.pr.gov.br\/?tribe_venue=rua-rafael-lamastra-36","address":{"@type":"PostalAddress","streetAddress":"Rua Rafael Lamastra, 36","addressLocality":"Londrina","addressRegion":"PR","addressCountry":"Brazil"},"telephone":"","sameAs":""},"organizer":{"@type":"Person","name":"Conselho Municipal de Cultura de Paz","description":"","url":"https:\/\/blog.londrina.pr.gov.br\/?tribe_organizer=conselho-municipal-de-cultura-de-paz","telephone":"","email":"","sameAs":"http:\/\/www.londrina.pr.gov.br\/index.php?option=com_content&#038;view=frontpageplus&#038;Itemid=309"},"performer":"Organization"}}