{"id":62608,"global_id":"blog.londrina.pr.gov.br?id=62608","global_id_lineage":["blog.londrina.pr.gov.br?id=62608"],"author":"81","status":"publish","date":"2019-10-01 15:46:11","date_utc":"2019-10-01 18:46:11","modified":"2019-10-01 15:46:11","modified_utc":"2019-10-01 18:46:11","url":"https:\/\/blog.londrina.pr.gov.br\/?tribe_events=2a-feira-dos-microempreendedores-individuais","rest_url":"https:\/\/blog.londrina.pr.gov.br\/index.php?rest_route=\/tribe\/events\/v1\/events\/62608","title":"2\u00aa Feira dos Microempreendedores Individuais","description":"<p>A 2\u00aa Feira dos Microempreendedores Individuais de Londrina tem como objetivo incentivar a formaliza\u00e7\u00e3o dos MEIs do munic\u00edpio e fomentar o com\u00e9rcio dos produtos e servi\u00e7os comercializados.<\/p>\n<p>A iniciativa \u00e9 do Instituto de Desenvolvimento de Londrina (CODEL), realizada pela Sala do Empreendedor, em parceria com o Servi\u00e7o Brasileiro de Apoio \u00e0s Micro e Pequenas Empresas (Sebrae). A primeira edi\u00e7\u00e3o, realizada em 2018, contou com a presen\u00e7a de 25 expositores de diversas \u00e1reas de atua\u00e7\u00e3o.<\/p>\n<p>Os interessados em participar podem se inscrever, de 7 a 25 de outubro, na Sala do Empreendedor, localizada no piso t\u00e9rreo da sede administrativa da Prefeitura. Os atendimentos s\u00e3o feitos de segunda a sexta, das 12h \u00e0s 18h. Poder\u00e3o participar os MEIs regularmente cadastrados em Londrina e que tenham participado, no per\u00edodo de 2018 e 2019, de consultoria, palestra ou curso promovido pela Sala do Empreendedor.<\/p>","excerpt":"","slug":"2a-feira-dos-microempreendedores-individuais","image":false,"all_day":false,"start_date":"2019-11-07 11:00:00","start_date_details":{"year":"2019","month":"11","day":"07","hour":"11","minutes":"00","seconds":"00"},"end_date":"2019-11-07 19:00:00","end_date_details":{"year":"2019","month":"11","day":"07","hour":"19","minutes":"00","seconds":"00"},"utc_start_date":"2019-11-07 14:00:00","utc_start_date_details":{"year":"2019","month":"11","day":"07","hour":"14","minutes":"00","seconds":"00"},"utc_end_date":"2019-11-07 22:00:00","utc_end_date_details":{"year":"2019","month":"11","day":"07","hour":"22","minutes":"00","seconds":"00"},"timezone":"America\/Sao_Paulo","timezone_abbr":"-03","cost":"","cost_details":{"currency_symbol":"","currency_position":"prefix","values":[]},"website":"","show_map":true,"show_map_link":true,"hide_from_listings":false,"sticky":false,"featured":false,"categories":[{"name":"Emprego e Renda","slug":"emprego","term_group":0,"term_taxonomy_id":813,"taxonomy":"tribe_events_cat","description":"","parent":0,"count":3,"filter":"raw","id":813,"urls":{"self":"https:\/\/blog.londrina.pr.gov.br\/index.php?rest_route=\/tribe\/events\/v1\/categories\/813","collection":"https:\/\/blog.londrina.pr.gov.br\/index.php?rest_route=\/tribe\/events\/v1\/categories"}}],"tags":[{"name":"codel","slug":"codel","term_group":0,"term_taxonomy_id":659,"taxonomy":"post_tag","description":"","parent":0,"count":666,"filter":"raw","id":659,"urls":{"self":"https:\/\/blog.londrina.pr.gov.br\/index.php?rest_route=\/tribe\/events\/v1\/tags\/659","collection":"https:\/\/blog.londrina.pr.gov.br\/index.php?rest_route=\/tribe\/events\/v1\/tags"}},{"name":"Feira dos Microempreendedores Individuais","slug":"feira-dos-microempreendedores-individuais","term_group":0,"term_taxonomy_id":4255,"taxonomy":"post_tag","description":"","parent":0,"count":6,"filter":"raw","id":4255,"urls":{"self":"https:\/\/blog.londrina.pr.gov.br\/index.php?rest_route=\/tribe\/events\/v1\/tags\/4255","collection":"https:\/\/blog.londrina.pr.gov.br\/index.php?rest_route=\/tribe\/events\/v1\/tags"}},{"name":"MEI","slug":"mei","term_group":0,"term_taxonomy_id":1373,"taxonomy":"post_tag","description":"","parent":0,"count":95,"filter":"raw","id":1373,"urls":{"self":"https:\/\/blog.londrina.pr.gov.br\/index.php?rest_route=\/tribe\/events\/v1\/tags\/1373","collection":"https:\/\/blog.londrina.pr.gov.br\/index.php?rest_route=\/tribe\/events\/v1\/tags"}},{"name":"Sala do Empreendedor","slug":"sala-do-empreendedor","term_group":0,"term_taxonomy_id":1376,"taxonomy":"post_tag","description":"","parent":0,"count":89,"filter":"raw","id":1376,"urls":{"self":"https:\/\/blog.londrina.pr.gov.br\/index.php?rest_route=\/tribe\/events\/v1\/tags\/1376","collection":"https:\/\/blog.londrina.pr.gov.br\/index.php?rest_route=\/tribe\/events\/v1\/tags"}},{"name":"SEBRAE","slug":"sebrae","term_group":0,"term_taxonomy_id":773,"taxonomy":"post_tag","description":"","parent":0,"count":150,"filter":"raw","id":773,"urls":{"self":"https:\/\/blog.londrina.pr.gov.br\/index.php?rest_route=\/tribe\/events\/v1\/tags\/773","collection":"https:\/\/blog.londrina.pr.gov.br\/index.php?rest_route=\/tribe\/events\/v1\/tags"}}],"venue":{"id":60815,"author":"115","status":"publish","date":"2019-09-04 14:16:44","date_utc":"2019-09-04 17:16:44","modified":"2019-09-04 14:16:44","modified_utc":"2019-09-04 17:16:44","url":"https:\/\/blog.londrina.pr.gov.br\/?tribe_venue=centro-civico-bento-munhoz-da-rocha-neto","venue":"Centro C\u00edvico Bento Munhoz da Rocha Neto","slug":"centro-civico-bento-munhoz-da-rocha-neto","address":"Avenida Duque de Caxias, 635","city":"Londrina","country":"Brazil","province":"PR","stateprovince":"PR","json_ld":{"@type":"Place","name":"Centro C\u00edvico Bento Munhoz da Rocha Neto","description":"","url":"https:\/\/blog.londrina.pr.gov.br\/?tribe_venue=centro-civico-bento-munhoz-da-rocha-neto","address":{"@type":"PostalAddress","streetAddress":"Avenida Duque de Caxias, 635","addressLocality":"Londrina","addressRegion":"PR","addressCountry":"Brazil"},"telephone":"","sameAs":""},"show_map":true,"show_map_link":true,"global_id":"blog.londrina.pr.gov.br?id=60815","global_id_lineage":["blog.londrina.pr.gov.br?id=60815"]},"organizer":[{"id":60773,"author":"115","status":"publish","date":"2019-09-03 17:47:21","date_utc":"2019-09-03 20:47:21","modified":"2019-09-03 17:47:21","modified_utc":"2019-09-03 20:47:21","url":"https:\/\/blog.londrina.pr.gov.br\/?tribe_organizer=codel","organizer":"Codel","slug":"codel","phone":"3379-2300","website":"http:\/\/codel.londrina.pr.gov.br\/","json_ld":{"@type":"Person","name":"Codel","description":"","url":"https:\/\/blog.londrina.pr.gov.br\/?tribe_organizer=codel","telephone":"3379-2300","email":"","sameAs":"http:\/\/codel.londrina.pr.gov.br\/"},"global_id":"blog.londrina.pr.gov.br?id=60773","global_id_lineage":["blog.londrina.pr.gov.br?id=60773"]}],"json_ld":{"@context":"http:\/\/schema.org","@type":"Event","name":"2\u00aa Feira dos Microempreendedores Individuais","description":"&lt;p&gt;A 2\u00aa Feira dos Microempreendedores Individuais de Londrina tem como objetivo incentivar a formaliza\u00e7\u00e3o dos MEIs do munic\u00edpio e fomentar o com\u00e9rcio dos produtos e servi\u00e7os comercializados. A iniciativa \u00e9 do Instituto de Desenvolvimento de Londrina (CODEL), realizada pela Sala do Empreendedor, em parceria com o Servi\u00e7o Brasileiro de Apoio \u00e0s Micro e Pequenas Empresas &hellip;&lt;\/p&gt;\\n","url":"https:\/\/blog.londrina.pr.gov.br\/?tribe_events=2a-feira-dos-microempreendedores-individuais","startDate":"2019-11-07T11:00:00-03:00","endDate":"2019-11-07T19:00:00-03:00","location":{"@type":"Place","name":"Centro C\u00edvico Bento Munhoz da Rocha Neto","description":"","url":"https:\/\/blog.londrina.pr.gov.br\/?tribe_venue=centro-civico-bento-munhoz-da-rocha-neto","address":{"@type":"PostalAddress","streetAddress":"Avenida Duque de Caxias, 635","addressLocality":"Londrina","addressRegion":"PR","addressCountry":"Brazil"},"telephone":"","sameAs":""},"organizer":{"@type":"Person","name":"Codel","description":"","url":"https:\/\/blog.londrina.pr.gov.br\/?tribe_organizer=codel","telephone":"3379-2300","email":"","sameAs":"http:\/\/codel.londrina.pr.gov.br\/"},"performer":"Organization"}}