{"id":63267,"global_id":"blog.londrina.pr.gov.br?id=63267","global_id_lineage":["blog.londrina.pr.gov.br?id=63267"],"author":"81","status":"publish","date":"2019-10-09 17:32:23","date_utc":"2019-10-09 20:32:23","modified":"2019-10-10 13:48:34","modified_utc":"2019-10-10 16:48:34","url":"https:\/\/blog.londrina.pr.gov.br\/?tribe_events=ka-f-ka-no-17o-festival-de-danca-de-londrina","rest_url":"https:\/\/blog.londrina.pr.gov.br\/index.php?rest_route=\/tribe\/events\/v1\/events\/63267","title":"KA-F-KA no 17\u00ba Festival de Dan\u00e7a de Londrina","description":"<p>O texto mais conhecido e estudado de Franz Kafka toca no fundo da hipocrisia humana e abre buracos nas m\u00e1scaras usadas para a prote\u00e7\u00e3o contra o que \u00e9 \u201cdiferente\u201d. Inspirada no universo visual de Kafka, a performance solo do iraniano Mehdi Farajpour, uma interpreta\u00e7\u00e3o livre do texto, remontando a hist\u00f3ria de todos e de ningu\u00e9m ao mostrar um homem perdido na rotina de sua vida, que acorda para descobrir que ele \u00e9 transformado em outro ser. Nesse universo de sentimentos, sofre de isolamento, solid\u00e3o, fome e dor, mas continua correndo por todas suas obriga\u00e7\u00f5es sociais-individuais. A apresenta\u00e7\u00e3o acontece nesta quarta-feira (9), \u00e0s 20h, no Teatro Ouro Verde, dentro da programa\u00e7\u00e3o do 17\u00ba Festival de Dan\u00e7a de Londrina<\/p>\n<p>KA-F-KA \u00e9 o trabalho mais autobiogr\u00e1fico de Farajpour, diretor art\u00edstico e core\u00f3grafo principal da Oriantheatre Dance Company, em termos de est\u00e9tica, movimento, ritmo e imagens. Nos diversos movimentos em cena, \u00e9 poss\u00edvel ver um dan\u00e7arino com a cabe\u00e7a estonteante, com contra\u00e7\u00f5es musculares, sem f\u00f4lego e desequilibrado pelo cansa\u00e7o, levantando quest\u00f5es como o que um corpo exausto tem para mostrar, ou, como um corpo oprimido pode dan\u00e7ar.<\/p>\n<p><strong>Servi\u00e7o:<\/strong><br \/>\nKA-F-KA<br \/>\nDia 09 de outubro (quarta-feira), 20h, no Teatro Ouro Verde (R. Maranh\u00e3o, 85)<br \/>\nClassifica\u00e7\u00e3o indicativa: 14 anos<br \/>\nIngressos: R$10 e R$5 (meia-entrada)<\/p>\n<p><strong>Bilheterias:<\/strong><br \/>\nSecretaria da Funcart<br \/>\nRua Senador Souza Naves, 2380<br \/>\nFone: (43) 3342-2362<br \/>\nHor\u00e1rio de funcionamento: de segunda a sexta-feira, das 9h30 \u00e0s 11h30 e das 13h \u00e0s 19h<\/p>\n<p><strong>Teatro Ouro Verde<\/strong><br \/>\nRua Maranh\u00e3o, 85<br \/>\nFone: (43) 3322-6381<br \/>\nHor\u00e1rio de funcionamento: das 14h at\u00e9 o in\u00edcio do espet\u00e1culo<\/p>\n<p><strong>Vendas on-line \u2013 Portal Sympla<\/strong><br \/>\nwww.portalsympla.com.br\/festivaldedancadelondrina<\/p>","excerpt":"","slug":"ka-f-ka-no-17o-festival-de-danca-de-londrina","image":false,"all_day":false,"start_date":"2019-10-09 20:00:00","start_date_details":{"year":"2019","month":"10","day":"09","hour":"20","minutes":"00","seconds":"00"},"end_date":"2019-10-09 22:00:00","end_date_details":{"year":"2019","month":"10","day":"09","hour":"22","minutes":"00","seconds":"00"},"utc_start_date":"2019-10-09 23:00:00","utc_start_date_details":{"year":"2019","month":"10","day":"09","hour":"23","minutes":"00","seconds":"00"},"utc_end_date":"2019-10-10 01:00:00","utc_end_date_details":{"year":"2019","month":"10","day":"10","hour":"01","minutes":"00","seconds":"00"},"timezone":"America\/Sao_Paulo","timezone_abbr":"-03","cost":"R$10","cost_details":{"currency_symbol":"R$","currency_position":"prefix","values":["10"]},"website":"www.festivaldedancadelondrina.art.br","show_map":true,"show_map_link":true,"hide_from_listings":false,"sticky":false,"featured":false,"categories":[{"name":"Cultura","slug":"cultura","term_group":0,"term_taxonomy_id":699,"taxonomy":"tribe_events_cat","description":"","parent":0,"count":123,"filter":"raw","id":699,"urls":{"self":"https:\/\/blog.londrina.pr.gov.br\/index.php?rest_route=\/tribe\/events\/v1\/categories\/699","collection":"https:\/\/blog.londrina.pr.gov.br\/index.php?rest_route=\/tribe\/events\/v1\/categories"}}],"tags":[{"name":"APD","slug":"apd","term_group":0,"term_taxonomy_id":4470,"taxonomy":"post_tag","description":"","parent":0,"count":1,"filter":"raw","id":4470,"urls":{"self":"https:\/\/blog.londrina.pr.gov.br\/index.php?rest_route=\/tribe\/events\/v1\/tags\/4470","collection":"https:\/\/blog.londrina.pr.gov.br\/index.php?rest_route=\/tribe\/events\/v1\/tags"}},{"name":"Casa de Cultura","slug":"casa-de-cultura","term_group":0,"term_taxonomy_id":4469,"taxonomy":"post_tag","description":"","parent":0,"count":8,"filter":"raw","id":4469,"urls":{"self":"https:\/\/blog.londrina.pr.gov.br\/index.php?rest_route=\/tribe\/events\/v1\/tags\/4469","collection":"https:\/\/blog.londrina.pr.gov.br\/index.php?rest_route=\/tribe\/events\/v1\/tags"}},{"name":"cultura","slug":"cultura","term_group":0,"term_taxonomy_id":42,"taxonomy":"post_tag","description":"","parent":0,"count":4449,"filter":"raw","id":42,"urls":{"self":"https:\/\/blog.londrina.pr.gov.br\/index.php?rest_route=\/tribe\/events\/v1\/tags\/42","collection":"https:\/\/blog.londrina.pr.gov.br\/index.php?rest_route=\/tribe\/events\/v1\/tags"}},{"name":"Festival de Dan\u00e7a","slug":"festival-de-danca","term_group":0,"term_taxonomy_id":4468,"taxonomy":"post_tag","description":"","parent":0,"count":10,"filter":"raw","id":4468,"urls":{"self":"https:\/\/blog.londrina.pr.gov.br\/index.php?rest_route=\/tribe\/events\/v1\/tags\/4468","collection":"https:\/\/blog.londrina.pr.gov.br\/index.php?rest_route=\/tribe\/events\/v1\/tags"}},{"name":"Profice","slug":"profice","term_group":0,"term_taxonomy_id":1802,"taxonomy":"post_tag","description":"","parent":0,"count":15,"filter":"raw","id":1802,"urls":{"self":"https:\/\/blog.londrina.pr.gov.br\/index.php?rest_route=\/tribe\/events\/v1\/tags\/1802","collection":"https:\/\/blog.londrina.pr.gov.br\/index.php?rest_route=\/tribe\/events\/v1\/tags"}},{"name":"promic","slug":"promic","term_group":0,"term_taxonomy_id":270,"taxonomy":"post_tag","description":"","parent":0,"count":1355,"filter":"raw","id":270,"urls":{"self":"https:\/\/blog.londrina.pr.gov.br\/index.php?rest_route=\/tribe\/events\/v1\/tags\/270","collection":"https:\/\/blog.londrina.pr.gov.br\/index.php?rest_route=\/tribe\/events\/v1\/tags"}},{"name":"UEL","slug":"uel","term_group":0,"term_taxonomy_id":31,"taxonomy":"post_tag","description":"","parent":0,"count":284,"filter":"raw","id":31,"urls":{"self":"https:\/\/blog.londrina.pr.gov.br\/index.php?rest_route=\/tribe\/events\/v1\/tags\/31","collection":"https:\/\/blog.londrina.pr.gov.br\/index.php?rest_route=\/tribe\/events\/v1\/tags"}}],"venue":{"id":52643,"author":"115","status":"publish","date":"2019-05-02 17:56:03","date_utc":"2019-05-02 20:56:03","modified":"2019-05-02 17:56:03","modified_utc":"2019-05-02 20:56:03","url":"https:\/\/blog.londrina.pr.gov.br\/?tribe_venue=cine-teatro-ouro-verde","venue":"Cine Teatro Ouro Verde","slug":"cine-teatro-ouro-verde","address":"RUA MARANH\u00c3O, 85, CENTRO","city":"Londrina","country":"Brazil","province":"PR","stateprovince":"PR","json_ld":{"@type":"Place","name":"Cine Teatro Ouro Verde","description":"","url":"https:\/\/blog.londrina.pr.gov.br\/?tribe_venue=cine-teatro-ouro-verde","address":{"@type":"PostalAddress","streetAddress":"RUA MARANH\u00c3O, 85, CENTRO","addressLocality":"Londrina","addressRegion":"PR","addressCountry":"Brazil"},"telephone":"","sameAs":""},"show_map":true,"show_map_link":true,"global_id":"blog.londrina.pr.gov.br?id=52643","global_id_lineage":["blog.londrina.pr.gov.br?id=52643"]},"organizer":[{"id":63270,"author":"115","status":"publish","date":"2019-10-09 17:32:24","date_utc":"2019-10-09 20:32:24","modified":"2019-10-09 17:32:24","modified_utc":"2019-10-09 20:32:24","url":"https:\/\/blog.londrina.pr.gov.br\/?tribe_organizer=17o-festival-de-danca-de-londrina","organizer":"17\u00ba Festival de Dan\u00e7a de Londrina","slug":"17o-festival-de-danca-de-londrina","website":"www.festivaldedancadelondrina.art.br","json_ld":{"@type":"Person","name":"17\u00ba Festival de Dan\u00e7a de Londrina","description":"","url":"https:\/\/blog.londrina.pr.gov.br\/?tribe_organizer=17o-festival-de-danca-de-londrina","telephone":"","email":"","sameAs":"http:\/\/www.festivaldedancadelondrina.art.br"},"global_id":"blog.londrina.pr.gov.br?id=63270","global_id_lineage":["blog.londrina.pr.gov.br?id=63270"]}],"json_ld":{"@context":"http:\/\/schema.org","@type":"Event","name":"KA-F-KA no 17\u00ba Festival de Dan\u00e7a de Londrina","description":"&lt;p&gt;O texto mais conhecido e estudado de Franz Kafka toca no fundo da hipocrisia humana e abre buracos nas m\u00e1scaras usadas para a prote\u00e7\u00e3o contra o que \u00e9 \u201cdiferente\u201d. Inspirada no universo visual de Kafka, a performance solo do iraniano Mehdi Farajpour, uma interpreta\u00e7\u00e3o livre do texto, remontando a hist\u00f3ria de todos e de ningu\u00e9m &hellip;&lt;\/p&gt;\\n","url":"https:\/\/blog.londrina.pr.gov.br\/?tribe_events=ka-f-ka-no-17o-festival-de-danca-de-londrina","startDate":"2019-10-09T20:00:00-03:00","endDate":"2019-10-09T22:00:00-03:00","location":{"@type":"Place","name":"Cine Teatro Ouro Verde","description":"","url":"https:\/\/blog.londrina.pr.gov.br\/?tribe_venue=cine-teatro-ouro-verde","address":{"@type":"PostalAddress","streetAddress":"RUA MARANH\u00c3O, 85, CENTRO","addressLocality":"Londrina","addressRegion":"PR","addressCountry":"Brazil"},"telephone":"","sameAs":""},"organizer":{"@type":"Person","name":"17\u00ba Festival de Dan\u00e7a de Londrina","description":"","url":"https:\/\/blog.londrina.pr.gov.br\/?tribe_organizer=17o-festival-de-danca-de-londrina","telephone":"","email":"","sameAs":"http:\/\/www.festivaldedancadelondrina.art.br"},"offers":{"@type":"Offer","price":"10","priceCurrency":"R$","url":"https:\/\/blog.londrina.pr.gov.br\/?tribe_events=ka-f-ka-no-17o-festival-de-danca-de-londrina","category":"primary","availability":"inStock","validFrom":"1970-01-01T00:00:00+00:00"},"performer":"Organization"}}