{"id":63274,"global_id":"blog.londrina.pr.gov.br?id=63274","global_id_lineage":["blog.londrina.pr.gov.br?id=63274"],"author":"81","status":"publish","date":"2019-10-09 17:42:04","date_utc":"2019-10-09 20:42:04","modified":"2019-10-09 17:42:04","modified_utc":"2019-10-09 20:42:04","url":"https:\/\/blog.londrina.pr.gov.br\/?tribe_events=1o-forum-dos-conselhos-municipais-do-meio-ambiente","rest_url":"https:\/\/blog.londrina.pr.gov.br\/index.php?rest_route=\/tribe\/events\/v1\/events\/63274","title":"1\u00ba F\u00f3rum dos Conselhos Municipais do Meio Ambiente","description":"<p>O 1\u00ba F\u00f3rum dos Conselhos Municipais do Meio Ambiente ser\u00e1 realizado em Londrina, no dia 14 de outubro, no Audit\u00f3rio Cyro Grossi, no Centro de Ci\u00eancias Biol\u00f3gicas (CCB) da Universidade Estadual de Londrina (UEL).<\/p>\n<p>O evento pretende reunir conselheiros municipais de meio ambiente de todo o Estado, secret\u00e1rios municipais e outros representantes do setor para discutir os problemas e levantar solu\u00e7\u00f5es.\u00a0Inscri\u00e7\u00f5es no <strong><a href=\"https:\/\/www.sympla.com.br\/consemmalondrina__612569\" target=\"_blank\" rel=\"noopener noreferrer\">https:\/\/www.sympla.com.br\/consemmalondrina__612569<\/a><\/strong><\/p>\n<p><strong>Programa\u00e7\u00e3o:<\/strong><br \/>\n08h00 \u2013 Credenciamento e recep\u00e7\u00e3o<br \/>\n09h30 \u2013 Abertura oficial<br \/>\n10h30 \u2013 Palestra Magna com Silvio Barros. Tema: \u201cDesafios da sustentabilidade na Agenda 2030 da ONU e o papel dos conselhos de meio ambiente\u201d.<br \/>\n11h15 \u2013 Palestra com Carlos Alexandre Silva. Tema: \u201cConselho de Meio Ambiente, legitimando a gest\u00e3o das cidades\u201d<br \/>\n12h00 \u2013 Almo\u00e7o<br \/>\n14h00 \u2013 talk show: \u201cCases de sucesso dos Conselhos Municipais\u201d<br \/>\n15h00 \u2013 Palestra com o advogado Luciano Tinoco Marchesini. Tema: \u201cResolu\u00e7\u00e3o de Conflito Ambiental\u201d<br \/>\n16h30 \u2013 Coffee break<br \/>\n17h00 \u2013 talk show: \u201cCases de sucesso dos Conselhos Municipais\u201d<br \/>\n18h00 \u2013 Palestra com Charles dos Santos. Tema: \u201cLondrina Capital da Natureza\u201d<\/p>","excerpt":"","slug":"1o-forum-dos-conselhos-municipais-do-meio-ambiente","image":false,"all_day":false,"start_date":"2019-10-14 08:00:00","start_date_details":{"year":"2019","month":"10","day":"14","hour":"08","minutes":"00","seconds":"00"},"end_date":"2019-10-14 18:00:00","end_date_details":{"year":"2019","month":"10","day":"14","hour":"18","minutes":"00","seconds":"00"},"utc_start_date":"2019-10-14 11:00:00","utc_start_date_details":{"year":"2019","month":"10","day":"14","hour":"11","minutes":"00","seconds":"00"},"utc_end_date":"2019-10-14 21:00:00","utc_end_date_details":{"year":"2019","month":"10","day":"14","hour":"21","minutes":"00","seconds":"00"},"timezone":"America\/Sao_Paulo","timezone_abbr":"-03","cost":"","cost_details":{"currency_symbol":"","currency_position":"prefix","values":[]},"website":"https:\/\/www.sympla.com.br\/consemmalondrina__612569","show_map":true,"show_map_link":true,"hide_from_listings":false,"sticky":false,"featured":false,"categories":[{"name":"Ci\u00eancia","slug":"ciencia","term_group":0,"term_taxonomy_id":816,"taxonomy":"tribe_events_cat","description":"","parent":0,"count":7,"filter":"raw","id":816,"urls":{"self":"https:\/\/blog.londrina.pr.gov.br\/index.php?rest_route=\/tribe\/events\/v1\/categories\/816","collection":"https:\/\/blog.londrina.pr.gov.br\/index.php?rest_route=\/tribe\/events\/v1\/categories"}},{"name":"Servidores","slug":"funcionalismo","term_group":0,"term_taxonomy_id":747,"taxonomy":"tribe_events_cat","description":"","parent":0,"count":25,"filter":"raw","id":747,"urls":{"self":"https:\/\/blog.londrina.pr.gov.br\/index.php?rest_route=\/tribe\/events\/v1\/categories\/747","collection":"https:\/\/blog.londrina.pr.gov.br\/index.php?rest_route=\/tribe\/events\/v1\/categories"}}],"tags":[{"name":"Conselhos Municipais do Meio Ambiente","slug":"conselhos-municipais-do-meio-ambiente","term_group":0,"term_taxonomy_id":4471,"taxonomy":"post_tag","description":"","parent":0,"count":1,"filter":"raw","id":4471,"urls":{"self":"https:\/\/blog.londrina.pr.gov.br\/index.php?rest_route=\/tribe\/events\/v1\/tags\/4471","collection":"https:\/\/blog.londrina.pr.gov.br\/index.php?rest_route=\/tribe\/events\/v1\/tags"}},{"name":"consemma","slug":"consemma","term_group":0,"term_taxonomy_id":497,"taxonomy":"post_tag","description":"","parent":0,"count":29,"filter":"raw","id":497,"urls":{"self":"https:\/\/blog.londrina.pr.gov.br\/index.php?rest_route=\/tribe\/events\/v1\/tags\/497","collection":"https:\/\/blog.londrina.pr.gov.br\/index.php?rest_route=\/tribe\/events\/v1\/tags"}},{"name":"meio ambiente","slug":"meio-ambiente","term_group":0,"term_taxonomy_id":333,"taxonomy":"post_tag","description":"","parent":0,"count":477,"filter":"raw","id":333,"urls":{"self":"https:\/\/blog.londrina.pr.gov.br\/index.php?rest_route=\/tribe\/events\/v1\/tags\/333","collection":"https:\/\/blog.londrina.pr.gov.br\/index.php?rest_route=\/tribe\/events\/v1\/tags"}}],"venue":{"id":63276,"author":"115","status":"publish","date":"2019-10-09 17:42:05","date_utc":"2019-10-09 20:42:05","modified":"2019-10-09 17:42:05","modified_utc":"2019-10-09 20:42:05","url":"https:\/\/blog.londrina.pr.gov.br\/?tribe_venue=auditorio-cyro-grossi","venue":"Audit\u00f3rio Cyro Grossi","slug":"auditorio-cyro-grossi","address":"Rodovia Celso Garcia Cid, PR-445, km 380","city":"Londrina","country":"Brazil","province":"PR","stateprovince":"PR","json_ld":{"@type":"Place","name":"Audit\u00f3rio Cyro Grossi","description":"","url":"https:\/\/blog.londrina.pr.gov.br\/?tribe_venue=auditorio-cyro-grossi","address":{"@type":"PostalAddress","streetAddress":"Rodovia Celso Garcia Cid, PR-445, km 380","addressLocality":"Londrina","addressRegion":"PR","addressCountry":"Brazil"},"telephone":"","sameAs":""},"show_map":true,"show_map_link":true,"global_id":"blog.londrina.pr.gov.br?id=63276","global_id_lineage":["blog.londrina.pr.gov.br?id=63276"]},"organizer":[{"id":63277,"author":"115","status":"publish","date":"2019-10-09 17:42:05","date_utc":"2019-10-09 20:42:05","modified":"2019-10-09 17:42:05","modified_utc":"2019-10-09 20:42:05","url":"https:\/\/blog.londrina.pr.gov.br\/?tribe_organizer=conselho-municipal-de-meio-ambiente","organizer":"Conselho Municipal de Meio Ambiente","slug":"conselho-municipal-de-meio-ambiente","website":"www.consemmalondrina.com.br","json_ld":{"@type":"Person","name":"Conselho Municipal de Meio Ambiente","description":"","url":"https:\/\/blog.londrina.pr.gov.br\/?tribe_organizer=conselho-municipal-de-meio-ambiente","telephone":"","email":"","sameAs":"http:\/\/www.consemmalondrina.com.br"},"global_id":"blog.londrina.pr.gov.br?id=63277","global_id_lineage":["blog.londrina.pr.gov.br?id=63277"]}],"json_ld":{"@context":"http:\/\/schema.org","@type":"Event","name":"1\u00ba F\u00f3rum dos Conselhos Municipais do Meio Ambiente","description":"&lt;p&gt;O 1\u00ba F\u00f3rum dos Conselhos Municipais do Meio Ambiente ser\u00e1 realizado em Londrina, no dia 14 de outubro, no Audit\u00f3rio Cyro Grossi, no Centro de Ci\u00eancias Biol\u00f3gicas (CCB) da Universidade Estadual de Londrina (UEL). O evento pretende reunir conselheiros municipais de meio ambiente de todo o Estado, secret\u00e1rios municipais e outros representantes do setor para &hellip;&lt;\/p&gt;\\n","url":"https:\/\/blog.londrina.pr.gov.br\/?tribe_events=1o-forum-dos-conselhos-municipais-do-meio-ambiente","startDate":"2019-10-14T08:00:00-03:00","endDate":"2019-10-14T18:00:00-03:00","location":{"@type":"Place","name":"Audit\u00f3rio Cyro Grossi","description":"","url":"https:\/\/blog.londrina.pr.gov.br\/?tribe_venue=auditorio-cyro-grossi","address":{"@type":"PostalAddress","streetAddress":"Rodovia Celso Garcia Cid, PR-445, km 380","addressLocality":"Londrina","addressRegion":"PR","addressCountry":"Brazil"},"telephone":"","sameAs":""},"organizer":{"@type":"Person","name":"Conselho Municipal de Meio Ambiente","description":"","url":"https:\/\/blog.londrina.pr.gov.br\/?tribe_organizer=conselho-municipal-de-meio-ambiente","telephone":"","email":"","sameAs":"http:\/\/www.consemmalondrina.com.br"},"performer":"Organization"}}