{"id":63311,"global_id":"blog.londrina.pr.gov.br?id=63311","global_id_lineage":["blog.londrina.pr.gov.br?id=63311"],"author":"81","status":"publish","date":"2019-10-10 13:42:36","date_utc":"2019-10-10 16:42:36","modified":"2019-10-10 13:48:25","modified_utc":"2019-10-10 16:48:25","url":"https:\/\/blog.londrina.pr.gov.br\/?tribe_events=danca-londrina","rest_url":"https:\/\/blog.londrina.pr.gov.br\/index.php?rest_route=\/tribe\/events\/v1\/events\/63311","title":"Dan\u00e7a Londrina","description":"<p>Como est\u00e1 a dan\u00e7a em Londrina? Quem s\u00e3o seus profissionais e o que est\u00e3o fazendo na \u00e1rea? Conhecer e dar espa\u00e7o para esses bailarinos mostrarem seu trabalho \u00e9 o objetivo do \u201cDan\u00e7a Londrina\u201d, mostra regional do 17\u00ba Festival de Dan\u00e7a de Londrina, que acontece nesta quinta-feira (10), \u00e0s 20 horas, no Teatro Ouro Verde. Ali\u00e1s, o Festival deve sua atual formata\u00e7\u00e3o \u00e0 mostra regional que, l\u00e1 no princ\u00edpio, ainda como \u201cTardes de Dan\u00e7a\u201d e \u201cMostra Est\u00edmulo\u201d, os artistas locais apresentavam seu trabalho e trocavam experi\u00eancias e conhecimentos. O Festival segue com programa\u00e7\u00e3o at\u00e9 dia 13 de outubro.<\/p>\n<p>A mostra re\u00fane pequenos n\u00fameros realizados por bailarinos independentes, grupos amadores, escolas de dan\u00e7a e projetos socioeducativos de Londrina, divulgando um recorte da atual produ\u00e7\u00e3o londrinense e de munic\u00edpios pr\u00f3ximos. Para o p\u00fablico \u2013 entre eles, professores, bailarinos e core\u00f3grafos do Brasil e do mundo \u2013 \u00e9 uma grande oportunidade de conhecer o trabalho do que est\u00e1 sendo feito por aqui: do street dance ao bal\u00e9 cl\u00e1ssico, do hip hop \u00e0s dan\u00e7as orientais.<\/p>\n<p><strong>Servi\u00e7o:<\/strong><br \/>\nDan\u00e7a Londrina<br \/>\nDia 10 de outubro (quinta-feira), \u00e0s 20h, no Teatro Ouro Verde (R. Maranh\u00e3o, 85)<br \/>\nClassifica\u00e7\u00e3o indicativa: Livre<br \/>\nIngressos: R$10 e R$5 (meia-entrada)<br \/>\nMais informa\u00e7\u00f5es: (43) 3342-2362<\/p>\n<p><strong>Bilheterias:<\/strong><br \/>\nSecretaria da Funcart<br \/>\nRua Senador Souza Naves, 2380<br \/>\nFone: (43) 3342-2362<br \/>\nHor\u00e1rio de funcionamento: de segunda a sexta-feira, das 9h30 \u00e0s 11h30 e das 13h \u00e0s 19h<\/p>\n<p><strong>Teatro Ouro Verde<\/strong><br \/>\nRua Maranh\u00e3o, 85<br \/>\nFone: (43) 3322-6381<br \/>\nHor\u00e1rio de funcionamento: das 14h at\u00e9 o in\u00edcio do espet\u00e1culo<\/p>\n<p>Vendas On-line \u2013 Portal Sympla<br \/>\n<strong><a href=\"http:\/\/www.portalsympla.com.br\/festivaldedancadelondrina\" target=\"_blank\" rel=\"noopener noreferrer\">www.portalsympla.com.br\/festivaldedancadelondrina<\/a>\u00a0<\/strong><\/p>\n<p>&nbsp;<\/p>","excerpt":"","slug":"danca-londrina","image":false,"all_day":false,"start_date":"2019-10-10 20:00:00","start_date_details":{"year":"2019","month":"10","day":"10","hour":"20","minutes":"00","seconds":"00"},"end_date":"2019-10-10 22:00:00","end_date_details":{"year":"2019","month":"10","day":"10","hour":"22","minutes":"00","seconds":"00"},"utc_start_date":"2019-10-10 23:00:00","utc_start_date_details":{"year":"2019","month":"10","day":"10","hour":"23","minutes":"00","seconds":"00"},"utc_end_date":"2019-10-11 01:00:00","utc_end_date_details":{"year":"2019","month":"10","day":"11","hour":"01","minutes":"00","seconds":"00"},"timezone":"America\/Sao_Paulo","timezone_abbr":"-03","cost":"R$10","cost_details":{"currency_symbol":"R$","currency_position":"prefix","values":["10"]},"website":"www.festivaldedancadelondrina.art.br ","show_map":true,"show_map_link":true,"hide_from_listings":false,"sticky":false,"featured":false,"categories":[{"name":"Cultura","slug":"cultura","term_group":0,"term_taxonomy_id":699,"taxonomy":"tribe_events_cat","description":"","parent":0,"count":123,"filter":"raw","id":699,"urls":{"self":"https:\/\/blog.londrina.pr.gov.br\/index.php?rest_route=\/tribe\/events\/v1\/categories\/699","collection":"https:\/\/blog.londrina.pr.gov.br\/index.php?rest_route=\/tribe\/events\/v1\/categories"}}],"tags":[{"name":"cultura","slug":"cultura","term_group":0,"term_taxonomy_id":42,"taxonomy":"post_tag","description":"","parent":0,"count":4449,"filter":"raw","id":42,"urls":{"self":"https:\/\/blog.londrina.pr.gov.br\/index.php?rest_route=\/tribe\/events\/v1\/tags\/42","collection":"https:\/\/blog.londrina.pr.gov.br\/index.php?rest_route=\/tribe\/events\/v1\/tags"}},{"name":"dan\u00e7a","slug":"danca","term_group":0,"term_taxonomy_id":1547,"taxonomy":"post_tag","description":"","parent":0,"count":103,"filter":"raw","id":1547,"urls":{"self":"https:\/\/blog.londrina.pr.gov.br\/index.php?rest_route=\/tribe\/events\/v1\/tags\/1547","collection":"https:\/\/blog.londrina.pr.gov.br\/index.php?rest_route=\/tribe\/events\/v1\/tags"}},{"name":"Festival de Dan\u00e7a de Londrina","slug":"festival-de-danca-de-londrina","term_group":0,"term_taxonomy_id":4243,"taxonomy":"post_tag","description":"","parent":0,"count":25,"filter":"raw","id":4243,"urls":{"self":"https:\/\/blog.londrina.pr.gov.br\/index.php?rest_route=\/tribe\/events\/v1\/tags\/4243","collection":"https:\/\/blog.londrina.pr.gov.br\/index.php?rest_route=\/tribe\/events\/v1\/tags"}},{"name":"Funcart","slug":"funcart","term_group":0,"term_taxonomy_id":41,"taxonomy":"post_tag","description":"","parent":0,"count":119,"filter":"raw","id":41,"urls":{"self":"https:\/\/blog.londrina.pr.gov.br\/index.php?rest_route=\/tribe\/events\/v1\/tags\/41","collection":"https:\/\/blog.londrina.pr.gov.br\/index.php?rest_route=\/tribe\/events\/v1\/tags"}},{"name":"promic","slug":"promic","term_group":0,"term_taxonomy_id":270,"taxonomy":"post_tag","description":"","parent":0,"count":1355,"filter":"raw","id":270,"urls":{"self":"https:\/\/blog.londrina.pr.gov.br\/index.php?rest_route=\/tribe\/events\/v1\/tags\/270","collection":"https:\/\/blog.londrina.pr.gov.br\/index.php?rest_route=\/tribe\/events\/v1\/tags"}},{"name":"UEL","slug":"uel","term_group":0,"term_taxonomy_id":31,"taxonomy":"post_tag","description":"","parent":0,"count":284,"filter":"raw","id":31,"urls":{"self":"https:\/\/blog.londrina.pr.gov.br\/index.php?rest_route=\/tribe\/events\/v1\/tags\/31","collection":"https:\/\/blog.londrina.pr.gov.br\/index.php?rest_route=\/tribe\/events\/v1\/tags"}}],"venue":{"id":52643,"author":"115","status":"publish","date":"2019-05-02 17:56:03","date_utc":"2019-05-02 20:56:03","modified":"2019-05-02 17:56:03","modified_utc":"2019-05-02 20:56:03","url":"https:\/\/blog.londrina.pr.gov.br\/?tribe_venue=cine-teatro-ouro-verde","venue":"Cine Teatro Ouro Verde","slug":"cine-teatro-ouro-verde","address":"RUA MARANH\u00c3O, 85, CENTRO","city":"Londrina","country":"Brazil","province":"PR","stateprovince":"PR","json_ld":{"@type":"Place","name":"Cine Teatro Ouro Verde","description":"","url":"https:\/\/blog.londrina.pr.gov.br\/?tribe_venue=cine-teatro-ouro-verde","address":{"@type":"PostalAddress","streetAddress":"RUA MARANH\u00c3O, 85, CENTRO","addressLocality":"Londrina","addressRegion":"PR","addressCountry":"Brazil"},"telephone":"","sameAs":""},"show_map":true,"show_map_link":true,"global_id":"blog.londrina.pr.gov.br?id=52643","global_id_lineage":["blog.londrina.pr.gov.br?id=52643"]},"organizer":[{"id":63270,"author":"115","status":"publish","date":"2019-10-09 17:32:24","date_utc":"2019-10-09 20:32:24","modified":"2019-10-09 17:32:24","modified_utc":"2019-10-09 20:32:24","url":"https:\/\/blog.londrina.pr.gov.br\/?tribe_organizer=17o-festival-de-danca-de-londrina","organizer":"17\u00ba Festival de Dan\u00e7a de Londrina","slug":"17o-festival-de-danca-de-londrina","website":"www.festivaldedancadelondrina.art.br","json_ld":{"@type":"Person","name":"17\u00ba Festival de Dan\u00e7a de Londrina","description":"","url":"https:\/\/blog.londrina.pr.gov.br\/?tribe_organizer=17o-festival-de-danca-de-londrina","telephone":"","email":"","sameAs":"http:\/\/www.festivaldedancadelondrina.art.br"},"global_id":"blog.londrina.pr.gov.br?id=63270","global_id_lineage":["blog.londrina.pr.gov.br?id=63270"]}],"json_ld":{"@context":"http:\/\/schema.org","@type":"Event","name":"Dan\u00e7a Londrina","description":"&lt;p&gt;Como est\u00e1 a dan\u00e7a em Londrina? Quem s\u00e3o seus profissionais e o que est\u00e3o fazendo na \u00e1rea? Conhecer e dar espa\u00e7o para esses bailarinos mostrarem seu trabalho \u00e9 o objetivo do \u201cDan\u00e7a Londrina\u201d, mostra regional do 17\u00ba Festival de Dan\u00e7a de Londrina, que acontece nesta quinta-feira (10), \u00e0s 20 horas, no Teatro Ouro Verde. Ali\u00e1s, &hellip;&lt;\/p&gt;\\n","url":"https:\/\/blog.londrina.pr.gov.br\/?tribe_events=danca-londrina","startDate":"2019-10-10T20:00:00-03:00","endDate":"2019-10-10T22:00:00-03:00","location":{"@type":"Place","name":"Cine Teatro Ouro Verde","description":"","url":"https:\/\/blog.londrina.pr.gov.br\/?tribe_venue=cine-teatro-ouro-verde","address":{"@type":"PostalAddress","streetAddress":"RUA MARANH\u00c3O, 85, CENTRO","addressLocality":"Londrina","addressRegion":"PR","addressCountry":"Brazil"},"telephone":"","sameAs":""},"organizer":{"@type":"Person","name":"17\u00ba Festival de Dan\u00e7a de Londrina","description":"","url":"https:\/\/blog.londrina.pr.gov.br\/?tribe_organizer=17o-festival-de-danca-de-londrina","telephone":"","email":"","sameAs":"http:\/\/www.festivaldedancadelondrina.art.br"},"offers":{"@type":"Offer","price":"10","priceCurrency":"R$","url":"https:\/\/blog.londrina.pr.gov.br\/?tribe_events=danca-londrina","category":"primary","availability":"inStock","validFrom":"1970-01-01T00:00:00+00:00"},"performer":"Organization"}}