{"id":63327,"global_id":"blog.londrina.pr.gov.br?id=63327","global_id_lineage":["blog.londrina.pr.gov.br?id=63327"],"author":"81","status":"publish","date":"2019-10-10 14:03:13","date_utc":"2019-10-10 17:03:13","modified":"2019-10-11 16:31:57","modified_utc":"2019-10-11 19:31:57","url":"https:\/\/blog.londrina.pr.gov.br\/?tribe_events=feira-de-saude-no-jardim-leonor","rest_url":"https:\/\/blog.londrina.pr.gov.br\/index.php?rest_route=\/tribe\/events\/v1\/events\/63327","title":"Feira de Sa\u00fade no Jardim Leonor","description":"<p>A Unidade B\u00e1sica de Sa\u00fade (UBS) do Jardim Leonor vai promover uma Feira de Sa\u00fade, nesta sexta-feira (11), das 8h30 \u00e0s 11 horas, no sal\u00e3o paroquial da Par\u00f3quia S\u00e3o Jos\u00e9 Oper\u00e1rio, na Rua Ruy Virmond Carnascialli, pr\u00f3ximo \u00e0 unidade.<\/p>\n<p>A partir das 8 horas, haver\u00e1 alongamento com a fisioterapeuta, em frente ao sal\u00e3o paroquial. Dentro da igreja, ser\u00e3o montadas diversas esta\u00e7\u00f5es com servi\u00e7os de sa\u00fade: informa\u00e7\u00f5es de combate \u00e0 dengue, preven\u00e7\u00e3o do c\u00e2ncer de mama e agendamento de exame preventivo do c\u00e2ncer de colo de \u00fatero, verifica\u00e7\u00e3o de press\u00e3o arterial, orienta\u00e7\u00e3o nutricional e odontol\u00f3gica.\u00a0Para as crian\u00e7as, haver\u00e1 piscina de bolinha, cama el\u00e1stica e brincadeiras. Tamb\u00e9m ser\u00e3o servidos algod\u00e3o doce, pipoca, cachorro quente e docinhos para comemorar o Dia das Crian\u00e7as, celebrado neste s\u00e1bado (12).<\/p>","excerpt":"","slug":"feira-de-saude-no-jardim-leonor","image":false,"all_day":false,"start_date":"2019-10-11 08:00:00","start_date_details":{"year":"2019","month":"10","day":"11","hour":"08","minutes":"00","seconds":"00"},"end_date":"2019-10-11 11:00:00","end_date_details":{"year":"2019","month":"10","day":"11","hour":"11","minutes":"00","seconds":"00"},"utc_start_date":"2019-10-11 11:00:00","utc_start_date_details":{"year":"2019","month":"10","day":"11","hour":"11","minutes":"00","seconds":"00"},"utc_end_date":"2019-10-11 14:00:00","utc_end_date_details":{"year":"2019","month":"10","day":"11","hour":"14","minutes":"00","seconds":"00"},"timezone":"America\/Sao_Paulo","timezone_abbr":"-03","cost":"","cost_details":{"currency_symbol":"","currency_position":"prefix","values":[]},"website":"","show_map":true,"show_map_link":true,"hide_from_listings":false,"sticky":false,"featured":false,"categories":[{"name":"A\u00e7\u00e3o Social","slug":"acao-social","term_group":0,"term_taxonomy_id":698,"taxonomy":"tribe_events_cat","description":"","parent":0,"count":30,"filter":"raw","id":698,"urls":{"self":"https:\/\/blog.londrina.pr.gov.br\/index.php?rest_route=\/tribe\/events\/v1\/categories\/698","collection":"https:\/\/blog.londrina.pr.gov.br\/index.php?rest_route=\/tribe\/events\/v1\/categories"}},{"name":"Infantil","slug":"infantil","term_group":0,"term_taxonomy_id":745,"taxonomy":"tribe_events_cat","description":"","parent":0,"count":19,"filter":"raw","id":745,"urls":{"self":"https:\/\/blog.londrina.pr.gov.br\/index.php?rest_route=\/tribe\/events\/v1\/categories\/745","collection":"https:\/\/blog.londrina.pr.gov.br\/index.php?rest_route=\/tribe\/events\/v1\/categories"}},{"name":"Sa\u00fade","slug":"saude","term_group":0,"term_taxonomy_id":1005,"taxonomy":"tribe_events_cat","description":"","parent":0,"count":19,"filter":"raw","id":1005,"urls":{"self":"https:\/\/blog.londrina.pr.gov.br\/index.php?rest_route=\/tribe\/events\/v1\/categories\/1005","collection":"https:\/\/blog.londrina.pr.gov.br\/index.php?rest_route=\/tribe\/events\/v1\/categories"}}],"tags":[{"name":"Dia das Crian\u00e7as","slug":"dia-das-criancas","term_group":0,"term_taxonomy_id":3288,"taxonomy":"post_tag","description":"","parent":0,"count":23,"filter":"raw","id":3288,"urls":{"self":"https:\/\/blog.londrina.pr.gov.br\/index.php?rest_route=\/tribe\/events\/v1\/tags\/3288","collection":"https:\/\/blog.londrina.pr.gov.br\/index.php?rest_route=\/tribe\/events\/v1\/tags"}},{"name":"Feira de Sa\u00fade","slug":"feira-de-saude","term_group":0,"term_taxonomy_id":4450,"taxonomy":"post_tag","description":"","parent":0,"count":2,"filter":"raw","id":4450,"urls":{"self":"https:\/\/blog.londrina.pr.gov.br\/index.php?rest_route=\/tribe\/events\/v1\/tags\/4450","collection":"https:\/\/blog.londrina.pr.gov.br\/index.php?rest_route=\/tribe\/events\/v1\/tags"}},{"name":"sa\u00fade","slug":"saude","term_group":0,"term_taxonomy_id":58,"taxonomy":"post_tag","description":"","parent":0,"count":3161,"filter":"raw","id":58,"urls":{"self":"https:\/\/blog.londrina.pr.gov.br\/index.php?rest_route=\/tribe\/events\/v1\/tags\/58","collection":"https:\/\/blog.londrina.pr.gov.br\/index.php?rest_route=\/tribe\/events\/v1\/tags"}},{"name":"UBS Jardim Leonor","slug":"ubs-jardim-leonor","term_group":0,"term_taxonomy_id":4491,"taxonomy":"post_tag","description":"","parent":0,"count":1,"filter":"raw","id":4491,"urls":{"self":"https:\/\/blog.londrina.pr.gov.br\/index.php?rest_route=\/tribe\/events\/v1\/tags\/4491","collection":"https:\/\/blog.londrina.pr.gov.br\/index.php?rest_route=\/tribe\/events\/v1\/tags"}}],"venue":{"id":63333,"author":"115","status":"publish","date":"2019-10-10 14:03:14","date_utc":"2019-10-10 17:03:14","modified":"2019-10-10 14:03:14","modified_utc":"2019-10-10 17:03:14","url":"https:\/\/blog.londrina.pr.gov.br\/?tribe_venue=paroquia-sao-jose-operario","venue":"Par\u00f3quia S\u00e3o Jos\u00e9 Oper\u00e1rio","slug":"paroquia-sao-jose-operario","address":"Rua Ruy Virmond Carnascialli, 486","city":"Londrina","country":"Brazil","province":"PR","zip":"86071-260","phone":"3338-5333","stateprovince":"PR","json_ld":{"@type":"Place","name":"Par\u00f3quia S\u00e3o Jos\u00e9 Oper\u00e1rio","description":"","url":"https:\/\/blog.londrina.pr.gov.br\/?tribe_venue=paroquia-sao-jose-operario","address":{"@type":"PostalAddress","streetAddress":"Rua Ruy Virmond Carnascialli, 486","addressLocality":"Londrina","addressRegion":"PR","postalCode":"86071-260","addressCountry":"Brazil"},"telephone":"3338-5333","sameAs":""},"show_map":true,"show_map_link":true,"global_id":"blog.londrina.pr.gov.br?id=63333","global_id_lineage":["blog.londrina.pr.gov.br?id=63333"]},"organizer":[{"id":49275,"author":"115","status":"publish","date":"2019-03-15 14:28:40","date_utc":"2019-03-15 17:28:40","modified":"2019-03-15 14:28:40","modified_utc":"2019-03-15 17:28:40","url":"https:\/\/blog.londrina.pr.gov.br\/?tribe_organizer=secretaria-municipal-de-saude","organizer":"Secretaria Municipal de Sa\u00fade","slug":"secretaria-municipal-de-saude","phone":"3372-9430","json_ld":{"@type":"Person","name":"Secretaria Municipal de Sa\u00fade","description":"","url":"https:\/\/blog.londrina.pr.gov.br\/?tribe_organizer=secretaria-municipal-de-saude","telephone":"3372-9430","email":"","sameAs":""},"global_id":"blog.londrina.pr.gov.br?id=49275","global_id_lineage":["blog.londrina.pr.gov.br?id=49275"]}],"json_ld":{"@context":"http:\/\/schema.org","@type":"Event","name":"Feira de Sa\u00fade no Jardim Leonor","description":"&lt;p&gt;A Unidade B\u00e1sica de Sa\u00fade (UBS) do Jardim Leonor vai promover uma Feira de Sa\u00fade, nesta sexta-feira (11), das 8h30 \u00e0s 11 horas, no sal\u00e3o paroquial da Par\u00f3quia S\u00e3o Jos\u00e9 Oper\u00e1rio, na Rua Ruy Virmond Carnascialli, pr\u00f3ximo \u00e0 unidade. A partir das 8 horas, haver\u00e1 alongamento com a fisioterapeuta, em frente ao sal\u00e3o paroquial. Dentro &hellip;&lt;\/p&gt;\\n","url":"https:\/\/blog.londrina.pr.gov.br\/?tribe_events=feira-de-saude-no-jardim-leonor","startDate":"2019-10-11T08:00:00-03:00","endDate":"2019-10-11T11:00:00-03:00","location":{"@type":"Place","name":"Par\u00f3quia S\u00e3o Jos\u00e9 Oper\u00e1rio","description":"","url":"https:\/\/blog.londrina.pr.gov.br\/?tribe_venue=paroquia-sao-jose-operario","address":{"@type":"PostalAddress","streetAddress":"Rua Ruy Virmond Carnascialli, 486","addressLocality":"Londrina","addressRegion":"PR","postalCode":"86071-260","addressCountry":"Brazil"},"telephone":"3338-5333","sameAs":""},"organizer":{"@type":"Person","name":"Secretaria Municipal de Sa\u00fade","description":"","url":"https:\/\/blog.londrina.pr.gov.br\/?tribe_organizer=secretaria-municipal-de-saude","telephone":"3372-9430","email":"","sameAs":""},"performer":"Organization"}}