{"id":63465,"global_id":"blog.londrina.pr.gov.br?id=63465","global_id_lineage":["blog.londrina.pr.gov.br?id=63465"],"author":"81","status":"publish","date":"2019-10-11 16:04:08","date_utc":"2019-10-11 19:04:08","modified":"2019-10-11 16:30:53","modified_utc":"2019-10-11 19:30:53","url":"https:\/\/blog.londrina.pr.gov.br\/?tribe_events=7o-festival-hip-hope-vermelho&eventDate=2019-10-11","rest_url":"https:\/\/blog.londrina.pr.gov.br\/index.php?rest_route=\/tribe\/events\/v1\/events\/63465","title":"7\u00ba Festival Hip Hop\u00e9 Vermelho","description":"<p>Com o intuito de promover a troca de experi\u00eancias e dar espa\u00e7o a novos talentos, tem in\u00edcio na sexta-feira (11) a s\u00e9tima edi\u00e7\u00e3o do Festival Hip Hop\u00e9 Vermelho, um grande encontro nacional que celebra a cultura hip hop. O evento segue at\u00e9 domingo (13), com uma programa\u00e7\u00e3o repleta de dan\u00e7as, oficinas, apresenta\u00e7\u00f5es e batalhas competitivas.<\/p>\n<p>O 7\u00ba Festival Hip Hop\u00e9 Vermelho \u00e9 patrocinado pela Secretaria Municipal de Cultura, por meio do Programa Municipal de Incentivo \u00e0 Cultura (PROMIC), e tem o apoio da Vila Cultural Cemit\u00e9rio de Autom\u00f3veis, Cerveja Amadeus, Folha de Londrina e Bar Valentino.<\/p>\n<p><strong>Programa\u00e7\u00e3o \u2013<\/strong>\u00a0Dando in\u00edcio \u00e0s atividades, nesta noite, \u00e0s 18 horas, a DJ B\u00e1rbara Brum ministra um workshop para Manas &amp; Minas, no Mercad\u00e3o da Prochet, localizado na Avenida Harry Prochet, 305, no Jardim Mediterr\u00e2neo. Mais tarde, \u00e0s 22 horas, o Bar Valentino recebe a discotecagem Soul Trainp\u00e9 Vermelho, com os DJ\u2019s B\u00e1rbara Brum, MF, RockMaster e Fran&amp;Rei. O estabelecimento fica na Rua Prefeito Faria Lima, 486, no Jardim Maring\u00e1.<\/p>\n<p>No s\u00e1bado (12), as atividades continuam na Vila Cultural Cemit\u00e9rio de Autom\u00f3veis, que fica na Avenida Arthur Thomas, 342, Rodocentro. Das 9h \u00e0s 17h, ser\u00e3o realizados a Feira Hip Hop, os Workshops Sass\u00e1 e Fran Manson, e as Batalhas Breaking 2\u00d72 e All Style. \u00c0s 20 horas, o Teatro M\u00e3e de Deus, localizado na Avenida Rio de Janeiro, 670, recebe as semifinais e finais das\u00a0 \u00a0e tamb\u00e9m as competi\u00e7\u00f5es coreogr\u00e1ficas dos grupos de dan\u00e7as urbanas, encerrando com a premia\u00e7\u00e3o. \u00c0s 23 horas, o Cemit\u00e9rio de Autom\u00f3veis realiza a Festa do Festival.<\/p>\n<p>O \u00faltimo dia do evento (13) acontece inteiramente na Vila Cultural, tamb\u00e9m das 9h \u00e0s 17h. A programa\u00e7\u00e3o conta com a Feira Hip Hop; os Workshops RockMaster, Raquel Canabeco e Smile; as Batalhas de MC\u2019s Lampi\u00e3o e Maria Bonita (em casal); e ainda, as finais das Batalhas All Style e Hip Hop. Ao final, haver\u00e1 a premia\u00e7\u00e3o dos vencedores.<\/p>","excerpt":"","slug":"7o-festival-hip-hope-vermelho","image":false,"all_day":false,"start_date":"2019-10-11 18:00:00","start_date_details":{"year":"2019","month":"10","day":"11","hour":"18","minutes":"00","seconds":"00"},"end_date":"2019-10-11 23:30:00","end_date_details":{"year":"2019","month":"10","day":"11","hour":"23","minutes":"30","seconds":"00"},"utc_start_date":"2019-10-11 21:00:00","utc_start_date_details":{"year":"2019","month":"10","day":"11","hour":"21","minutes":"00","seconds":"00"},"utc_end_date":"2019-10-12 02:30:00","utc_end_date_details":{"year":"2019","month":"10","day":"12","hour":"02","minutes":"30","seconds":"00"},"timezone":"America\/Sao_Paulo","timezone_abbr":"-03","cost":"","cost_details":{"currency_symbol":"","currency_position":"prefix","values":[]},"website":" https:\/\/www.facebook.com\/festivalhiphopevermelho\/","show_map":true,"show_map_link":true,"hide_from_listings":false,"sticky":false,"featured":false,"categories":[{"name":"Cultura","slug":"cultura","term_group":0,"term_taxonomy_id":699,"taxonomy":"tribe_events_cat","description":"","parent":0,"count":123,"filter":"raw","id":699,"urls":{"self":"https:\/\/blog.londrina.pr.gov.br\/index.php?rest_route=\/tribe\/events\/v1\/categories\/699","collection":"https:\/\/blog.londrina.pr.gov.br\/index.php?rest_route=\/tribe\/events\/v1\/categories"}}],"tags":[{"name":"Batalha de MC\u2019s","slug":"batalha-de-mcs","term_group":0,"term_taxonomy_id":4500,"taxonomy":"post_tag","description":"","parent":0,"count":2,"filter":"raw","id":4500,"urls":{"self":"https:\/\/blog.londrina.pr.gov.br\/index.php?rest_route=\/tribe\/events\/v1\/tags\/4500","collection":"https:\/\/blog.londrina.pr.gov.br\/index.php?rest_route=\/tribe\/events\/v1\/tags"}},{"name":"cultura","slug":"cultura","term_group":0,"term_taxonomy_id":42,"taxonomy":"post_tag","description":"","parent":0,"count":4449,"filter":"raw","id":42,"urls":{"self":"https:\/\/blog.londrina.pr.gov.br\/index.php?rest_route=\/tribe\/events\/v1\/tags\/42","collection":"https:\/\/blog.londrina.pr.gov.br\/index.php?rest_route=\/tribe\/events\/v1\/tags"}},{"name":"Festival Hip Hop\u00e9 Vermelho","slug":"festival-hip-hope-vermelho","term_group":0,"term_taxonomy_id":4441,"taxonomy":"post_tag","description":"","parent":0,"count":3,"filter":"raw","id":4441,"urls":{"self":"https:\/\/blog.londrina.pr.gov.br\/index.php?rest_route=\/tribe\/events\/v1\/tags\/4441","collection":"https:\/\/blog.londrina.pr.gov.br\/index.php?rest_route=\/tribe\/events\/v1\/tags"}},{"name":"promic","slug":"promic","term_group":0,"term_taxonomy_id":270,"taxonomy":"post_tag","description":"","parent":0,"count":1355,"filter":"raw","id":270,"urls":{"self":"https:\/\/blog.londrina.pr.gov.br\/index.php?rest_route=\/tribe\/events\/v1\/tags\/270","collection":"https:\/\/blog.londrina.pr.gov.br\/index.php?rest_route=\/tribe\/events\/v1\/tags"}}],"venue":{"id":49310,"author":"117","status":"publish","date":"2019-03-15 16:07:05","date_utc":"2019-03-15 19:07:05","modified":"2019-03-15 16:07:05","modified_utc":"2019-03-15 19:07:05","url":"https:\/\/blog.londrina.pr.gov.br\/?tribe_venue=vila-cultural-cemiterio-de-automoveis","venue":"Vila Cultural Cemit\u00e9rio de Autom\u00f3veis","slug":"vila-cultural-cemiterio-de-automoveis","address":"Avenida Arthur Thomas, 342","city":"Londrina","country":"Brazil","province":"PR","stateprovince":"PR","json_ld":{"@type":"Place","name":"Vila Cultural Cemit\u00e9rio de Autom\u00f3veis","description":"","url":"https:\/\/blog.londrina.pr.gov.br\/?tribe_venue=vila-cultural-cemiterio-de-automoveis","address":{"@type":"PostalAddress","streetAddress":"Avenida Arthur Thomas, 342","addressLocality":"Londrina","addressRegion":"PR","addressCountry":"Brazil"},"telephone":"","sameAs":""},"show_map":true,"show_map_link":true,"global_id":"blog.londrina.pr.gov.br?id=49310","global_id_lineage":["blog.londrina.pr.gov.br?id=49310"]},"organizer":[{"id":49239,"author":"112","status":"publish","date":"2019-03-15 11:38:02","date_utc":"2019-03-15 14:38:02","modified":"2019-03-15 11:38:02","modified_utc":"2019-03-15 14:38:02","url":"https:\/\/blog.londrina.pr.gov.br\/?tribe_organizer=secretaria-municipal-de-cultura","organizer":"Secretaria Municipal de Cultura","slug":"secretaria-municipal-de-cultura","website":"http:\/\/www1.londrina.pr.gov.br\/index.php?option=com_content&view=frontpageplus&Itemid=275","json_ld":{"@type":"Person","name":"Secretaria Municipal de Cultura","description":"","url":"https:\/\/blog.londrina.pr.gov.br\/?tribe_organizer=secretaria-municipal-de-cultura","telephone":"","email":"","sameAs":"http:\/\/www1.londrina.pr.gov.br\/index.php?option=com_content&#038;view=frontpageplus&#038;Itemid=275"},"global_id":"blog.londrina.pr.gov.br?id=49239","global_id_lineage":["blog.londrina.pr.gov.br?id=49239"]},{"id":49311,"author":"117","status":"publish","date":"2019-03-15 16:07:06","date_utc":"2019-03-15 19:07:06","modified":"2019-03-15 16:07:06","modified_utc":"2019-03-15 19:07:06","url":"https:\/\/blog.londrina.pr.gov.br\/?tribe_organizer=vila-cultural-cemiterio-de-automoveis","organizer":"Vila Cultural Cemit\u00e9rio de Autom\u00f3veis","slug":"vila-cultural-cemiterio-de-automoveis","json_ld":{"@type":"Person","name":"Vila Cultural Cemit\u00e9rio de Autom\u00f3veis","description":"","url":"https:\/\/blog.londrina.pr.gov.br\/?tribe_organizer=vila-cultural-cemiterio-de-automoveis","telephone":"","email":"","sameAs":""},"global_id":"blog.londrina.pr.gov.br?id=49311","global_id_lineage":["blog.londrina.pr.gov.br?id=49311"]}],"json_ld":{"@context":"http:\/\/schema.org","@type":"Event","name":"7\u00ba Festival Hip Hop\u00e9 Vermelho","description":"&lt;p&gt;Com o intuito de promover a troca de experi\u00eancias e dar espa\u00e7o a novos talentos, tem in\u00edcio na sexta-feira (11) a s\u00e9tima edi\u00e7\u00e3o do Festival Hip Hop\u00e9 Vermelho, um grande encontro nacional que celebra a cultura hip hop. O evento segue at\u00e9 domingo (13), com uma programa\u00e7\u00e3o repleta de dan\u00e7as, oficinas, apresenta\u00e7\u00f5es e batalhas competitivas. &hellip;&lt;\/p&gt;\\n","url":"https:\/\/blog.londrina.pr.gov.br\/?tribe_events=7o-festival-hip-hope-vermelho&eventDate=2019-10-11","startDate":"2019-10-11T18:00:00-03:00","endDate":"2019-10-11T23:30:00-03:00","location":{"@type":"Place","name":"Vila Cultural Cemit\u00e9rio de Autom\u00f3veis","description":"","url":"https:\/\/blog.londrina.pr.gov.br\/?tribe_venue=vila-cultural-cemiterio-de-automoveis","address":{"@type":"PostalAddress","streetAddress":"Avenida Arthur Thomas, 342","addressLocality":"Londrina","addressRegion":"PR","addressCountry":"Brazil"},"telephone":"","sameAs":""},"organizer":{"@type":"Person","name":"Secretaria Municipal de Cultura","description":"","url":"https:\/\/blog.londrina.pr.gov.br\/?tribe_organizer=secretaria-municipal-de-cultura","telephone":"","email":"","sameAs":"http:\/\/www1.londrina.pr.gov.br\/index.php?option=com_content&#038;view=frontpageplus&#038;Itemid=275"},"performer":"Organization"}}