{"id":63475,"global_id":"blog.londrina.pr.gov.br?id=63475","global_id_lineage":["blog.londrina.pr.gov.br?id=63475"],"author":"81","status":"publish","date":"2019-10-11 16:16:30","date_utc":"2019-10-11 19:16:30","modified":"2019-10-11 16:31:38","modified_utc":"2019-10-11 19:31:38","url":"https:\/\/blog.londrina.pr.gov.br\/?tribe_events=estou-sem-silencio-17o-festival-de-danca-de-londrina","rest_url":"https:\/\/blog.londrina.pr.gov.br\/index.php?rest_route=\/tribe\/events\/v1\/events\/63475","title":"Estou sem Sil\u00eancio &#8211; 17\u00ba Festival de Dan\u00e7a de Londrina","description":"<p>Idealizado pelo core\u00f3grafo Henrique Rodovalho, \u201cEstou sem Sil\u00eancio\u201d, nova cria\u00e7\u00e3o da Quasar Cia de Dan\u00e7a (Goi\u00e2nia-GO), estreia no circuito nacional neste s\u00e1bado (12), \u00e0s 20h, no Teatro Ouro Verde. A montagem \u00e9 uma ode \u00e0 mulher contempor\u00e2nea concebida parte de formato e proposta in\u00e9ditos na trajet\u00f3ria do c\u00e9lebre grupo goiano. A nova obra possui um elenco s\u00f3 de mulheres, com quatro bailarinas em cena, que adentram o universo feminino e abordam quest\u00f5es muito \u00edntimas das mulheres.<\/p>\n<p>A montagem do espet\u00e1culo foi produzida a partir da percep\u00e7\u00e3o de problemas sociais como viol\u00eancia dom\u00e9stica, machismo, feminic\u00eddio e abusos contra a mulher. Al\u00e9m disso, as experi\u00eancias de vida das bailarinas serviram de pano de fundo para compor os movimentos, numa dan\u00e7a contempor\u00e2nea que mescla movimentos sens\u00edveis e atitudes de firmeza.<\/p>\n<p><strong>17\u00ba Festival de Dan\u00e7a de Londrina<\/strong><\/p>\n<p><strong>Bilheterias:<\/strong><\/p>\n<p><strong>Secretaria da Funcart<\/strong><\/p>\n<p>Rua Senador Souza Naves, 2380<\/p>\n<p>Fone: (43) 3342-2362<\/p>\n<p>Hor\u00e1rio de funcionamento: de segunda a sexta-feira, das 9h30 \u00e0s 11h30 e das 13h \u00e0s 19h<\/p>\n<p><strong>Teatro Ouro Verde<\/strong><\/p>\n<p>Rua Maranh\u00e3o, 85<\/p>\n<p>Fone: (43) 3322-6381<\/p>\n<p>Hor\u00e1rio de funcionamento: das 16h at\u00e9 o in\u00edcio do espet\u00e1culo<\/p>\n<p><strong>Vendas Online \u2013 Portal Sympla<\/strong><\/p>\n<p><strong><a href=\"http:\/\/www.portalsympla.com.br\/festivaldedancadelondrina\" target=\"_blank\" rel=\"noopener noreferrer\">www.portalsympla.com.br\/festivaldedancadelondrina<\/a><\/strong><\/p>","excerpt":"","slug":"estou-sem-silencio-17o-festival-de-danca-de-londrina","image":false,"all_day":false,"start_date":"2019-10-12 20:00:00","start_date_details":{"year":"2019","month":"10","day":"12","hour":"20","minutes":"00","seconds":"00"},"end_date":"2019-10-12 22:00:00","end_date_details":{"year":"2019","month":"10","day":"12","hour":"22","minutes":"00","seconds":"00"},"utc_start_date":"2019-10-12 23:00:00","utc_start_date_details":{"year":"2019","month":"10","day":"12","hour":"23","minutes":"00","seconds":"00"},"utc_end_date":"2019-10-13 01:00:00","utc_end_date_details":{"year":"2019","month":"10","day":"13","hour":"01","minutes":"00","seconds":"00"},"timezone":"America\/Sao_Paulo","timezone_abbr":"-03","cost":"R$10","cost_details":{"currency_symbol":"R$","currency_position":"prefix","values":["10"]},"website":" www.festivaldedancadelondrina.art.br ","show_map":true,"show_map_link":true,"hide_from_listings":false,"sticky":false,"featured":false,"categories":[{"name":"Cultura","slug":"cultura","term_group":0,"term_taxonomy_id":699,"taxonomy":"tribe_events_cat","description":"","parent":0,"count":123,"filter":"raw","id":699,"urls":{"self":"https:\/\/blog.londrina.pr.gov.br\/index.php?rest_route=\/tribe\/events\/v1\/categories\/699","collection":"https:\/\/blog.londrina.pr.gov.br\/index.php?rest_route=\/tribe\/events\/v1\/categories"}}],"tags":[{"name":"Casa de Cultura","slug":"casa-de-cultura","term_group":0,"term_taxonomy_id":4469,"taxonomy":"post_tag","description":"","parent":0,"count":8,"filter":"raw","id":4469,"urls":{"self":"https:\/\/blog.londrina.pr.gov.br\/index.php?rest_route=\/tribe\/events\/v1\/tags\/4469","collection":"https:\/\/blog.londrina.pr.gov.br\/index.php?rest_route=\/tribe\/events\/v1\/tags"}},{"name":"cultura","slug":"cultura","term_group":0,"term_taxonomy_id":42,"taxonomy":"post_tag","description":"","parent":0,"count":4449,"filter":"raw","id":42,"urls":{"self":"https:\/\/blog.londrina.pr.gov.br\/index.php?rest_route=\/tribe\/events\/v1\/tags\/42","collection":"https:\/\/blog.londrina.pr.gov.br\/index.php?rest_route=\/tribe\/events\/v1\/tags"}},{"name":"Festival de Dan\u00e7a de Londrina","slug":"festival-de-danca-de-londrina","term_group":0,"term_taxonomy_id":4243,"taxonomy":"post_tag","description":"","parent":0,"count":25,"filter":"raw","id":4243,"urls":{"self":"https:\/\/blog.londrina.pr.gov.br\/index.php?rest_route=\/tribe\/events\/v1\/tags\/4243","collection":"https:\/\/blog.londrina.pr.gov.br\/index.php?rest_route=\/tribe\/events\/v1\/tags"}},{"name":"promic","slug":"promic","term_group":0,"term_taxonomy_id":270,"taxonomy":"post_tag","description":"","parent":0,"count":1355,"filter":"raw","id":270,"urls":{"self":"https:\/\/blog.londrina.pr.gov.br\/index.php?rest_route=\/tribe\/events\/v1\/tags\/270","collection":"https:\/\/blog.londrina.pr.gov.br\/index.php?rest_route=\/tribe\/events\/v1\/tags"}},{"name":"Teatro Ouro Verde","slug":"teatro-ouro-verde","term_group":0,"term_taxonomy_id":804,"taxonomy":"post_tag","description":"","parent":0,"count":23,"filter":"raw","id":804,"urls":{"self":"https:\/\/blog.londrina.pr.gov.br\/index.php?rest_route=\/tribe\/events\/v1\/tags\/804","collection":"https:\/\/blog.londrina.pr.gov.br\/index.php?rest_route=\/tribe\/events\/v1\/tags"}},{"name":"UEL","slug":"uel","term_group":0,"term_taxonomy_id":31,"taxonomy":"post_tag","description":"","parent":0,"count":284,"filter":"raw","id":31,"urls":{"self":"https:\/\/blog.londrina.pr.gov.br\/index.php?rest_route=\/tribe\/events\/v1\/tags\/31","collection":"https:\/\/blog.londrina.pr.gov.br\/index.php?rest_route=\/tribe\/events\/v1\/tags"}}],"venue":{"id":52643,"author":"115","status":"publish","date":"2019-05-02 17:56:03","date_utc":"2019-05-02 20:56:03","modified":"2019-05-02 17:56:03","modified_utc":"2019-05-02 20:56:03","url":"https:\/\/blog.londrina.pr.gov.br\/?tribe_venue=cine-teatro-ouro-verde","venue":"Cine Teatro Ouro Verde","slug":"cine-teatro-ouro-verde","address":"RUA MARANH\u00c3O, 85, CENTRO","city":"Londrina","country":"Brazil","province":"PR","stateprovince":"PR","json_ld":{"@type":"Place","name":"Cine Teatro Ouro Verde","description":"","url":"https:\/\/blog.londrina.pr.gov.br\/?tribe_venue=cine-teatro-ouro-verde","address":{"@type":"PostalAddress","streetAddress":"RUA MARANH\u00c3O, 85, CENTRO","addressLocality":"Londrina","addressRegion":"PR","addressCountry":"Brazil"},"telephone":"","sameAs":""},"show_map":true,"show_map_link":true,"global_id":"blog.londrina.pr.gov.br?id=52643","global_id_lineage":["blog.londrina.pr.gov.br?id=52643"]},"organizer":[{"id":63270,"author":"115","status":"publish","date":"2019-10-09 17:32:24","date_utc":"2019-10-09 20:32:24","modified":"2019-10-09 17:32:24","modified_utc":"2019-10-09 20:32:24","url":"https:\/\/blog.londrina.pr.gov.br\/?tribe_organizer=17o-festival-de-danca-de-londrina","organizer":"17\u00ba Festival de Dan\u00e7a de Londrina","slug":"17o-festival-de-danca-de-londrina","website":"www.festivaldedancadelondrina.art.br","json_ld":{"@type":"Person","name":"17\u00ba Festival de Dan\u00e7a de Londrina","description":"","url":"https:\/\/blog.londrina.pr.gov.br\/?tribe_organizer=17o-festival-de-danca-de-londrina","telephone":"","email":"","sameAs":"http:\/\/www.festivaldedancadelondrina.art.br"},"global_id":"blog.londrina.pr.gov.br?id=63270","global_id_lineage":["blog.londrina.pr.gov.br?id=63270"]}],"json_ld":{"@context":"http:\/\/schema.org","@type":"Event","name":"Estou sem Sil\u00eancio &#8211; 17\u00ba Festival de Dan\u00e7a de Londrina","description":"&lt;p&gt;Idealizado pelo core\u00f3grafo Henrique Rodovalho, \u201cEstou sem Sil\u00eancio\u201d, nova cria\u00e7\u00e3o da Quasar Cia de Dan\u00e7a (Goi\u00e2nia-GO), estreia no circuito nacional neste s\u00e1bado (12), \u00e0s 20h, no Teatro Ouro Verde. A montagem \u00e9 uma ode \u00e0 mulher contempor\u00e2nea concebida parte de formato e proposta in\u00e9ditos na trajet\u00f3ria do c\u00e9lebre grupo goiano. A nova obra possui um &hellip;&lt;\/p&gt;\\n","url":"https:\/\/blog.londrina.pr.gov.br\/?tribe_events=estou-sem-silencio-17o-festival-de-danca-de-londrina","startDate":"2019-10-12T20:00:00-03:00","endDate":"2019-10-12T22:00:00-03:00","location":{"@type":"Place","name":"Cine Teatro Ouro Verde","description":"","url":"https:\/\/blog.londrina.pr.gov.br\/?tribe_venue=cine-teatro-ouro-verde","address":{"@type":"PostalAddress","streetAddress":"RUA MARANH\u00c3O, 85, CENTRO","addressLocality":"Londrina","addressRegion":"PR","addressCountry":"Brazil"},"telephone":"","sameAs":""},"organizer":{"@type":"Person","name":"17\u00ba Festival de Dan\u00e7a de Londrina","description":"","url":"https:\/\/blog.londrina.pr.gov.br\/?tribe_organizer=17o-festival-de-danca-de-londrina","telephone":"","email":"","sameAs":"http:\/\/www.festivaldedancadelondrina.art.br"},"offers":{"@type":"Offer","price":"10","priceCurrency":"R$","url":"https:\/\/blog.londrina.pr.gov.br\/?tribe_events=estou-sem-silencio-17o-festival-de-danca-de-londrina","category":"primary","availability":"inStock","validFrom":"1970-01-01T00:00:00+00:00"},"performer":"Organization"}}