{"id":63481,"global_id":"blog.londrina.pr.gov.br?id=63481","global_id_lineage":["blog.londrina.pr.gov.br?id=63481"],"author":"81","status":"publish","date":"2019-10-11 16:21:25","date_utc":"2019-10-11 19:21:25","modified":"2019-10-11 16:30:29","modified_utc":"2019-10-11 19:30:29","url":"https:\/\/blog.londrina.pr.gov.br\/?tribe_events=empty-floor-17o-festival-de-danca-de-londrina","rest_url":"https:\/\/blog.londrina.pr.gov.br\/index.php?rest_route=\/tribe\/events\/v1\/events\/63481","title":"Empty Floor &#8211;  17\u00ba Festival de Dan\u00e7a de Londrina","description":"<p>Em tradu\u00e7\u00e3o literal para o portugu\u00eas, \u201cEmpty Floor\u201d significa \u201cCh\u00e3o Vazio\u201d, decorre do desejo de explorar o universo oculto e privado das pessoas que enfrentam a doen\u00e7a de Alzheimer. Com esta montagem, a imPerfect Dancers Company, da It\u00e1lia, pretende mostrar que, mesmo por tr\u00e1s da dor e constrangimento que a doen\u00e7a possa causar, tamb\u00e9m podem existir momentos de for\u00e7a e alegria. O grupo se apresenta neste domingo (13), \u00e0s 20h, no Teatro Ouro Verde.<\/p>\n<p>A ideia da montagem come\u00e7ou no International Dance Gala em Stuttgart, uma festa de arrecada\u00e7\u00e3o de fundos para a luta contra o Alzheimer, para a qual foi criado o projeto \u201cIstante\u201d que, posteriormente, serviu como base da pe\u00e7a. Em parceria com Associa\u00e7\u00e3o Italiana de Alzheimer em Pisa (A.I.M.A), tudo ganhou uma dimens\u00e3o ainda maior e o espet\u00e1culo passou a colaborar com associa\u00e7\u00f5es ou institui\u00e7\u00f5es de acolhimento aos idosos dos locais por onde passa.<\/p>\n<p>Por isso, no dia da apresenta\u00e7\u00e3o, al\u00e9m dos bailarinos da companhia, essas pessoas tamb\u00e9m sobem ao palco, tornando-se verdadeiros artistas que mostram seus sentimentos, medos e alegrias.<\/p>\n<p><strong>7\u00ba Festival de Dan\u00e7a de Londrina<\/strong><\/p>\n<p>Quando: de 3 a 13 de outubro<\/p>\n<p>Quanto: R$10 e R$5 (meia-entrada)<\/p>\n<p>Programa\u00e7\u00e3o completa:\u00a0<a href=\"http:\/\/www.festivaldedancadelondrina.art.br\/\">www.festivaldedancadelondrina.art.br<\/a><\/p>\n<p>Mais informa\u00e7\u00f5es: (43) 3342-2362<\/p>\n<p><strong>Bilheterias:<\/strong><\/p>\n<p><strong>Secretaria da Funcart<\/strong><\/p>\n<p>Rua Senador Souza Naves, 2380<\/p>\n<p>Fone: (43) 3342-2362<\/p>\n<p>Hor\u00e1rio de funcionamento: de segunda a sexta-feira, das 9h30 \u00e0s 11h30 e das 13h \u00e0s 19h<\/p>\n<p><strong>Teatro Ouro Verde<\/strong><\/p>\n<p>Rua Maranh\u00e3o, 85<\/p>\n<p>Fone: (43) 3322-6381<\/p>\n<p>Hor\u00e1rio de funcionamento: das 16h at\u00e9 o in\u00edcio do espet\u00e1culo<\/p>\n<p><strong>Vendas Online \u2013 Portal Sympla<\/strong><\/p>\n<p><a href=\"http:\/\/www.portalsympla.com.br\/festivaldedancadelondrina\">www.portalsympla.com.br\/festivaldedancadelondrina<\/a><\/p>","excerpt":"","slug":"empty-floor-17o-festival-de-danca-de-londrina","image":false,"all_day":false,"start_date":"2019-10-13 20:00:00","start_date_details":{"year":"2019","month":"10","day":"13","hour":"20","minutes":"00","seconds":"00"},"end_date":"2019-10-13 20:00:00","end_date_details":{"year":"2019","month":"10","day":"13","hour":"20","minutes":"00","seconds":"00"},"utc_start_date":"2019-10-13 23:00:00","utc_start_date_details":{"year":"2019","month":"10","day":"13","hour":"23","minutes":"00","seconds":"00"},"utc_end_date":"2019-10-13 23:00:00","utc_end_date_details":{"year":"2019","month":"10","day":"13","hour":"23","minutes":"00","seconds":"00"},"timezone":"America\/Sao_Paulo","timezone_abbr":"-03","cost":"R$10,00","cost_details":{"currency_symbol":"R$","currency_position":"prefix","values":["1000"]},"website":" www.festivaldedancadelondrina.art.br ","show_map":true,"show_map_link":true,"hide_from_listings":false,"sticky":false,"featured":false,"categories":[{"name":"Cultura","slug":"cultura","term_group":0,"term_taxonomy_id":699,"taxonomy":"tribe_events_cat","description":"","parent":0,"count":123,"filter":"raw","id":699,"urls":{"self":"https:\/\/blog.londrina.pr.gov.br\/index.php?rest_route=\/tribe\/events\/v1\/categories\/699","collection":"https:\/\/blog.londrina.pr.gov.br\/index.php?rest_route=\/tribe\/events\/v1\/categories"}}],"tags":[{"name":"cultura","slug":"cultura","term_group":0,"term_taxonomy_id":42,"taxonomy":"post_tag","description":"","parent":0,"count":4449,"filter":"raw","id":42,"urls":{"self":"https:\/\/blog.londrina.pr.gov.br\/index.php?rest_route=\/tribe\/events\/v1\/tags\/42","collection":"https:\/\/blog.londrina.pr.gov.br\/index.php?rest_route=\/tribe\/events\/v1\/tags"}},{"name":"Festival de Dan\u00e7a de Londrina","slug":"festival-de-danca-de-londrina","term_group":0,"term_taxonomy_id":4243,"taxonomy":"post_tag","description":"","parent":0,"count":25,"filter":"raw","id":4243,"urls":{"self":"https:\/\/blog.londrina.pr.gov.br\/index.php?rest_route=\/tribe\/events\/v1\/tags\/4243","collection":"https:\/\/blog.londrina.pr.gov.br\/index.php?rest_route=\/tribe\/events\/v1\/tags"}},{"name":"Funcart","slug":"funcart","term_group":0,"term_taxonomy_id":41,"taxonomy":"post_tag","description":"","parent":0,"count":119,"filter":"raw","id":41,"urls":{"self":"https:\/\/blog.londrina.pr.gov.br\/index.php?rest_route=\/tribe\/events\/v1\/tags\/41","collection":"https:\/\/blog.londrina.pr.gov.br\/index.php?rest_route=\/tribe\/events\/v1\/tags"}},{"name":"promic","slug":"promic","term_group":0,"term_taxonomy_id":270,"taxonomy":"post_tag","description":"","parent":0,"count":1355,"filter":"raw","id":270,"urls":{"self":"https:\/\/blog.londrina.pr.gov.br\/index.php?rest_route=\/tribe\/events\/v1\/tags\/270","collection":"https:\/\/blog.londrina.pr.gov.br\/index.php?rest_route=\/tribe\/events\/v1\/tags"}},{"name":"Teatro Ouro Verde","slug":"teatro-ouro-verde","term_group":0,"term_taxonomy_id":804,"taxonomy":"post_tag","description":"","parent":0,"count":23,"filter":"raw","id":804,"urls":{"self":"https:\/\/blog.londrina.pr.gov.br\/index.php?rest_route=\/tribe\/events\/v1\/tags\/804","collection":"https:\/\/blog.londrina.pr.gov.br\/index.php?rest_route=\/tribe\/events\/v1\/tags"}},{"name":"UEL","slug":"uel","term_group":0,"term_taxonomy_id":31,"taxonomy":"post_tag","description":"","parent":0,"count":284,"filter":"raw","id":31,"urls":{"self":"https:\/\/blog.londrina.pr.gov.br\/index.php?rest_route=\/tribe\/events\/v1\/tags\/31","collection":"https:\/\/blog.londrina.pr.gov.br\/index.php?rest_route=\/tribe\/events\/v1\/tags"}}],"venue":{"id":52643,"author":"115","status":"publish","date":"2019-05-02 17:56:03","date_utc":"2019-05-02 20:56:03","modified":"2019-05-02 17:56:03","modified_utc":"2019-05-02 20:56:03","url":"https:\/\/blog.londrina.pr.gov.br\/?tribe_venue=cine-teatro-ouro-verde","venue":"Cine Teatro Ouro Verde","slug":"cine-teatro-ouro-verde","address":"RUA MARANH\u00c3O, 85, CENTRO","city":"Londrina","country":"Brazil","province":"PR","stateprovince":"PR","json_ld":{"@type":"Place","name":"Cine Teatro Ouro Verde","description":"","url":"https:\/\/blog.londrina.pr.gov.br\/?tribe_venue=cine-teatro-ouro-verde","address":{"@type":"PostalAddress","streetAddress":"RUA MARANH\u00c3O, 85, CENTRO","addressLocality":"Londrina","addressRegion":"PR","addressCountry":"Brazil"},"telephone":"","sameAs":""},"show_map":true,"show_map_link":true,"global_id":"blog.londrina.pr.gov.br?id=52643","global_id_lineage":["blog.londrina.pr.gov.br?id=52643"]},"organizer":[{"id":63270,"author":"115","status":"publish","date":"2019-10-09 17:32:24","date_utc":"2019-10-09 20:32:24","modified":"2019-10-09 17:32:24","modified_utc":"2019-10-09 20:32:24","url":"https:\/\/blog.londrina.pr.gov.br\/?tribe_organizer=17o-festival-de-danca-de-londrina","organizer":"17\u00ba Festival de Dan\u00e7a de Londrina","slug":"17o-festival-de-danca-de-londrina","website":"www.festivaldedancadelondrina.art.br","json_ld":{"@type":"Person","name":"17\u00ba Festival de Dan\u00e7a de Londrina","description":"","url":"https:\/\/blog.londrina.pr.gov.br\/?tribe_organizer=17o-festival-de-danca-de-londrina","telephone":"","email":"","sameAs":"http:\/\/www.festivaldedancadelondrina.art.br"},"global_id":"blog.londrina.pr.gov.br?id=63270","global_id_lineage":["blog.londrina.pr.gov.br?id=63270"]},{"id":52772,"author":"115","status":"publish","date":"2019-05-03 17:51:43","date_utc":"2019-05-03 20:51:43","modified":"2019-05-03 17:51:43","modified_utc":"2019-05-03 20:51:43","url":"https:\/\/blog.londrina.pr.gov.br\/?tribe_organizer=aafml-associacao-de-amigos-do-festival-de-musica-de-londrina","organizer":"AAFML &#8211; Associa\u00e7\u00e3o de Amigos do Festival de M\u00fasica de Londrina","slug":"aafml-associacao-de-amigos-do-festival-de-musica-de-londrina","json_ld":{"@type":"Person","name":"AAFML &#8211; Associa\u00e7\u00e3o de Amigos do Festival de M\u00fasica de Londrina","description":"","url":"https:\/\/blog.londrina.pr.gov.br\/?tribe_organizer=aafml-associacao-de-amigos-do-festival-de-musica-de-londrina","telephone":"","email":"","sameAs":""},"global_id":"blog.londrina.pr.gov.br?id=52772","global_id_lineage":["blog.londrina.pr.gov.br?id=52772"]}],"json_ld":{"@context":"http:\/\/schema.org","@type":"Event","name":"Empty Floor &#8211;  17\u00ba Festival de Dan\u00e7a de Londrina","description":"&lt;p&gt;Em tradu\u00e7\u00e3o literal para o portugu\u00eas, \u201cEmpty Floor\u201d significa \u201cCh\u00e3o Vazio\u201d, decorre do desejo de explorar o universo oculto e privado das pessoas que enfrentam a doen\u00e7a de Alzheimer. Com esta montagem, a imPerfect Dancers Company, da It\u00e1lia, pretende mostrar que, mesmo por tr\u00e1s da dor e constrangimento que a doen\u00e7a possa causar, tamb\u00e9m podem &hellip;&lt;\/p&gt;\\n","url":"https:\/\/blog.londrina.pr.gov.br\/?tribe_events=empty-floor-17o-festival-de-danca-de-londrina","startDate":"2019-10-13T20:00:00-03:00","endDate":"2019-10-13T20:00:00-03:00","location":{"@type":"Place","name":"Cine Teatro Ouro Verde","description":"","url":"https:\/\/blog.londrina.pr.gov.br\/?tribe_venue=cine-teatro-ouro-verde","address":{"@type":"PostalAddress","streetAddress":"RUA MARANH\u00c3O, 85, CENTRO","addressLocality":"Londrina","addressRegion":"PR","addressCountry":"Brazil"},"telephone":"","sameAs":""},"organizer":{"@type":"Person","name":"17\u00ba Festival de Dan\u00e7a de Londrina","description":"","url":"https:\/\/blog.londrina.pr.gov.br\/?tribe_organizer=17o-festival-de-danca-de-londrina","telephone":"","email":"","sameAs":"http:\/\/www.festivaldedancadelondrina.art.br"},"offers":{"@type":"Offer","price":"10,00","priceCurrency":"R$","url":"https:\/\/blog.londrina.pr.gov.br\/?tribe_events=empty-floor-17o-festival-de-danca-de-londrina","category":"primary","availability":"inStock","validFrom":"1970-01-01T00:00:00+00:00"},"performer":"Organization"}}