{"id":63486,"global_id":"blog.londrina.pr.gov.br?id=63486","global_id_lineage":["blog.londrina.pr.gov.br?id=63486"],"author":"115","status":"publish","date":"2019-10-11 16:44:46","date_utc":"2019-10-11 19:44:46","modified":"2019-10-11 16:44:46","modified_utc":"2019-10-11 19:44:46","url":"https:\/\/blog.londrina.pr.gov.br\/?tribe_events=exposicao-de-livros-que-viraram-filmes&eventDate=2019-10-14","rest_url":"https:\/\/blog.londrina.pr.gov.br\/index.php?rest_route=\/tribe\/events\/v1\/events\/63486","title":"Exposi\u00e7\u00e3o de Livros que viraram filmes","description":"<p>A Biblioteca Ramal Vila Nova sediar\u00e1 uma exposi\u00e7\u00e3o de livros que viraram tema de filmes no cinema. A iniciativa faz parte das atividades da Semana Nacional do Livro e da Biblioteca e o per\u00edodo expositivo vai de 14 a 29 deste m\u00eas, das 8 \u00e0s 14 horas. Ser\u00e3o expostos cerca de 30 livros, dentre eles: PS Eu Te Amo; Floradas Na Cerra; O Escaravelho Do Diabo; O C\u00f3digo Da Vinci; A Cabana. A classifica\u00e7\u00e3o et\u00e1ria \u00e9 livre e a participa\u00e7\u00e3o \u00e9 gratuita.<\/p>\n<p>A Semana Nacional do Livro e da Biblioteca foi institu\u00edda em 9 de abril de 1980, pelo Decreto n\u00ba 84.631, sendo comemorada em todo territ\u00f3rio nacional entre os dias 23 e 29 de outubro. O objetivo \u00e9 incentivar a leitura e a constru\u00e7\u00e3o do conhecimento, por meio da difus\u00e3o do livro, da informa\u00e7\u00e3o e do acesso a diversas formas de manifesta\u00e7\u00f5es art\u00edsticas e culturais. A data tamb\u00e9m visa divulgar a profiss\u00e3o do bibliotec\u00e1rio e possibilitar o desenvolvimento deste profissional.<\/p>","excerpt":"","slug":"exposicao-de-livros-que-viraram-filmes","image":false,"all_day":false,"start_date":"2019-10-14 08:00:00","start_date_details":{"year":"2019","month":"10","day":"14","hour":"08","minutes":"00","seconds":"00"},"end_date":"2019-10-14 14:00:00","end_date_details":{"year":"2019","month":"10","day":"14","hour":"14","minutes":"00","seconds":"00"},"utc_start_date":"2019-10-14 11:00:00","utc_start_date_details":{"year":"2019","month":"10","day":"14","hour":"11","minutes":"00","seconds":"00"},"utc_end_date":"2019-10-14 17:00:00","utc_end_date_details":{"year":"2019","month":"10","day":"14","hour":"17","minutes":"00","seconds":"00"},"timezone":"America\/Sao_Paulo","timezone_abbr":"-03","cost":"","cost_details":{"currency_symbol":"","currency_position":"prefix","values":[]},"website":"","show_map":true,"show_map_link":true,"hide_from_listings":false,"sticky":false,"featured":false,"categories":[{"name":"Cultura","slug":"cultura","term_group":0,"term_taxonomy_id":699,"taxonomy":"tribe_events_cat","description":"","parent":0,"count":123,"filter":"raw","id":699,"urls":{"self":"https:\/\/blog.londrina.pr.gov.br\/index.php?rest_route=\/tribe\/events\/v1\/categories\/699","collection":"https:\/\/blog.londrina.pr.gov.br\/index.php?rest_route=\/tribe\/events\/v1\/categories"}}],"tags":[{"name":"biblioteca","slug":"biblioteca","term_group":0,"term_taxonomy_id":861,"taxonomy":"post_tag","description":"","parent":0,"count":60,"filter":"raw","id":861,"urls":{"self":"https:\/\/blog.londrina.pr.gov.br\/index.php?rest_route=\/tribe\/events\/v1\/tags\/861","collection":"https:\/\/blog.londrina.pr.gov.br\/index.php?rest_route=\/tribe\/events\/v1\/tags"}},{"name":"cultura","slug":"cultura","term_group":0,"term_taxonomy_id":42,"taxonomy":"post_tag","description":"","parent":0,"count":4448,"filter":"raw","id":42,"urls":{"self":"https:\/\/blog.londrina.pr.gov.br\/index.php?rest_route=\/tribe\/events\/v1\/tags\/42","collection":"https:\/\/blog.londrina.pr.gov.br\/index.php?rest_route=\/tribe\/events\/v1\/tags"}},{"name":"exposi\u00e7\u00e3o de livros","slug":"exposicao-de-livros","term_group":0,"term_taxonomy_id":2899,"taxonomy":"post_tag","description":"","parent":0,"count":3,"filter":"raw","id":2899,"urls":{"self":"https:\/\/blog.londrina.pr.gov.br\/index.php?rest_route=\/tribe\/events\/v1\/tags\/2899","collection":"https:\/\/blog.londrina.pr.gov.br\/index.php?rest_route=\/tribe\/events\/v1\/tags"}},{"name":"Semana Nacional do Livro e da Biblioteca","slug":"semana-nacional-do-livro-e-da-biblioteca","term_group":0,"term_taxonomy_id":4476,"taxonomy":"post_tag","description":"","parent":0,"count":20,"filter":"raw","id":4476,"urls":{"self":"https:\/\/blog.londrina.pr.gov.br\/index.php?rest_route=\/tribe\/events\/v1\/tags\/4476","collection":"https:\/\/blog.londrina.pr.gov.br\/index.php?rest_route=\/tribe\/events\/v1\/tags"}}],"venue":{"id":63488,"author":"115","status":"publish","date":"2019-10-11 16:44:47","date_utc":"2019-10-11 19:44:47","modified":"2019-10-11 16:44:47","modified_utc":"2019-10-11 19:44:47","url":"https:\/\/blog.londrina.pr.gov.br\/?tribe_venue=biblioteca-ramal-vila-nova","venue":"Biblioteca Ramal Vila Nova","slug":"biblioteca-ramal-vila-nova","address":"Rua Purus, 45","city":"Londrina","country":"Brazil","province":"PR","stateprovince":"PR","json_ld":{"@type":"Place","name":"Biblioteca Ramal Vila Nova","description":"","url":"https:\/\/blog.londrina.pr.gov.br\/?tribe_venue=biblioteca-ramal-vila-nova","address":{"@type":"PostalAddress","streetAddress":"Rua Purus, 45","addressLocality":"Londrina","addressRegion":"PR","addressCountry":"Brazil"},"telephone":"","sameAs":""},"show_map":true,"show_map_link":true,"global_id":"blog.londrina.pr.gov.br?id=63488","global_id_lineage":["blog.londrina.pr.gov.br?id=63488"]},"organizer":[{"id":49239,"author":"112","status":"publish","date":"2019-03-15 11:38:02","date_utc":"2019-03-15 14:38:02","modified":"2019-03-15 11:38:02","modified_utc":"2019-03-15 14:38:02","url":"https:\/\/blog.londrina.pr.gov.br\/?tribe_organizer=secretaria-municipal-de-cultura","organizer":"Secretaria Municipal de Cultura","slug":"secretaria-municipal-de-cultura","website":"http:\/\/www1.londrina.pr.gov.br\/index.php?option=com_content&view=frontpageplus&Itemid=275","json_ld":{"@type":"Person","name":"Secretaria Municipal de Cultura","description":"","url":"https:\/\/blog.londrina.pr.gov.br\/?tribe_organizer=secretaria-municipal-de-cultura","telephone":"","email":"","sameAs":"http:\/\/www1.londrina.pr.gov.br\/index.php?option=com_content&#038;view=frontpageplus&#038;Itemid=275"},"global_id":"blog.londrina.pr.gov.br?id=49239","global_id_lineage":["blog.londrina.pr.gov.br?id=49239"]}],"json_ld":{"@context":"http:\/\/schema.org","@type":"Event","name":"Exposi\u00e7\u00e3o de Livros que viraram filmes","description":"&lt;p&gt;A Biblioteca Ramal Vila Nova sediar\u00e1 uma exposi\u00e7\u00e3o de livros que viraram tema de filmes no cinema. A iniciativa faz parte das atividades da Semana Nacional do Livro e da Biblioteca e o per\u00edodo expositivo vai de 14 a 29 deste m\u00eas, das 8 \u00e0s 14 horas. Ser\u00e3o expostos cerca de 30 livros, dentre eles: &hellip;&lt;\/p&gt;\\n","url":"https:\/\/blog.londrina.pr.gov.br\/?tribe_events=exposicao-de-livros-que-viraram-filmes&eventDate=2019-10-14","startDate":"2019-10-14T08:00:00-03:00","endDate":"2019-10-14T14:00:00-03:00","location":{"@type":"Place","name":"Biblioteca Ramal Vila Nova","description":"","url":"https:\/\/blog.londrina.pr.gov.br\/?tribe_venue=biblioteca-ramal-vila-nova","address":{"@type":"PostalAddress","streetAddress":"Rua Purus, 45","addressLocality":"Londrina","addressRegion":"PR","addressCountry":"Brazil"},"telephone":"","sameAs":""},"organizer":{"@type":"Person","name":"Secretaria Municipal de Cultura","description":"","url":"https:\/\/blog.londrina.pr.gov.br\/?tribe_organizer=secretaria-municipal-de-cultura","telephone":"","email":"","sameAs":"http:\/\/www1.londrina.pr.gov.br\/index.php?option=com_content&#038;view=frontpageplus&#038;Itemid=275"},"performer":"Organization"}}