{"id":63500,"global_id":"blog.londrina.pr.gov.br?id=63500","global_id_lineage":["blog.londrina.pr.gov.br?id=63500"],"author":"115","status":"publish","date":"2019-10-11 16:47:27","date_utc":"2019-10-11 19:47:27","modified":"2019-10-11 16:47:27","modified_utc":"2019-10-11 19:47:27","url":"https:\/\/blog.londrina.pr.gov.br\/?tribe_events=pulses-17o-festival-de-danca-de-londrina","rest_url":"https:\/\/blog.londrina.pr.gov.br\/index.php?rest_route=\/tribe\/events\/v1\/events\/63500","title":"Pulse(s) &#8211; 17\u00ba Festival de Dan\u00e7a de Londrina","description":"<p>Treinado desde a inf\u00e2ncia \u00e0s dan\u00e7as tradicionais do Magrebe (regi\u00e3o Noroeste da \u00c1frica) e \u00e0 m\u00fasica \u00e1rabe-andaluza, o multiartista Cie Filipe Louren\u00e7o retorna aos seus primeiros amores coreogr\u00e1ficos, questionando a pr\u00f3pria heran\u00e7a dessas culturas ancestrais, no espet\u00e1culo \u201cPulse(s)\u201d, que ser\u00e1 apresentado nesta sexta-feira (11), \u00e0s 20 horas, no Teatro Ouro Verde, como parte da programa\u00e7\u00e3o do 17\u00ba Festival de Dan\u00e7a de Londrina, que segue at\u00e9 o dia 13 de outubro.<\/p>\n<p>No palco, atua como bailarino, contador de hist\u00f3rias e m\u00fasico, revivendo a mem\u00f3ria de dan\u00e7as como allawi, tuaregue e argel, muitas vezes reduzidas \u00e0 sua dimens\u00e3o folcl\u00f3rica. Assim, coloca-as no centro de um di\u00e1logo aberto com o contempor\u00e2neo ao trazer os significados sociais e rituais dessas dan\u00e7as que produzem todo um conjunto de gestos minimalistas.<\/p>\n<p><strong>Servi\u00e7o:<\/strong><br \/>\nPulse(s) \u2013 Cie Filipe Louren\u00e7o (Fran\u00e7a)<br \/>\nDia 11 de outubro (sexta-feira), \u00e0s 20h, Teatro Ouro Verde (R. Maranh\u00e3o, 85)<br \/>\nClassifica\u00e7\u00e3o indicativa: Livre<br \/>\nIngressos: R$10 e R$5 (meia-entrada)<\/p>\n<p><strong>Bilheterias:<\/strong><br \/>\n<strong>Secretaria da Funcart<\/strong><br \/>\nRua Senador Souza Naves, 2380<br \/>\nFone: (43) 3342-2362<br \/>\nHor\u00e1rio de funcionamento: de segunda a sexta-feira, das 9h30 \u00e0s 11h30 e das 13h \u00e0s 19h<\/p>\n<p><strong>Teatro Ouro Verde<\/strong><br \/>\nRua Maranh\u00e3o, 85<br \/>\nFone: (43) 3322-6381<br \/>\nHor\u00e1rio de funcionamento: das 14h at\u00e9 o in\u00edcio do espet\u00e1culo<\/p>\n<p><strong>Vendas On-line \u2013 Portal Sympla<\/strong><br \/>\nwww.portalsympla.com.br\/festivaldedancadelondrina<\/p>","excerpt":"","slug":"pulses-17o-festival-de-danca-de-londrina","image":false,"all_day":false,"start_date":"2019-10-11 20:00:00","start_date_details":{"year":"2019","month":"10","day":"11","hour":"20","minutes":"00","seconds":"00"},"end_date":"2019-10-11 22:00:00","end_date_details":{"year":"2019","month":"10","day":"11","hour":"22","minutes":"00","seconds":"00"},"utc_start_date":"2019-10-11 23:00:00","utc_start_date_details":{"year":"2019","month":"10","day":"11","hour":"23","minutes":"00","seconds":"00"},"utc_end_date":"2019-10-12 01:00:00","utc_end_date_details":{"year":"2019","month":"10","day":"12","hour":"01","minutes":"00","seconds":"00"},"timezone":"America\/Sao_Paulo","timezone_abbr":"-03","cost":"R$10","cost_details":{"currency_symbol":"R$","currency_position":"prefix","values":["10"]},"website":"www.festivaldedancadelondrina.art.br","show_map":true,"show_map_link":true,"hide_from_listings":false,"sticky":false,"featured":false,"categories":[{"name":"Cultura","slug":"cultura","term_group":0,"term_taxonomy_id":699,"taxonomy":"tribe_events_cat","description":"","parent":0,"count":123,"filter":"raw","id":699,"urls":{"self":"https:\/\/blog.londrina.pr.gov.br\/index.php?rest_route=\/tribe\/events\/v1\/categories\/699","collection":"https:\/\/blog.londrina.pr.gov.br\/index.php?rest_route=\/tribe\/events\/v1\/categories"}}],"tags":[{"name":"cultura","slug":"cultura","term_group":0,"term_taxonomy_id":42,"taxonomy":"post_tag","description":"","parent":0,"count":4449,"filter":"raw","id":42,"urls":{"self":"https:\/\/blog.londrina.pr.gov.br\/index.php?rest_route=\/tribe\/events\/v1\/tags\/42","collection":"https:\/\/blog.londrina.pr.gov.br\/index.php?rest_route=\/tribe\/events\/v1\/tags"}},{"name":"Festival de Dan\u00e7a de Londrina","slug":"festival-de-danca-de-londrina","term_group":0,"term_taxonomy_id":4243,"taxonomy":"post_tag","description":"","parent":0,"count":25,"filter":"raw","id":4243,"urls":{"self":"https:\/\/blog.londrina.pr.gov.br\/index.php?rest_route=\/tribe\/events\/v1\/tags\/4243","collection":"https:\/\/blog.londrina.pr.gov.br\/index.php?rest_route=\/tribe\/events\/v1\/tags"}},{"name":"Funcart","slug":"funcart","term_group":0,"term_taxonomy_id":41,"taxonomy":"post_tag","description":"","parent":0,"count":119,"filter":"raw","id":41,"urls":{"self":"https:\/\/blog.londrina.pr.gov.br\/index.php?rest_route=\/tribe\/events\/v1\/tags\/41","collection":"https:\/\/blog.londrina.pr.gov.br\/index.php?rest_route=\/tribe\/events\/v1\/tags"}},{"name":"promic","slug":"promic","term_group":0,"term_taxonomy_id":270,"taxonomy":"post_tag","description":"","parent":0,"count":1355,"filter":"raw","id":270,"urls":{"self":"https:\/\/blog.londrina.pr.gov.br\/index.php?rest_route=\/tribe\/events\/v1\/tags\/270","collection":"https:\/\/blog.londrina.pr.gov.br\/index.php?rest_route=\/tribe\/events\/v1\/tags"}},{"name":"Teatro Ouro Verde","slug":"teatro-ouro-verde","term_group":0,"term_taxonomy_id":804,"taxonomy":"post_tag","description":"","parent":0,"count":23,"filter":"raw","id":804,"urls":{"self":"https:\/\/blog.londrina.pr.gov.br\/index.php?rest_route=\/tribe\/events\/v1\/tags\/804","collection":"https:\/\/blog.londrina.pr.gov.br\/index.php?rest_route=\/tribe\/events\/v1\/tags"}},{"name":"UEL","slug":"uel","term_group":0,"term_taxonomy_id":31,"taxonomy":"post_tag","description":"","parent":0,"count":284,"filter":"raw","id":31,"urls":{"self":"https:\/\/blog.londrina.pr.gov.br\/index.php?rest_route=\/tribe\/events\/v1\/tags\/31","collection":"https:\/\/blog.londrina.pr.gov.br\/index.php?rest_route=\/tribe\/events\/v1\/tags"}}],"venue":{"id":52645,"author":"115","status":"publish","date":"2019-05-02 17:56:04","date_utc":"2019-05-02 20:56:04","modified":"2019-05-02 17:56:04","modified_utc":"2019-05-02 20:56:04","url":"https:\/\/blog.londrina.pr.gov.br\/?tribe_venue=cine-teatro-ouro-verde-2","venue":"Cine Teatro Ouro Verde","slug":"cine-teatro-ouro-verde-2","address":"RUA MARANH\u00c3O, 85, CENTRO","city":"Londrina","country":"Brazil","province":"PR","stateprovince":"PR","json_ld":{"@type":"Place","name":"Cine Teatro Ouro Verde","description":"","url":"https:\/\/blog.londrina.pr.gov.br\/?tribe_venue=cine-teatro-ouro-verde-2","address":{"@type":"PostalAddress","streetAddress":"RUA MARANH\u00c3O, 85, CENTRO","addressLocality":"Londrina","addressRegion":"PR","addressCountry":"Brazil"},"telephone":"","sameAs":""},"show_map":true,"show_map_link":true,"global_id":"blog.londrina.pr.gov.br?id=52645","global_id_lineage":["blog.londrina.pr.gov.br?id=52645"]},"organizer":[{"id":63270,"author":"115","status":"publish","date":"2019-10-09 17:32:24","date_utc":"2019-10-09 20:32:24","modified":"2019-10-09 17:32:24","modified_utc":"2019-10-09 20:32:24","url":"https:\/\/blog.londrina.pr.gov.br\/?tribe_organizer=17o-festival-de-danca-de-londrina","organizer":"17\u00ba Festival de Dan\u00e7a de Londrina","slug":"17o-festival-de-danca-de-londrina","website":"www.festivaldedancadelondrina.art.br","json_ld":{"@type":"Person","name":"17\u00ba Festival de Dan\u00e7a de Londrina","description":"","url":"https:\/\/blog.londrina.pr.gov.br\/?tribe_organizer=17o-festival-de-danca-de-londrina","telephone":"","email":"","sameAs":"http:\/\/www.festivaldedancadelondrina.art.br"},"global_id":"blog.londrina.pr.gov.br?id=63270","global_id_lineage":["blog.londrina.pr.gov.br?id=63270"]}],"json_ld":{"@context":"http:\/\/schema.org","@type":"Event","name":"Pulse(s) &#8211; 17\u00ba Festival de Dan\u00e7a de Londrina","description":"&lt;p&gt;Treinado desde a inf\u00e2ncia \u00e0s dan\u00e7as tradicionais do Magrebe (regi\u00e3o Noroeste da \u00c1frica) e \u00e0 m\u00fasica \u00e1rabe-andaluza, o multiartista Cie Filipe Louren\u00e7o retorna aos seus primeiros amores coreogr\u00e1ficos, questionando a pr\u00f3pria heran\u00e7a dessas culturas ancestrais, no espet\u00e1culo \u201cPulse(s)\u201d, que ser\u00e1 apresentado nesta sexta-feira (11), \u00e0s 20 horas, no Teatro Ouro Verde, como parte da programa\u00e7\u00e3o &hellip;&lt;\/p&gt;\\n","url":"https:\/\/blog.londrina.pr.gov.br\/?tribe_events=pulses-17o-festival-de-danca-de-londrina","startDate":"2019-10-11T20:00:00-03:00","endDate":"2019-10-11T22:00:00-03:00","location":{"@type":"Place","name":"Cine Teatro Ouro Verde","description":"","url":"https:\/\/blog.londrina.pr.gov.br\/?tribe_venue=cine-teatro-ouro-verde-2","address":{"@type":"PostalAddress","streetAddress":"RUA MARANH\u00c3O, 85, CENTRO","addressLocality":"Londrina","addressRegion":"PR","addressCountry":"Brazil"},"telephone":"","sameAs":""},"organizer":{"@type":"Person","name":"17\u00ba Festival de Dan\u00e7a de Londrina","description":"","url":"https:\/\/blog.londrina.pr.gov.br\/?tribe_organizer=17o-festival-de-danca-de-londrina","telephone":"","email":"","sameAs":"http:\/\/www.festivaldedancadelondrina.art.br"},"offers":{"@type":"Offer","price":"10","priceCurrency":"R$","url":"https:\/\/blog.londrina.pr.gov.br\/?tribe_events=pulses-17o-festival-de-danca-de-londrina","category":"primary","availability":"inStock","validFrom":"1970-01-01T00:00:00+00:00"},"performer":"Organization"}}