{"id":64721,"global_id":"blog.londrina.pr.gov.br?id=64721","global_id_lineage":["blog.londrina.pr.gov.br?id=64721"],"author":"115","status":"publish","date":"2019-10-30 17:25:56","date_utc":"2019-10-30 20:25:56","modified":"2019-10-30 17:25:56","modified_utc":"2019-10-30 20:25:56","url":"https:\/\/blog.londrina.pr.gov.br\/?tribe_events=3o-simposio-municipal-de-residencias-em-saude","rest_url":"https:\/\/blog.londrina.pr.gov.br\/index.php?rest_route=\/tribe\/events\/v1\/events\/64721","title":"3\u00ba Simp\u00f3sio Municipal de Resid\u00eancias em Sa\u00fade","description":"<p>No dia 9 de novembro ser\u00e1 realizado o 3\u00ba Simp\u00f3sio Municipal de Resid\u00eancias em Sa\u00fade, promovido pela Prefeitura de Londrina por meio da Comiss\u00e3o de Resid\u00eancia M\u00e9dica (COREME) da Secretaria Municipal de Sa\u00fade (SMS). Voltado a profissionais e acad\u00eamicos da \u00e1rea, o evento ir\u00e1 abordar o tema \u201cViol\u00eancia: impactos na sa\u00fade\u201d. As inscri\u00e7\u00f5es j\u00e1 podem ser feitas pelo site <a href=\"https:\/\/docs.google.com\/forms\/d\/e\/1FAIpQLSfLnAjdI-jFDnDM0_fpkZeGO67E7jifZnmnzCWI84Uwwre1qg\/viewform?vc=0&amp;c=0&amp;w=1\" target=\"_blank\" rel=\"noopener noreferrer\"><strong>bit.do\/coreme<\/strong><\/a>.<\/p>\n<p>O prazo para submiss\u00e3o de trabalhos para o simp\u00f3sio, na modalidade p\u00f4ster, encerra em 4 de novembro. Ser\u00e3o aceitos trabalhos conclu\u00eddos ou em andamento, nas categorias pesquisa original, revis\u00e3o bibliogr\u00e1fica ou cl\u00ednica, relatos de caso ou experi\u00eancia. O material deve ser encaminhado pelo e-mail\u00a0<a href=\"mailto:pmlcoreme@gmail.com\">pmlcoreme@gmail.com<\/a>, e as regras podem ser conferidas na fanpage do Simp\u00f3sio, link\u00a0<strong><a href=\"http:\/\/www.facebook.com\/SimposioMunicipal\" target=\"_blank\" rel=\"noopener noreferrer\">www.facebook.com\/SimposioMunicipal<\/a><\/strong>.<\/p>\n<p><strong>Programa\u00e7\u00e3o<\/strong> \u2013 O simp\u00f3sio ir\u00e1 ocorrer no audit\u00f3rio da Prefeitura, localizado na Avenida Duque de Caxias, 635, segundo andar. A programa\u00e7\u00e3o ter\u00e1 in\u00edcio \u00e0s 8 horas, com a solenidade de abertura. Na primeira mesa, \u00e0s 8h30, a psic\u00f3loga do Consult\u00f3rio na Rua da SMS Sara Gladys Toninato, e a chefe do Departamento de Sa\u00fade Coletiva da UEL, Marselle Nobre de Carvalho, v\u00e3o falar sobre a tem\u00e1tica \u201cViol\u00eancia: crian\u00e7as, mulheres, idosos, LGBTI\u201d. \u00c0s 10h30, o t\u00f3pico abordado ser\u00e1 \u201cTerapia Comunit\u00e1ria Integrativa: Experimentando a Pot\u00eancia\u201d, com uma pr\u00e1tica envolvendo todos os participantes.<\/p>\n<p>Ap\u00f3s o intervalo para o almo\u00e7o, o simp\u00f3sio ser\u00e1 retomado com a tem\u00e1tica \u201cViol\u00eancia na sa\u00fade: impactos e enfrentamento\u201d, conduzida pelos m\u00e9dicos de Fam\u00edlia e Comunidade (MFC) Helena Fernandes Ferraz, do Rio de Janeiro, e Francisco Carlos Mouzinho de Oliveira, de Curitiba. Logo ap\u00f3s, \u00e0s 15 horas, a \u00faltima mesa trar\u00e1 representantes de Maring\u00e1, Curitiba, Apucarana e Londrina, para falar sobre Resid\u00eancias de Sa\u00fade Integradas: Experi\u00eancias Regionais. A agenda finaliza com a apresenta\u00e7\u00e3o dos p\u00f4steres, a partir das 16 horas.<\/p>","excerpt":"","slug":"3o-simposio-municipal-de-residencias-em-saude","image":false,"all_day":false,"start_date":"2019-11-09 08:00:00","start_date_details":{"year":"2019","month":"11","day":"09","hour":"08","minutes":"00","seconds":"00"},"end_date":"2019-11-09 18:00:00","end_date_details":{"year":"2019","month":"11","day":"09","hour":"18","minutes":"00","seconds":"00"},"utc_start_date":"2019-11-09 11:00:00","utc_start_date_details":{"year":"2019","month":"11","day":"09","hour":"11","minutes":"00","seconds":"00"},"utc_end_date":"2019-11-09 21:00:00","utc_end_date_details":{"year":"2019","month":"11","day":"09","hour":"21","minutes":"00","seconds":"00"},"timezone":"America\/Sao_Paulo","timezone_abbr":"-03","cost":"","cost_details":{"currency_symbol":"","currency_position":"prefix","values":[]},"website":"\u00a0www.facebook.com\/SimposioMunicipal","show_map":true,"show_map_link":true,"hide_from_listings":false,"sticky":false,"featured":false,"categories":[{"name":"Sa\u00fade","slug":"saude","term_group":0,"term_taxonomy_id":1005,"taxonomy":"tribe_events_cat","description":"","parent":0,"count":19,"filter":"raw","id":1005,"urls":{"self":"https:\/\/blog.londrina.pr.gov.br\/index.php?rest_route=\/tribe\/events\/v1\/categories\/1005","collection":"https:\/\/blog.londrina.pr.gov.br\/index.php?rest_route=\/tribe\/events\/v1\/categories"}}],"tags":[{"name":"COREME","slug":"coreme","term_group":0,"term_taxonomy_id":4871,"taxonomy":"post_tag","description":"","parent":0,"count":4,"filter":"raw","id":4871,"urls":{"self":"https:\/\/blog.londrina.pr.gov.br\/index.php?rest_route=\/tribe\/events\/v1\/tags\/4871","collection":"https:\/\/blog.londrina.pr.gov.br\/index.php?rest_route=\/tribe\/events\/v1\/tags"}},{"name":"Resid\u00eancia M\u00e9dica","slug":"residencia-medica","term_group":0,"term_taxonomy_id":749,"taxonomy":"post_tag","description":"","parent":0,"count":10,"filter":"raw","id":749,"urls":{"self":"https:\/\/blog.londrina.pr.gov.br\/index.php?rest_route=\/tribe\/events\/v1\/tags\/749","collection":"https:\/\/blog.londrina.pr.gov.br\/index.php?rest_route=\/tribe\/events\/v1\/tags"}},{"name":"sa\u00fade","slug":"saude","term_group":0,"term_taxonomy_id":58,"taxonomy":"post_tag","description":"","parent":0,"count":3159,"filter":"raw","id":58,"urls":{"self":"https:\/\/blog.londrina.pr.gov.br\/index.php?rest_route=\/tribe\/events\/v1\/tags\/58","collection":"https:\/\/blog.londrina.pr.gov.br\/index.php?rest_route=\/tribe\/events\/v1\/tags"}},{"name":"Simp\u00f3sio Municipal de Resid\u00eancias em Sa\u00fade","slug":"simposio-municipal-de-residencias-em-saude","term_group":0,"term_taxonomy_id":4765,"taxonomy":"post_tag","description":"","parent":0,"count":4,"filter":"raw","id":4765,"urls":{"self":"https:\/\/blog.londrina.pr.gov.br\/index.php?rest_route=\/tribe\/events\/v1\/tags\/4765","collection":"https:\/\/blog.londrina.pr.gov.br\/index.php?rest_route=\/tribe\/events\/v1\/tags"}}],"venue":{"id":50690,"author":"118","status":"publish","date":"2019-04-01 09:32:51","date_utc":"2019-04-01 12:32:51","modified":"2020-06-09 13:02:22","modified_utc":"2020-06-09 16:02:22","url":"https:\/\/blog.londrina.pr.gov.br\/?tribe_venue=auditorio-da-prefeitura-de-londrina","venue":"Audit\u00f3rio da Prefeitura de Londrina","slug":"auditorio-da-prefeitura-de-londrina","address":"Avenida Duque de Caxias, 635, segundo andar","city":"Londrina","country":"Brazil","province":"PR","zip":"86015-901","stateprovince":"PR","json_ld":{"@type":"Place","name":"Audit\u00f3rio da Prefeitura de Londrina","description":"","url":"https:\/\/blog.londrina.pr.gov.br\/?tribe_venue=auditorio-da-prefeitura-de-londrina","address":{"@type":"PostalAddress","streetAddress":"Avenida Duque de Caxias, 635, segundo andar","addressLocality":"Londrina","addressRegion":"PR","postalCode":"86015-901","addressCountry":"Brazil"},"telephone":"","sameAs":""},"show_map":true,"show_map_link":true,"global_id":"blog.londrina.pr.gov.br?id=50690","global_id_lineage":["blog.londrina.pr.gov.br?id=50690"]},"organizer":[{"id":49275,"author":"115","status":"publish","date":"2019-03-15 14:28:40","date_utc":"2019-03-15 17:28:40","modified":"2019-03-15 14:28:40","modified_utc":"2019-03-15 17:28:40","url":"https:\/\/blog.londrina.pr.gov.br\/?tribe_organizer=secretaria-municipal-de-saude","organizer":"Secretaria Municipal de Sa\u00fade","slug":"secretaria-municipal-de-saude","phone":"3372-9430","json_ld":{"@type":"Person","name":"Secretaria Municipal de Sa\u00fade","description":"","url":"https:\/\/blog.londrina.pr.gov.br\/?tribe_organizer=secretaria-municipal-de-saude","telephone":"3372-9430","email":"","sameAs":""},"global_id":"blog.londrina.pr.gov.br?id=49275","global_id_lineage":["blog.londrina.pr.gov.br?id=49275"]}],"json_ld":{"@context":"http:\/\/schema.org","@type":"Event","name":"3\u00ba Simp\u00f3sio Municipal de Resid\u00eancias em Sa\u00fade","description":"&lt;p&gt;No dia 9 de novembro ser\u00e1 realizado o 3\u00ba Simp\u00f3sio Municipal de Resid\u00eancias em Sa\u00fade, promovido pela Prefeitura de Londrina por meio da Comiss\u00e3o de Resid\u00eancia M\u00e9dica (COREME) da Secretaria Municipal de Sa\u00fade (SMS). Voltado a profissionais e acad\u00eamicos da \u00e1rea, o evento ir\u00e1 abordar o tema \u201cViol\u00eancia: impactos na sa\u00fade\u201d. As inscri\u00e7\u00f5es j\u00e1 podem &hellip;&lt;\/p&gt;\\n","url":"https:\/\/blog.londrina.pr.gov.br\/?tribe_events=3o-simposio-municipal-de-residencias-em-saude","startDate":"2019-11-09T08:00:00-03:00","endDate":"2019-11-09T18:00:00-03:00","location":{"@type":"Place","name":"Audit\u00f3rio da Prefeitura de Londrina","description":"","url":"https:\/\/blog.londrina.pr.gov.br\/?tribe_venue=auditorio-da-prefeitura-de-londrina","address":{"@type":"PostalAddress","streetAddress":"Avenida Duque de Caxias, 635, segundo andar","addressLocality":"Londrina","addressRegion":"PR","postalCode":"86015-901","addressCountry":"Brazil"},"telephone":"","sameAs":""},"organizer":{"@type":"Person","name":"Secretaria Municipal de Sa\u00fade","description":"","url":"https:\/\/blog.londrina.pr.gov.br\/?tribe_organizer=secretaria-municipal-de-saude","telephone":"3372-9430","email":"","sameAs":""},"performer":"Organization"}}