{"id":64724,"global_id":"blog.londrina.pr.gov.br?id=64724","global_id_lineage":["blog.londrina.pr.gov.br?id=64724"],"author":"115","status":"publish","date":"2019-10-30 17:35:09","date_utc":"2019-10-30 20:35:09","modified":"2019-10-30 17:35:09","modified_utc":"2019-10-30 20:35:09","url":"https:\/\/blog.londrina.pr.gov.br\/?tribe_events=iii-forum-da-regiao-de-londrina-de-prevencao-em-ist-aids","rest_url":"https:\/\/blog.londrina.pr.gov.br\/index.php?rest_route=\/tribe\/events\/v1\/events\/64724","title":"III F\u00f3rum da Regi\u00e3o de Londrina de Preven\u00e7\u00e3o em IST\/AIDS","description":"<p>A Secretaria Municipal de Sa\u00fade ir\u00e1 promover o III F\u00f3rum da Regi\u00e3o de Londrina de Preven\u00e7\u00e3o em IST\/AIDS e\u00a0 a 2\u00aa Mostra de Experi\u00eancia em IST\/HIV\/AIDS\/TB\/Hepatites Virais, no dia 29 de novembro, das 8 \u00e0s 17h30, no SEST\/SENAT. O evento vai reunir uma s\u00e9rie de atividades desenvolvidas em torno do Dia Mundial de Luta Contra a Aids, celebrado em 1 de dezembro.<\/p>\n<p>O f\u00f3rum \u00e9 voltado a trabalhadores de sa\u00fade, agentes de endemias, ONGS, institui\u00e7\u00f5es de ensino superior, hospitais e comunidade em geral com interesse no assunto e objetiva a melhoria da promo\u00e7\u00e3o \u00e0 sa\u00fade e \u00e0 preven\u00e7\u00e3o das IST\/HIV\/Hepatites B e C e Tuberculose.<\/p>\n<p><strong>Programa\u00e7\u00e3o \u2013<\/strong>\u00a0\u00c0s 8h30, a enfermeira Mara Carmen Franzoloso, da Secretaria de Sa\u00fade do Paran\u00e1, vai discorrer sobre Pol\u00edtica Nacional de HIV\/IST: Avan\u00e7os e retrocessos nas estrat\u00e9gias de preven\u00e7\u00e3o. Na sequ\u00eancia, \u00e0s 9h30, o presidente da Associa\u00e7\u00e3o Londrinense Interdisciplinar de AIDS (ALIA), Roni Lima, ministrar\u00e1 a palestra \u201c30 anos ALIA \u2013 estigma, preconceito e morte social na quarta d\u00e9cada de epidemia de HIV\/Aids.<\/p>\n<p>\u00c0s 1010, ser\u00e1 apresentado o document\u00e1rio \u201cAl\u00e9m do v\u00edrus: a hist\u00f3ria invis\u00edvel do HIV\u201d, produ\u00e7\u00e3o de alunas de jornalismo da Universidade Estadual de Londrina (UEL). No per\u00edodo da tarde, \u00e0s 13h30, o f\u00f3rum prossegue com a palestra \u201cPerspectiva de tratamento com antirretrovirais\u201d, com o m\u00e9dico infectologista Jan Walter Stegmann. \u00c0s 14h10, mais uma palestra: sobre antirretrovirais na preven\u00e7\u00e3o do HIV: PEP, com o enfermeiro do CTA, Edvilson Lentine.<\/p>\n<p>A \u00faltima palestra, \u00e0s 15h15, ser\u00e1 sobre \u201cImplanta\u00e7\u00e3o da PEP nos munic\u00edpios da 17\u00aa Regional de Sa\u00fade, com o enfermeiro da 17\u00aa Regional de Sa\u00fade, Luiz Toshio. Finalizando o f\u00f3rum, \u00e0s 16 horas, haver\u00e1 apresenta\u00e7\u00e3o de trabalhos e discuss\u00e3o.<\/p>","excerpt":"","slug":"iii-forum-da-regiao-de-londrina-de-prevencao-em-ist-aids","image":false,"all_day":false,"start_date":"2019-11-29 08:30:00","start_date_details":{"year":"2019","month":"11","day":"29","hour":"08","minutes":"30","seconds":"00"},"end_date":"2019-11-29 16:30:00","end_date_details":{"year":"2019","month":"11","day":"29","hour":"16","minutes":"30","seconds":"00"},"utc_start_date":"2019-11-29 11:30:00","utc_start_date_details":{"year":"2019","month":"11","day":"29","hour":"11","minutes":"30","seconds":"00"},"utc_end_date":"2019-11-29 19:30:00","utc_end_date_details":{"year":"2019","month":"11","day":"29","hour":"19","minutes":"30","seconds":"00"},"timezone":"America\/Sao_Paulo","timezone_abbr":"-03","cost":"","cost_details":{"currency_symbol":"","currency_position":"prefix","values":[]},"website":"","show_map":true,"show_map_link":true,"hide_from_listings":false,"sticky":false,"featured":false,"categories":[{"name":"Sa\u00fade","slug":"saude","term_group":0,"term_taxonomy_id":1005,"taxonomy":"tribe_events_cat","description":"","parent":0,"count":19,"filter":"raw","id":1005,"urls":{"self":"https:\/\/blog.londrina.pr.gov.br\/index.php?rest_route=\/tribe\/events\/v1\/categories\/1005","collection":"https:\/\/blog.londrina.pr.gov.br\/index.php?rest_route=\/tribe\/events\/v1\/categories"}},{"name":"Servidores","slug":"funcionalismo","term_group":0,"term_taxonomy_id":747,"taxonomy":"tribe_events_cat","description":"","parent":0,"count":25,"filter":"raw","id":747,"urls":{"self":"https:\/\/blog.londrina.pr.gov.br\/index.php?rest_route=\/tribe\/events\/v1\/categories\/747","collection":"https:\/\/blog.londrina.pr.gov.br\/index.php?rest_route=\/tribe\/events\/v1\/categories"}}],"tags":[{"name":"Aids","slug":"aids","term_group":0,"term_taxonomy_id":3505,"taxonomy":"post_tag","description":"","parent":0,"count":31,"filter":"raw","id":3505,"urls":{"self":"https:\/\/blog.londrina.pr.gov.br\/index.php?rest_route=\/tribe\/events\/v1\/tags\/3505","collection":"https:\/\/blog.londrina.pr.gov.br\/index.php?rest_route=\/tribe\/events\/v1\/tags"}},{"name":"Dia Mundial de Luta Contra a Aids","slug":"dia-mundial-de-luta-contra-a-aids","term_group":0,"term_taxonomy_id":4886,"taxonomy":"post_tag","description":"","parent":0,"count":5,"filter":"raw","id":4886,"urls":{"self":"https:\/\/blog.londrina.pr.gov.br\/index.php?rest_route=\/tribe\/events\/v1\/tags\/4886","collection":"https:\/\/blog.londrina.pr.gov.br\/index.php?rest_route=\/tribe\/events\/v1\/tags"}},{"name":"F\u00f3rum da Regi\u00e3o de Londrina de Preven\u00e7\u00e3o em IST\/AIDS","slug":"forum-da-regiao-de-londrina-de-prevencao-em-ist-aids","term_group":0,"term_taxonomy_id":4887,"taxonomy":"post_tag","description":"","parent":0,"count":1,"filter":"raw","id":4887,"urls":{"self":"https:\/\/blog.londrina.pr.gov.br\/index.php?rest_route=\/tribe\/events\/v1\/tags\/4887","collection":"https:\/\/blog.londrina.pr.gov.br\/index.php?rest_route=\/tribe\/events\/v1\/tags"}},{"name":"Infec\u00e7\u00f5es Sexualmente Transmiss\u00edveis","slug":"infeccoes-sexualmente-transmissiveis","term_group":0,"term_taxonomy_id":4403,"taxonomy":"post_tag","description":"","parent":0,"count":21,"filter":"raw","id":4403,"urls":{"self":"https:\/\/blog.londrina.pr.gov.br\/index.php?rest_route=\/tribe\/events\/v1\/tags\/4403","collection":"https:\/\/blog.londrina.pr.gov.br\/index.php?rest_route=\/tribe\/events\/v1\/tags"}},{"name":"sa\u00fade","slug":"saude","term_group":0,"term_taxonomy_id":58,"taxonomy":"post_tag","description":"","parent":0,"count":3159,"filter":"raw","id":58,"urls":{"self":"https:\/\/blog.londrina.pr.gov.br\/index.php?rest_route=\/tribe\/events\/v1\/tags\/58","collection":"https:\/\/blog.londrina.pr.gov.br\/index.php?rest_route=\/tribe\/events\/v1\/tags"}}],"venue":{"id":64727,"author":"115","status":"publish","date":"2019-10-30 17:35:10","date_utc":"2019-10-30 20:35:10","modified":"2019-10-30 17:35:10","modified_utc":"2019-10-30 20:35:10","url":"https:\/\/blog.londrina.pr.gov.br\/?tribe_venue=sest-senat-2","venue":"SEST\/SENAT","slug":"sest-senat-2","address":"Rua Santa Teresinha, 1377","city":"Londrina","country":"Brazil","province":"PR","stateprovince":"PR","json_ld":{"@type":"Place","name":"SEST\/SENAT","description":"","url":"https:\/\/blog.londrina.pr.gov.br\/?tribe_venue=sest-senat-2","address":{"@type":"PostalAddress","streetAddress":"Rua Santa Teresinha, 1377","addressLocality":"Londrina","addressRegion":"PR","addressCountry":"Brazil"},"telephone":"","sameAs":""},"show_map":true,"show_map_link":true,"global_id":"blog.londrina.pr.gov.br?id=64727","global_id_lineage":["blog.londrina.pr.gov.br?id=64727"]},"organizer":[{"id":49275,"author":"115","status":"publish","date":"2019-03-15 14:28:40","date_utc":"2019-03-15 17:28:40","modified":"2019-03-15 14:28:40","modified_utc":"2019-03-15 17:28:40","url":"https:\/\/blog.londrina.pr.gov.br\/?tribe_organizer=secretaria-municipal-de-saude","organizer":"Secretaria Municipal de Sa\u00fade","slug":"secretaria-municipal-de-saude","phone":"3372-9430","json_ld":{"@type":"Person","name":"Secretaria Municipal de Sa\u00fade","description":"","url":"https:\/\/blog.londrina.pr.gov.br\/?tribe_organizer=secretaria-municipal-de-saude","telephone":"3372-9430","email":"","sameAs":""},"global_id":"blog.londrina.pr.gov.br?id=49275","global_id_lineage":["blog.londrina.pr.gov.br?id=49275"]}],"json_ld":{"@context":"http:\/\/schema.org","@type":"Event","name":"III F\u00f3rum da Regi\u00e3o de Londrina de Preven\u00e7\u00e3o em IST\/AIDS","description":"&lt;p&gt;A Secretaria Municipal de Sa\u00fade ir\u00e1 promover o III F\u00f3rum da Regi\u00e3o de Londrina de Preven\u00e7\u00e3o em IST\/AIDS e\u00a0 a 2\u00aa Mostra de Experi\u00eancia em IST\/HIV\/AIDS\/TB\/Hepatites Virais, no dia 29 de novembro, das 8 \u00e0s 17h30, no SEST\/SENAT. O evento vai reunir uma s\u00e9rie de atividades desenvolvidas em torno do Dia Mundial de Luta Contra &hellip;&lt;\/p&gt;\\n","url":"https:\/\/blog.londrina.pr.gov.br\/?tribe_events=iii-forum-da-regiao-de-londrina-de-prevencao-em-ist-aids","startDate":"2019-11-29T08:30:00-03:00","endDate":"2019-11-29T16:30:00-03:00","location":{"@type":"Place","name":"SEST\/SENAT","description":"","url":"https:\/\/blog.londrina.pr.gov.br\/?tribe_venue=sest-senat-2","address":{"@type":"PostalAddress","streetAddress":"Rua Santa Teresinha, 1377","addressLocality":"Londrina","addressRegion":"PR","addressCountry":"Brazil"},"telephone":"","sameAs":""},"organizer":{"@type":"Person","name":"Secretaria Municipal de Sa\u00fade","description":"","url":"https:\/\/blog.londrina.pr.gov.br\/?tribe_organizer=secretaria-municipal-de-saude","telephone":"3372-9430","email":"","sameAs":""},"performer":"Organization"}}